{"id":1081,"date":"2015-09-19T08:20:00","date_gmt":"2015-09-19T06:20:00","guid":{"rendered":"https:\/\/lavoiedessansvoix.fr\/lavoie\/2015\/09\/19\/archive-michel-rocard-prophete-et-fondateur\/"},"modified":"2026-04-26T22:10:09","modified_gmt":"2026-04-26T20:10:09","slug":"archive-michel-rocard-prophete-et-fondateur","status":"publish","type":"post","link":"https:\/\/lavoiedessansvoix.fr\/lavoie\/2015\/09\/19\/archive-michel-rocard-prophete-et-fondateur\/","title":{"rendered":"MICHEL ROCARD PROPH\u00c8TE ET FONDATEUR &#8230;..?"},"content":{"rendered":"<p>MICHEL ROCARD PROPH\u00c8TE ET FONDATEUR \u2026..?  Stabilit\u00e9 politique, s\u00e9curit\u00e9, niveau de vie, \u00ab d\u00e9mocratie \u00bb, l\u2019Europe est fi\u00e8re et se rengorge quand elle voit \u00ab toute la mis\u00e8re du monde \u00bb frapper \u00e0 sa porte. Elle est comme ces bourgeois \u00ab ventrus \u00bb qui \u00e0 la fin de XIX\u00e8me  et d\u00e9but du XX\u00e8me  si\u00e8cle se d\u00e9lectaient du spectacle de la mis\u00e8re dans la rue, le nez coll\u00e9 \u00e0  la vitrine de leur restaurants de luxe. A la porte de l\u2019\u00e9tablissement il y avait un liftier qui assurait leur qui\u00e9tude.  L\u2019Europe \u00ab civilis\u00e9e \u00bb, \u00ab bonne conscience du monde \u00bb et donneuses de le\u00e7ons en tout genre, assistait, semble-t-il effar\u00e9e, \u00e0 l\u2019Odyss\u00e9e des migrants venus du Moyen-Orient et de l\u2019Afrique Subsaharienne. Pleurait ses larmes de crocodiles sur les victimes de ce drame humain. Tenait des discours moralisateurs et humanistes, sur la diff\u00e9rence, l\u2019accueil, la libre circulation, l\u2019abolition des fronti\u00e8res, Schengen, l\u2019ouverture, la tol\u00e9rance, la solidarit\u00e9 l\u2019entraide. Ah qu\u2019elle \u00e9tait bonne l\u2019Europe au grand c\u0153ur et aux bras ouverts, qui fustigeait ceux qui se ferment \u00e0 autrui, se replient sur eux m\u00eame, stigmatisent l\u2019\u00e9tranger et refusent les nouveaux venus. L\u2019Allemagne, avait-elle quelque chose \u00e0 se faire pardonner ? Elle \u00e9tait en cette affaire en t\u00eate du mouvement des philanthropes. Mais tout \u00e0 coup \u00ab patatras \u00bb, leurs professions de foi n&rsquo;\u00e9taient que billeves\u00e9es. . Or c\u2019est l\u2019Allemagne \u00e0 nouveau qui donne l\u2019exemple, le mauvais cette fois, voil\u00e0 l\u2019Europe surprise en sa vrai nature, celle de Tartuffe.  Oubli\u00e9e la g\u00e9n\u00e9rosit\u00e9 et l\u2019hospitalit\u00e9,  Ces gens sont des salauds sans foi ni loi. Ils conviennent que le club ferm\u00e9 des nations imp\u00e9rialistes occidentales s\u2019arroge le droit de balader o\u00f9 bon lui semble ses capitaux pour exploiter au moindre  prix les \u00ab gisements \u00bb de main d\u2019\u0153uvres indig\u00e8nes et \u00ab plomber \u00bb le d\u00e9veloppement des \u00e9conomies vivri\u00e8res et autosuffisantes, sous-bassement indispensable de l\u2019ind\u00e9pendance politique des nations. Ils conviennent que l\u2019Europe, dans les pas de l\u2019Am\u00e9rique \u00bb a le droit de s\u2019immiscer partout dans le monde, de r\u00e9genter les peuples et les pays, de r\u00e9pandre la guerre la mort et la mis\u00e8re au nom de ses \u00ab valeurs \u00bb et de ce qu\u2019elle appelle \u00ab la d\u00e9mocratie \u00bb. Responsables mais pas coupables, ils d\u00e9gagent en touche, quand les victimes collat\u00e9rales de leurs vis\u00e9es imp\u00e9rialistes s\u2019en viennent crier famine \u00e0 leurs fronti\u00e8res ext\u00e9rieures \u00bb. Les m\u00eames qui vilipendaient il y a peu, aux temps de \u00ab la guerre froide \u00bb ce qu\u2019ils avaient baptis\u00e9  \u00ab le rideau de fer \u00bb, dressent des murs, sans honte, et des barri\u00e8res de barbel\u00e9s rasoir.  Notre Pr\u00e9sident qui fut longtemps premier secr\u00e9taire du PS, notre gouvernement pr\u00e9tendument de gauche, avec ses nombreux ministres \u00ab socialistes \u00bb, Ces grands humanistes et progressistes, dispensateurs de le\u00e7ons, ne sont pas en reste pour se vautrer dans la fange du reniement et de la honte. Mais est-ce vraiment nouveau ? N\u2019en reviennent-ils pas en v\u00e9rit\u00e9 \u00e0 leur source ? Le grand socialiste Michel Rocard n\u2019a-t-il pas dit de longtemps que \u00ab l\u2019on ne pouvait pas accueillir toute le mis\u00e8re du monde \u00bb ? Si l\u2019on peut affirmer avec certitude que Fran\u00e7ois Mitterrand a refond\u00e9 le PS comme parti de gouvernement, serait-il moins juste de dire que Michel Rocard en a fond\u00e9 la pens\u00e9e \u00ab Sociale-imp\u00e9rialiste \u00bb.  Patrick Seignon. \u00ab lavoixdessansvoix.fr \u00bb. Samedi 19 septembre 2015.<\/p>\n","protected":false},"excerpt":{"rendered":"<p>MICHEL ROCARD PROPH\u00c8TE ET FONDATEUR \u2026..? Stabilit\u00e9 politique, s\u00e9curit\u00e9, niveau de vie, \u00ab d\u00e9mocratie \u00bb, l\u2019Europe est fi\u00e8re et se [&hellip;]<\/p>\n","protected":false},"author":1,"featured_media":4783,"comment_status":"open","ping_status":"open","sticky":false,"template":"","format":"standard","meta":{"sfsi_plus_gutenberg_text_before_share":"","sfsi_plus_gutenberg_show_text_before_share":"","sfsi_plus_gutenberg_icon_type":"","sfsi_plus_gutenberg_icon_alignemt":"","sfsi_plus_gutenburg_max_per_row":"","site-sidebar-layout":"default","site-content-layout":"","ast-site-content-layout":"default","site-content-style":"default","site-sidebar-style":"default","ast-global-header-display":"","ast-banner-title-visibility":"","ast-main-header-display":"","ast-hfb-above-header-display":"","ast-hfb-below-header-display":"","ast-hfb-mobile-header-display":"","site-post-title":"","ast-breadcrumbs-content":"","ast-featured-img":"","footer-sml-layout":"","ast-disable-related-posts":"","theme-transparent-header-meta":"","adv-header-id-meta":"","stick-header-meta":"","header-above-stick-meta":"","header-main-stick-meta":"","header-below-stick-meta":"","astra-migrate-meta-layouts":"default","ast-page-background-enabled":"default","ast-page-background-meta":{"desktop":{"background-color":"var(--ast-global-color-4)","background-image":"","background-repeat":"repeat","background-position":"center center","background-size":"auto","background-attachment":"scroll","background-type":"","background-media":"","overlay-type":"","overlay-color":"","overlay-opacity":"","overlay-gradient":""},"tablet":{"background-color":"","background-image":"","background-repeat":"repeat","background-position":"center center","background-size":"auto","background-attachment":"scroll","background-type":"","background-media":"","overlay-type":"","overlay-color":"","overlay-opacity":"","overlay-gradient":""},"mobile":{"background-color":"","background-image":"","background-repeat":"repeat","background-position":"center center","background-size":"auto","background-attachment":"scroll","background-type":"","background-media":"","overlay-type":"","overlay-color":"","overlay-opacity":"","overlay-gradient":""}},"ast-content-background-meta":{"desktop":{"background-color":"var(--ast-global-color-5)","background-image":"","background-repeat":"repeat","background-position":"center center","background-size":"auto","background-attachment":"scroll","background-type":"","background-media":"","overlay-type":"","overlay-color":"","overlay-opacity":"","overlay-gradient":""},"tablet":{"background-color":"var(--ast-global-color-5)","background-image":"","background-repeat":"repeat","background-position":"center center","background-size":"auto","background-attachment":"scroll","background-type":"","background-media":"","overlay-type":"","overlay-color":"","overlay-opacity":"","overlay-gradient":""},"mobile":{"background-color":"var(--ast-global-color-5)","background-image":"","background-repeat":"repeat","background-position":"center center","background-size":"auto","background-attachment":"scroll","background-type":"","background-media":"","overlay-type":"","overlay-color":"","overlay-opacity":"","overlay-gradient":""}},"footnotes":""},"categories":[16],"tags":[],"class_list":["post-1081","post","type-post","status-publish","format-standard","has-post-thumbnail","hentry","category-archives-cms"],"_links":{"self":[{"href":"https:\/\/lavoiedessansvoix.fr\/lavoie\/wp-json\/wp\/v2\/posts\/1081","targetHints":{"allow":["GET"]}}],"collection":[{"href":"https:\/\/lavoiedessansvoix.fr\/lavoie\/wp-json\/wp\/v2\/posts"}],"about":[{"href":"https:\/\/lavoiedessansvoix.fr\/lavoie\/wp-json\/wp\/v2\/types\/post"}],"author":[{"embeddable":true,"href":"https:\/\/lavoiedessansvoix.fr\/lavoie\/wp-json\/wp\/v2\/users\/1"}],"replies":[{"embeddable":true,"href":"https:\/\/lavoiedessansvoix.fr\/lavoie\/wp-json\/wp\/v2\/comments?post=1081"}],"version-history":[{"count":1,"href":"https:\/\/lavoiedessansvoix.fr\/lavoie\/wp-json\/wp\/v2\/posts\/1081\/revisions"}],"predecessor-version":[{"id":4784,"href":"https:\/\/lavoiedessansvoix.fr\/lavoie\/wp-json\/wp\/v2\/posts\/1081\/revisions\/4784"}],"wp:featuredmedia":[{"embeddable":true,"href":"https:\/\/lavoiedessansvoix.fr\/lavoie\/wp-json\/wp\/v2\/media\/4783"}],"wp:attachment":[{"href":"https:\/\/lavoiedessansvoix.fr\/lavoie\/wp-json\/wp\/v2\/media?parent=1081"}],"wp:term":[{"taxonomy":"category","embeddable":true,"href":"https:\/\/lavoiedessansvoix.fr\/lavoie\/wp-json\/wp\/v2\/categories?post=1081"},{"taxonomy":"post_tag","embeddable":true,"href":"https:\/\/lavoiedessansvoix.fr\/lavoie\/wp-json\/wp\/v2\/tags?post=1081"}],"curies":[{"name":"wp","href":"https:\/\/api.w.org\/{rel}","templated":true}]}}