{"id":1079,"date":"2015-09-21T16:27:00","date_gmt":"2015-09-21T14:27:00","guid":{"rendered":"https:\/\/lavoiedessansvoix.fr\/lavoie\/2015\/09\/21\/archive-martin-schulz-fait-les-yeux-doux-a-alexis-tsipras\/"},"modified":"2026-04-26T22:09:50","modified_gmt":"2026-04-26T20:09:50","slug":"archive-martin-schulz-fait-les-yeux-doux-a-alexis-tsipras","status":"publish","type":"post","link":"https:\/\/lavoiedessansvoix.fr\/lavoie\/2015\/09\/21\/archive-martin-schulz-fait-les-yeux-doux-a-alexis-tsipras\/","title":{"rendered":"MARTIN SCHULZ FAIT LES YEUX DOUX A ALEXIS TSIPRAS"},"content":{"rendered":"<p>MARTIN SCHULZ FAIT LES YEUX DOUX A ALEXIS TSIPRAS   Invit\u00e9 de \u00ab la matinale \u00bb de France inter, martin Schulz, ravi de la victoire \u00e9lectorale d\u2019Alexis Tsipras en Gr\u00e8ce, a appel\u00e9 ce dernier \u00e0 rejoindre les rangs de \u00ab la Social-d\u00e9mocratie \u00bb europ\u00e9enne.  Alexis Tsipras qui s\u2019\u00e9tait fait \u00e9lire en Janvier 2015 A la t\u00eate du parti Syriza pour refuser l\u2019aust\u00e9rit\u00e9 impos\u00e9e \u00e0 la Gr\u00e8ce par l\u2019UE, en a appel\u00e9 par r\u00e9f\u00e9rendum au peuple Grec qui l\u2019a largement appuy\u00e9 en juillet pour finir par capituler devant les injonctions de la commission europ\u00e9enne et faire appliquer lui-m\u00eame l\u2019aust\u00e9rit\u00e9 qu\u2019il avait promis de combattre.  Alexis Tsipras a trahit le peuple Grec et les esp\u00e9rances que celui-ci avait plac\u00e9es en lui et dans le Parti Syriza. Jusqu\u2019o\u00f9 ira sa trahison, nul ne le sait encore. Versatile, comme il vient de le r\u00e9v\u00e9ler, serait-il \u00e0 une trahison pr\u00e8s ? Comme il a trahit les siens, ne trahira-t-il pas demain \u00ab la commission europ\u00e9enne \u00bb et l\u2019UE qui croient l\u2019avoir d\u00e9finitivement ali\u00e9n\u00e9 ? Nous ne nous prononcerons pas sur cet avenir incertain. Mais pour l\u2019heure et jusqu\u2019\u00e0 nouvel avis Alexis Tsipras est effectivement un traitre. Or c\u2019est ce traitre, et pour cause, que Martin Schulz invite \u00e0 rejoindre les rangs de la Social-d\u00e9mocratie europ\u00e9enne.  Il faut reconnaitre que les Sociaux-d\u00e9mocrates allemands dont la culture et l\u2019histoire sont fond\u00e9es par les plus terribles les plus odieuses et les plus sanglantes trahisons, sont des experts en la mati\u00e8re. Ils ont flair\u00e9 le traitre et l\u2019ont reconnu, il est des n\u00f4tres ont-ils dit aussit\u00f4t, il est de notre veine pr\u00eat \u00e0 tous les reniements. Il faut absolument qu\u2019il rejoigne la compagnie.  Patrick Seignon. \u00ab lavoiedesssansvoix.fr. Lundi 21 septembre 2015.<\/p>\n","protected":false},"excerpt":{"rendered":"<p>MARTIN SCHULZ FAIT LES YEUX DOUX A ALEXIS TSIPRAS Invit\u00e9 de \u00ab la matinale \u00bb de France inter, martin Schulz, [&hellip;]<\/p>\n","protected":false},"author":1,"featured_media":4779,"comment_status":"open","ping_status":"open","sticky":false,"template":"","format":"standard","meta":{"sfsi_plus_gutenberg_text_before_share":"","sfsi_plus_gutenberg_show_text_before_share":"","sfsi_plus_gutenberg_icon_type":"","sfsi_plus_gutenberg_icon_alignemt":"","sfsi_plus_gutenburg_max_per_row":"","site-sidebar-layout":"default","site-content-layout":"","ast-site-content-layout":"default","site-content-style":"default","site-sidebar-style":"default","ast-global-header-display":"","ast-banner-title-visibility":"","ast-main-header-display":"","ast-hfb-above-header-display":"","ast-hfb-below-header-display":"","ast-hfb-mobile-header-display":"","site-post-title":"","ast-breadcrumbs-content":"","ast-featured-img":"","footer-sml-layout":"","ast-disable-related-posts":"","theme-transparent-header-meta":"","adv-header-id-meta":"","stick-header-meta":"","header-above-stick-meta":"","header-main-stick-meta":"","header-below-stick-meta":"","astra-migrate-meta-layouts":"default","ast-page-background-enabled":"default","ast-page-background-meta":{"desktop":{"background-color":"var(--ast-global-color-4)","background-image":"","background-repeat":"repeat","background-position":"center center","background-size":"auto","background-attachment":"scroll","background-type":"","background-media":"","overlay-type":"","overlay-color":"","overlay-opacity":"","overlay-gradient":""},"tablet":{"background-color":"","background-image":"","background-repeat":"repeat","background-position":"center center","background-size":"auto","background-attachment":"scroll","background-type":"","background-media":"","overlay-type":"","overlay-color":"","overlay-opacity":"","overlay-gradient":""},"mobile":{"background-color":"","background-image":"","background-repeat":"repeat","background-position":"center center","background-size":"auto","background-attachment":"scroll","background-type":"","background-media":"","overlay-type":"","overlay-color":"","overlay-opacity":"","overlay-gradient":""}},"ast-content-background-meta":{"desktop":{"background-color":"var(--ast-global-color-5)","background-image":"","background-repeat":"repeat","background-position":"center center","background-size":"auto","background-attachment":"scroll","background-type":"","background-media":"","overlay-type":"","overlay-color":"","overlay-opacity":"","overlay-gradient":""},"tablet":{"background-color":"var(--ast-global-color-5)","background-image":"","background-repeat":"repeat","background-position":"center center","background-size":"auto","background-attachment":"scroll","background-type":"","background-media":"","overlay-type":"","overlay-color":"","overlay-opacity":"","overlay-gradient":""},"mobile":{"background-color":"var(--ast-global-color-5)","background-image":"","background-repeat":"repeat","background-position":"center center","background-size":"auto","background-attachment":"scroll","background-type":"","background-media":"","overlay-type":"","overlay-color":"","overlay-opacity":"","overlay-gradient":""}},"footnotes":""},"categories":[16],"tags":[],"class_list":["post-1079","post","type-post","status-publish","format-standard","has-post-thumbnail","hentry","category-archives-cms"],"_links":{"self":[{"href":"https:\/\/lavoiedessansvoix.fr\/lavoie\/wp-json\/wp\/v2\/posts\/1079","targetHints":{"allow":["GET"]}}],"collection":[{"href":"https:\/\/lavoiedessansvoix.fr\/lavoie\/wp-json\/wp\/v2\/posts"}],"about":[{"href":"https:\/\/lavoiedessansvoix.fr\/lavoie\/wp-json\/wp\/v2\/types\/post"}],"author":[{"embeddable":true,"href":"https:\/\/lavoiedessansvoix.fr\/lavoie\/wp-json\/wp\/v2\/users\/1"}],"replies":[{"embeddable":true,"href":"https:\/\/lavoiedessansvoix.fr\/lavoie\/wp-json\/wp\/v2\/comments?post=1079"}],"version-history":[{"count":1,"href":"https:\/\/lavoiedessansvoix.fr\/lavoie\/wp-json\/wp\/v2\/posts\/1079\/revisions"}],"predecessor-version":[{"id":4780,"href":"https:\/\/lavoiedessansvoix.fr\/lavoie\/wp-json\/wp\/v2\/posts\/1079\/revisions\/4780"}],"wp:featuredmedia":[{"embeddable":true,"href":"https:\/\/lavoiedessansvoix.fr\/lavoie\/wp-json\/wp\/v2\/media\/4779"}],"wp:attachment":[{"href":"https:\/\/lavoiedessansvoix.fr\/lavoie\/wp-json\/wp\/v2\/media?parent=1079"}],"wp:term":[{"taxonomy":"category","embeddable":true,"href":"https:\/\/lavoiedessansvoix.fr\/lavoie\/wp-json\/wp\/v2\/categories?post=1079"},{"taxonomy":"post_tag","embeddable":true,"href":"https:\/\/lavoiedessansvoix.fr\/lavoie\/wp-json\/wp\/v2\/tags?post=1079"}],"curies":[{"name":"wp","href":"https:\/\/api.w.org\/{rel}","templated":true}]}}