{"id":1078,"date":"2015-09-23T04:20:00","date_gmt":"2015-09-23T02:20:00","guid":{"rendered":"https:\/\/lavoiedessansvoix.fr\/lavoie\/2015\/09\/23\/archive-la-pauvrete-recule-pas-le-cynisme-et-le-mauvaise-foi-grandes-man-uvres-electoral\/"},"modified":"2026-04-26T22:09:41","modified_gmt":"2026-04-26T20:09:41","slug":"archive-la-pauvrete-recule-pas-le-cynisme-et-le-mauvaise-foi-grandes-man-uvres-electoral","status":"publish","type":"post","link":"https:\/\/lavoiedessansvoix.fr\/lavoie\/2015\/09\/23\/archive-la-pauvrete-recule-pas-le-cynisme-et-le-mauvaise-foi-grandes-man-uvres-electoral\/","title":{"rendered":"LA PAUVRET\u00c9 RECULE ? PAS LE CYNISME ET LE MAUVAISE FOI.  (Grandes man\u0153uvres \u00e9lectorales)"},"content":{"rendered":"<p>LA PAUVRET\u00c9 RECULE ? PAS LE CYNISME ET LE MAUVAISE FOI  (Grandes man\u0153uvres \u00e9lectorales)  S\u2019\u00e9tait le clou de l\u2019information hier 22 septembre 2015, dont nos m\u00e9dias audiovisuels et la presse \u00e9crite ont fait des gorges chaudes. Selon une \u00e9tude de l\u2019INSEE \u00ab LA PAUVRET\u00c9 DIMINUE ET LES PLUS RICHES GAGNENT MOINS ? \u00bb. Le nombre des personnes vivant en dessous du seuil de pauvret\u00e9 serait pass\u00e9 de 8 780 000 \u00e0 8 600 000, soit 14 au lieu de 14,3%. Quant au niveau de vie des personnes \u00ab les plus riches \u00bb (sic), \u00e0 partir de 3100 euros mensuel et plus, il aurait diminu\u00e9 de 1,8 %.  Et ils osent se r\u00e9jouir avec de tels chiffres et d\u00e9cerner des satisf\u00e9cits aux pouvoirs publics et au pr\u00e9sident de la R\u00e9publique, pour lequel ce serait \u00ab une tr\u00e8s bonne nouvelle \u00bb.   ADT est sceptique, ou pire m\u00eame, ne parait pas y croire du tout.\u00ab Chiffres de l\u2019INSEE: la pauvret\u00e9 recule. Vous y croyez ? \u00bb Interroge-t-elle. \u00ab\u00a0Aujourd\u2019hui, l\u2019INSEE publie les chiffres sur les niveaux de vie en 2013. Ils \u00e9voquent une diminution du nombre de personnes sous le seuil de pauvret\u00e9.Difficile \u00e0 croire lorsque l\u2019on est quotidiennement sur le terrain.\u00a0\u00bb   \u00ab 14 %, le taux de pauvret\u00e9 est en baisse de 0,3 point par rapport \u00e0 celui de 2012 (14,3 %, corrig\u00e9 \u00e0 la hausse de 0,4 point). Pour l&rsquo;association ATD Quart Monde, \u00ab\u00a0il s&rsquo;agit surtout d&rsquo;une diminution math\u00e9matique\u00a0\u00bb. \u00ab\u00a0Une baisse de 0,3 % ne peut pas se constater sur le terrain, les pauvres n&rsquo;ont pas du tout vu leur situation changer\u00a0\u00bb, a-t-elle r\u00e9agi dans un communiqu\u00e9. \u00bb rapporte \u00ab Le Point \u00bb.  \u00ab L&rsquo;intensit\u00e9 de la pauvret\u00e9 a \u00e9galement l\u00e9g\u00e8rement diminu\u00e9 (-0,3 %), en raison de la revalorisation de certaines prestations destin\u00e9es aux plus modestes (RSA et allocation logement) : le niveau de vie m\u00e9dian des 8,6 millions de personnes pauvres a ainsi augment\u00e9 pour se rapprocher du seuil de pauvret\u00e9, correspondant \u00e0 60% du niveau de vie m\u00e9dian de la population (1000 euros de revenus par mois). \u00bb (Les \u00e9chos)  O, 3 %, y avez-vous song\u00e9, c\u2019est 3 \u00b0\/\u00b0\u00b0 (trois pour mille). Rapport\u00e9 au revenu annuel de 10 730 euros par ans en dessous duquel vivent 8 6OO OOO fran\u00e7ais, cela fait 32,19 euros annuels, soit 2,68 euros par mois. Et c\u2019est une moyenne. Tous n\u2019ont pas touch\u00e9 \u00ab ce pactole \u00bb. Certains ont touch\u00e9 probablement un peu plus, d\u2019autres moins pour lesquels la pauvret\u00e9 c\u2019est encore aggrav\u00e9e.  Mais pour ceux qui ont touch\u00e9s ces 2 euros 70 mensuels suppl\u00e9mentaires ou m\u00eame un peu plus, qu\u2019est ce qui a vraiment chang\u00e9 ? Rien !  Si j\u2019avais moi, l\u2019outrecuidance de claironner sur un ton r\u00e9joui : \u00ab la pauvret\u00e9 est en recul les pauvres ont gagn\u00e9 2 euros 70 de plus \u00bb, vous me regarderiez j\u2019en suis s\u00fbr avec m\u00e9pris et aurez envie de me mettre \u00ab votre poing dans la gueule \u00bb. C\u2019est enti\u00e8rement normal, c\u2019est un r\u00e9flexe humain naturel. C\u2019est exactement l\u2019envie qui me prend quand je lis certains articles de presse (celui d&rsquo;Alain Duhamel par exemple sur lequel nous reviendrons tout \u00e0 l&rsquo;heure.) qui prennent les statistiques de l\u2019INSEE et les commentent sans le moindre esprit critique. C\u2019est l\u2019envie qui me prend \u00e0 l\u2019endroit des dirigeants de L\u2019INSEE, institut \u00e0 pr\u00e9tentions scientifiques, qui fait l\u00e0 la d\u00e9monstration qu\u2019il n\u2019est en v\u00e9rit\u00e9 qu\u2019une officine de propagande au service des gouvernants.  Car lorsque l\u2019on a constat\u00e9 l\u2019insignifiance des chiffres sur lesquels se fonde la pr\u00e9tendue d\u00e9monstration, l\u2019on-n&rsquo;a pas \u00e9puis\u00e9 le sujet.  Tout d\u2019abord, on remarquera que \u00ab la r\u00e9duction des in\u00e9galit\u00e9s \u00bb dont ils font tant de cas repose plus sur l\u2019appauvrissement relatif de certaines couches de la population que sur l\u2019accroissement du revenu des plus pauvres. \u00c7a leur \u00ab fait une belle jambe \u00bb aux pauvres que certains soient moins riches s\u2019ils ne le sont pas d\u2019avantage.  L\u2019astuce est dans le choix de l\u2019\u00e9chantillonnage social. Ils mettent en opposition \u00ab les plus modestes \u00bb et \u00ab les plus riches \u00bb le seuil de classification \u00e9tant de 3100 euros mensuels, c\u2019est l\u00e0 que commence \u00ab les plus riches \u00bb selon l\u2019INSSEE. Or ce chiffre englobe au-del\u00e0 des vrais riches, ceux qui ne font que gagner \u00e0 peu pr\u00e8s correctement leur vie par l\u2019exercice d\u2019un vrai travail : les vraies classes moyennes, les professions lib\u00e9rales, les commer\u00e7ants, les moyens fonctionnaires. Ceux-l\u00e0 ont subi de plein fouet le choc de la pression fiscale, et ce qui permet de tirer la statistique \u00e0 la baisse et produire l\u2019illusion de la r\u00e9duction des in\u00e9galit\u00e9s. La v\u00e9rit\u00e9, est autre. Cependant que les salaires stagnent ou reculent et la pression fiscale s\u2019alourdit sur les petits et moyens, les revenus du capital explosent et la pression fiscale \u00e9pargne les grandes fortunes et les revenus du capital. Ce n\u2019est pas au \u00ab 10 % \u00bb des \u00ab plus riches \u00bb (c\u2019est-\u00e0-dire ceux qui peuvent vivre encore d\u00e9cemment) qu\u2019il fallait opposer les chiffres de la pauvret\u00e9, mais aux 3 ou 2 pour cent des riches v\u00e9ritables, ceux qui \u00e0 eux seuls poss\u00e8dent plus de 80 % du patrimoine fran\u00e7ais. Et l\u00e0, les conclusions en aucun cas n\u2019auraient pu \u00eatre les m\u00eames. L\u2019appauvrissement de la grande masse (les faux riches de l\u2019INSEE compris) au profit de quelque- uns auraient saut\u00e9 aux yeux de mani\u00e8re flagrante.  Mais bon, qu\u2019on ne s\u2019y m\u00e9prenne pas, cette pratique frauduleuse de nos gouvernements n\u2019est pas chose nouvelle. \u00ab\u00a0La pauvret\u00e9 recule-t-elle vraiment ?\u00a0\u00bb interrogeait d\u00e9j\u00e0 Laurent Jeanneau dans \u00ab Alternatives \u00c9conomiques n\u00b0 308  de d\u00e9cembre 2011 \u00bb. \u00ab Selon le gouvernement, la pauvret\u00e9 aurait recul\u00e9 en France entre 2006 et 2009. Une manipulation statistique\u2026.. \u00bb  Et oui, nous approchions alors du scrutin pr\u00e9sidentiel de 2012 et toute manipulation \u00e9tait bonne \u00e0 prendre pourvu qu\u2019elle serve \u00e0 justifier le gouvernement et le pr\u00e9sident. En ce mois de septembre 2015, nous approchons du scrutin des r\u00e9gionales de d\u00e9cembre.  Patrick Seignon. \u00ab lavoiedessansvoix.fr \u00bb Mercredi 23 septembre 2015.<\/p>\n","protected":false},"excerpt":{"rendered":"<p>LA PAUVRET\u00c9 RECULE ? PAS LE CYNISME ET LE MAUVAISE FOI (Grandes man\u0153uvres \u00e9lectorales) S\u2019\u00e9tait le clou de l\u2019information hier [&hellip;]<\/p>\n","protected":false},"author":1,"featured_media":4777,"comment_status":"open","ping_status":"open","sticky":false,"template":"","format":"standard","meta":{"sfsi_plus_gutenberg_text_before_share":"","sfsi_plus_gutenberg_show_text_before_share":"","sfsi_plus_gutenberg_icon_type":"","sfsi_plus_gutenberg_icon_alignemt":"","sfsi_plus_gutenburg_max_per_row":"","site-sidebar-layout":"default","site-content-layout":"","ast-site-content-layout":"default","site-content-style":"default","site-sidebar-style":"default","ast-global-header-display":"","ast-banner-title-visibility":"","ast-main-header-display":"","ast-hfb-above-header-display":"","ast-hfb-below-header-display":"","ast-hfb-mobile-header-display":"","site-post-title":"","ast-breadcrumbs-content":"","ast-featured-img":"","footer-sml-layout":"","ast-disable-related-posts":"","theme-transparent-header-meta":"","adv-header-id-meta":"","stick-header-meta":"","header-above-stick-meta":"","header-main-stick-meta":"","header-below-stick-meta":"","astra-migrate-meta-layouts":"default","ast-page-background-enabled":"default","ast-page-background-meta":{"desktop":{"background-color":"var(--ast-global-color-4)","background-image":"","background-repeat":"repeat","background-position":"center center","background-size":"auto","background-attachment":"scroll","background-type":"","background-media":"","overlay-type":"","overlay-color":"","overlay-opacity":"","overlay-gradient":""},"tablet":{"background-color":"","background-image":"","background-repeat":"repeat","background-position":"center center","background-size":"auto","background-attachment":"scroll","background-type":"","background-media":"","overlay-type":"","overlay-color":"","overlay-opacity":"","overlay-gradient":""},"mobile":{"background-color":"","background-image":"","background-repeat":"repeat","background-position":"center center","background-size":"auto","background-attachment":"scroll","background-type":"","background-media":"","overlay-type":"","overlay-color":"","overlay-opacity":"","overlay-gradient":""}},"ast-content-background-meta":{"desktop":{"background-color":"var(--ast-global-color-5)","background-image":"","background-repeat":"repeat","background-position":"center center","background-size":"auto","background-attachment":"scroll","background-type":"","background-media":"","overlay-type":"","overlay-color":"","overlay-opacity":"","overlay-gradient":""},"tablet":{"background-color":"var(--ast-global-color-5)","background-image":"","background-repeat":"repeat","background-position":"center center","background-size":"auto","background-attachment":"scroll","background-type":"","background-media":"","overlay-type":"","overlay-color":"","overlay-opacity":"","overlay-gradient":""},"mobile":{"background-color":"var(--ast-global-color-5)","background-image":"","background-repeat":"repeat","background-position":"center center","background-size":"auto","background-attachment":"scroll","background-type":"","background-media":"","overlay-type":"","overlay-color":"","overlay-opacity":"","overlay-gradient":""}},"footnotes":""},"categories":[16],"tags":[],"class_list":["post-1078","post","type-post","status-publish","format-standard","has-post-thumbnail","hentry","category-archives-cms"],"_links":{"self":[{"href":"https:\/\/lavoiedessansvoix.fr\/lavoie\/wp-json\/wp\/v2\/posts\/1078","targetHints":{"allow":["GET"]}}],"collection":[{"href":"https:\/\/lavoiedessansvoix.fr\/lavoie\/wp-json\/wp\/v2\/posts"}],"about":[{"href":"https:\/\/lavoiedessansvoix.fr\/lavoie\/wp-json\/wp\/v2\/types\/post"}],"author":[{"embeddable":true,"href":"https:\/\/lavoiedessansvoix.fr\/lavoie\/wp-json\/wp\/v2\/users\/1"}],"replies":[{"embeddable":true,"href":"https:\/\/lavoiedessansvoix.fr\/lavoie\/wp-json\/wp\/v2\/comments?post=1078"}],"version-history":[{"count":1,"href":"https:\/\/lavoiedessansvoix.fr\/lavoie\/wp-json\/wp\/v2\/posts\/1078\/revisions"}],"predecessor-version":[{"id":4778,"href":"https:\/\/lavoiedessansvoix.fr\/lavoie\/wp-json\/wp\/v2\/posts\/1078\/revisions\/4778"}],"wp:featuredmedia":[{"embeddable":true,"href":"https:\/\/lavoiedessansvoix.fr\/lavoie\/wp-json\/wp\/v2\/media\/4777"}],"wp:attachment":[{"href":"https:\/\/lavoiedessansvoix.fr\/lavoie\/wp-json\/wp\/v2\/media?parent=1078"}],"wp:term":[{"taxonomy":"category","embeddable":true,"href":"https:\/\/lavoiedessansvoix.fr\/lavoie\/wp-json\/wp\/v2\/categories?post=1078"},{"taxonomy":"post_tag","embeddable":true,"href":"https:\/\/lavoiedessansvoix.fr\/lavoie\/wp-json\/wp\/v2\/tags?post=1078"}],"curies":[{"name":"wp","href":"https:\/\/api.w.org\/{rel}","templated":true}]}}