{"id":1076,"date":"2015-09-25T01:53:00","date_gmt":"2015-09-24T23:53:00","guid":{"rendered":"https:\/\/lavoiedessansvoix.fr\/lavoie\/2015\/09\/25\/archive-macron-un-bolide-teleguide\/"},"modified":"2026-04-26T22:09:21","modified_gmt":"2026-04-26T20:09:21","slug":"archive-macron-un-bolide-teleguide","status":"publish","type":"post","link":"https:\/\/lavoiedessansvoix.fr\/lavoie\/2015\/09\/25\/archive-macron-un-bolide-teleguide\/","title":{"rendered":"MACRON : UN BOLIDE T\u00c9L\u00c9GUID\u00c9"},"content":{"rendered":"<p>MACRON : UN BOLIDE T\u00c9L\u00c9GUID\u00c9   Macron \u00ab d\u00e9rape \u00bb ? Se fait \u00ab recadrer, Martine Aubry monte au cr\u00e9neau : \u00ab Macron Ras le bol ! \u00bb \u00c7a parait dur ? C\u2019est de la com\u00e9die. Pour faire croire \u00e0 peu de frais que le Parti Socialiste reste le PS. \u00ab Qu\u2019il s\u2019occupe des affaires de son minist\u00e8re \u00bb sugg\u00e8re-t-elle ? Cet homme de droite lib\u00e9rale, qui se pr\u00e9tend de gauche, \u00ab Social lib\u00e9ral \u00bb comme on le qualifie \u00e0 pr\u00e9sent, Qu\u2019il \u00ab s\u2019occupe donc de son minist\u00e8re \u00bb pour appliquer la politique \u00e9conomique lib\u00e9rale dont il est partisan ? Si Martine Aubry en a vraiment ras le bol de Macron, si c\u2019est Macron le probl\u00e8me et non le gouvernement Valls et son cours ouvertement lib\u00e9ral, si c\u2019est Macron le probl\u00e8me et non le Pr\u00e9sident de la R\u00e9publique pr\u00e9tendument de gauche, qui a nomm\u00e9 le Premier-ministre qui a accept\u00e9 la nomination du ministre des finances, pourquoi ne r\u00e9clame-t-elle pas sa d\u00e9mission ou son cong\u00e9diement ? Non ! Martine Aubry s\u2019accommode en v\u00e9rit\u00e9 fort bien de la politique ultra lib\u00e9rale de l\u2019\u00e9quipe Hollande\/Valls\/Macron. Ce qu\u2019elle reproche en v\u00e9rit\u00e9, si tant est qu\u2019elle reproche v\u00e9ritablement quelque chose, ce sont les petites phrases de Macron qui rendent trop ouvertement compte de la r\u00e9alit\u00e9. Alors Martine Aubry n\u2019est pas oppos\u00e9e \u00e0 ce que Macron continue \u00e0 s\u00e9vir pour faire la politique \u00e9conomique financi\u00e8re et fiscale de droite lib\u00e9rale que lui ont command\u00e9 Hollande et Valls, elle voudrait seulement qu\u2019il s\u2019abstienne des petites phrases assassines qui d\u00e9voilent trop la r\u00e9alit\u00e9 du PS et complique la t\u00e2che de ceux qui ont pour mission de faire croire qu\u2019il est encore de \u00ab gauche \u00bb. L\u2019emportement de Martine Aubry contre Manuel Macron ? De la \u00ab\u00a0commedia dell\u2019arte\u00a0\u00bb vous dis-je.  Les d\u00e9rapages pr\u00e9tendus, \u00ab Commedia dell\u2019arte \u00bb aussi. En v\u00e9rit\u00e9 \u00ab du rentre dedans \u00bb orchestr\u00e9 et pilot\u00e9 \u00e0 distance par l\u2019\u00c9lys\u00e9e et Matignon m\u00eame. Vous avez remarqu\u00e9 ? Il balance une petite phrase sur les 35 heures, sur le statut des fonctionnaires \u00bb. Il ne devait pas on le bl\u00e2me, ce n\u2019est pas \u00e0 l\u2019ordre du jour. Pourtant tout aussit\u00f4t les machineries, politique et m\u00e9diatique se mettent en branle, des sujets, des enqu\u00eates, des d\u00e9bats d\u00e9j\u00e0 tout pr\u00e8s, tout ficel\u00e9s, sortent des tiroirs et des cartons o\u00f9 ils attendaient le signal de leur entr\u00e9e en sc\u00e8ne. Ce n\u2019est pas \u00e0 l\u2019ordre du jour ? \u00c7a le devient. C\u2019est Macron qui dit l\u2019ordre du jour du \u00ab d\u00e9bat \u00bb public.  Patrick Seignon. \u00ab lavoiedessansvoix.fr \u00bb. Vendredi 26 septembre 2015.<\/p>\n","protected":false},"excerpt":{"rendered":"<p>MACRON : UN BOLIDE T\u00c9L\u00c9GUID\u00c9 Macron \u00ab d\u00e9rape \u00bb ? Se fait \u00ab recadrer, Martine Aubry monte au cr\u00e9neau : [&hellip;]<\/p>\n","protected":false},"author":1,"featured_media":4773,"comment_status":"open","ping_status":"open","sticky":false,"template":"","format":"standard","meta":{"sfsi_plus_gutenberg_text_before_share":"","sfsi_plus_gutenberg_show_text_before_share":"","sfsi_plus_gutenberg_icon_type":"","sfsi_plus_gutenberg_icon_alignemt":"","sfsi_plus_gutenburg_max_per_row":"","site-sidebar-layout":"default","site-content-layout":"","ast-site-content-layout":"default","site-content-style":"default","site-sidebar-style":"default","ast-global-header-display":"","ast-banner-title-visibility":"","ast-main-header-display":"","ast-hfb-above-header-display":"","ast-hfb-below-header-display":"","ast-hfb-mobile-header-display":"","site-post-title":"","ast-breadcrumbs-content":"","ast-featured-img":"","footer-sml-layout":"","ast-disable-related-posts":"","theme-transparent-header-meta":"","adv-header-id-meta":"","stick-header-meta":"","header-above-stick-meta":"","header-main-stick-meta":"","header-below-stick-meta":"","astra-migrate-meta-layouts":"default","ast-page-background-enabled":"default","ast-page-background-meta":{"desktop":{"background-color":"var(--ast-global-color-4)","background-image":"","background-repeat":"repeat","background-position":"center center","background-size":"auto","background-attachment":"scroll","background-type":"","background-media":"","overlay-type":"","overlay-color":"","overlay-opacity":"","overlay-gradient":""},"tablet":{"background-color":"","background-image":"","background-repeat":"repeat","background-position":"center center","background-size":"auto","background-attachment":"scroll","background-type":"","background-media":"","overlay-type":"","overlay-color":"","overlay-opacity":"","overlay-gradient":""},"mobile":{"background-color":"","background-image":"","background-repeat":"repeat","background-position":"center center","background-size":"auto","background-attachment":"scroll","background-type":"","background-media":"","overlay-type":"","overlay-color":"","overlay-opacity":"","overlay-gradient":""}},"ast-content-background-meta":{"desktop":{"background-color":"var(--ast-global-color-5)","background-image":"","background-repeat":"repeat","background-position":"center center","background-size":"auto","background-attachment":"scroll","background-type":"","background-media":"","overlay-type":"","overlay-color":"","overlay-opacity":"","overlay-gradient":""},"tablet":{"background-color":"var(--ast-global-color-5)","background-image":"","background-repeat":"repeat","background-position":"center center","background-size":"auto","background-attachment":"scroll","background-type":"","background-media":"","overlay-type":"","overlay-color":"","overlay-opacity":"","overlay-gradient":""},"mobile":{"background-color":"var(--ast-global-color-5)","background-image":"","background-repeat":"repeat","background-position":"center center","background-size":"auto","background-attachment":"scroll","background-type":"","background-media":"","overlay-type":"","overlay-color":"","overlay-opacity":"","overlay-gradient":""}},"footnotes":""},"categories":[16],"tags":[],"class_list":["post-1076","post","type-post","status-publish","format-standard","has-post-thumbnail","hentry","category-archives-cms"],"_links":{"self":[{"href":"https:\/\/lavoiedessansvoix.fr\/lavoie\/wp-json\/wp\/v2\/posts\/1076","targetHints":{"allow":["GET"]}}],"collection":[{"href":"https:\/\/lavoiedessansvoix.fr\/lavoie\/wp-json\/wp\/v2\/posts"}],"about":[{"href":"https:\/\/lavoiedessansvoix.fr\/lavoie\/wp-json\/wp\/v2\/types\/post"}],"author":[{"embeddable":true,"href":"https:\/\/lavoiedessansvoix.fr\/lavoie\/wp-json\/wp\/v2\/users\/1"}],"replies":[{"embeddable":true,"href":"https:\/\/lavoiedessansvoix.fr\/lavoie\/wp-json\/wp\/v2\/comments?post=1076"}],"version-history":[{"count":1,"href":"https:\/\/lavoiedessansvoix.fr\/lavoie\/wp-json\/wp\/v2\/posts\/1076\/revisions"}],"predecessor-version":[{"id":4774,"href":"https:\/\/lavoiedessansvoix.fr\/lavoie\/wp-json\/wp\/v2\/posts\/1076\/revisions\/4774"}],"wp:featuredmedia":[{"embeddable":true,"href":"https:\/\/lavoiedessansvoix.fr\/lavoie\/wp-json\/wp\/v2\/media\/4773"}],"wp:attachment":[{"href":"https:\/\/lavoiedessansvoix.fr\/lavoie\/wp-json\/wp\/v2\/media?parent=1076"}],"wp:term":[{"taxonomy":"category","embeddable":true,"href":"https:\/\/lavoiedessansvoix.fr\/lavoie\/wp-json\/wp\/v2\/categories?post=1076"},{"taxonomy":"post_tag","embeddable":true,"href":"https:\/\/lavoiedessansvoix.fr\/lavoie\/wp-json\/wp\/v2\/tags?post=1076"}],"curies":[{"name":"wp","href":"https:\/\/api.w.org\/{rel}","templated":true}]}}