{"id":1072,"date":"2015-10-01T09:04:00","date_gmt":"2015-10-01T07:04:00","guid":{"rendered":"https:\/\/lavoiedessansvoix.fr\/lavoie\/2015\/10\/01\/archive-j-ai-honte-a-ma-france\/"},"modified":"2026-04-26T22:08:41","modified_gmt":"2026-04-26T20:08:41","slug":"archive-j-ai-honte-a-ma-france","status":"publish","type":"post","link":"https:\/\/lavoiedessansvoix.fr\/lavoie\/2015\/10\/01\/archive-j-ai-honte-a-ma-france\/","title":{"rendered":"J\u2019AI HONTE A MA FRANCE"},"content":{"rendered":"<p>J\u2019AI HONTE A \u00ab\u00a0MA FRANCE\u00a0\u00bb   Vladimir Poutine est all\u00e9 \u00e0 New-York, \u00e0 l\u2019assembl\u00e9e g\u00e9n\u00e9rale de l\u2019ONU, pour tendre une perche salvatrice \u00e0 l\u2019administration Am\u00e9ricaine du Pr\u00e9sident Obama, \u00e0 la Paix, et \u00e0 l\u2019institution onusienne elle-m\u00eame, brocard\u00e9e par les initiatives cavali\u00e8res des puissances occidentales. Il a subie une nouvelle offense.  Nous l\u2019avions annonc\u00e9, avant m\u00eame l\u2019ouverture de l\u2019assembl\u00e9e g\u00e9n\u00e9rale de l\u2019ONU. \u00ab Il y a peu de chance \u00bb \u00e9crivions-nous le 28 septembre, \u00ab que l\u2019initiative du Pr\u00e9sident Poutine rencontre la bonne volont\u00e9 des USA. D\u2019autant que les partenaires les plus proches de ces derniers, la France au premier chef, militent activement pour l\u2019escalade du conflit. Ce qui serait \u00ab un renoncement \u00bb pour l\u2019Am\u00e9rique, comme nous venons de l\u2019expliquer, serait pour la France un v\u00e9ritable Fiasco diplomatique, elle qui s\u2019est investie \u00e0 fond et sans partage dans la ligne dure impliquant d\u00e8s le d\u00e9but la chute de Bachar Al Assad. \u00bb  Nous ne sommes donc, ni surpris ni d\u00e9stabilis\u00e9 par la tournure des \u00e9v\u00e8nements.  Mais la France, la France officielle, gouvernementale, \u00e0 cette fois franchit un pas suppl\u00e9mentaire dans l\u2019ignominie. La voil\u00e0 qui au lendemain de cette initiative historique de la diplomatie russe s\u2019avise d\u2019intenter une action en justice, pour \u00ab\u00a0crimes de guerre\u00a0\u00bb contre  le chef de l\u2019\u00c9tat syrien. Les \u00ab faits \u00bb sur lesquels entends se fonder cette action judiciaire sont des clich\u00e9s, 55 000 nous dit-on, r\u00e9alis\u00e9s par un d\u00e9serteur de l\u2019arm\u00e9e syrienne, photographe militaire de son \u00e9tat, et qui montre 11 000 corps supplici\u00e9s.  Des photos, des clich\u00e9s ? Comme preuves factuelles on fait mieux. Par les temps qui courent avec l\u2019informatique et les logiciels qui existent le montage photographique est presque devenu un jeu d\u2019enfant. On ne peut recevoir notre adh\u00e9sion sur de telles \u00ab preuves \u00bb. Nous nous souvenons trop d\u2019autres \u00ab preuves photographiques \u00bb d\u2019une autre barbarie pr\u00e9sum\u00e9e en Roumanie, le charnier de Timisoara, qui se r\u00e9v\u00e9l\u00e8rent \u00eatre une grossi\u00e8re manipulation. Sans compter que les exactions, dont ces clich\u00e9s sont sens\u00e9s prouver l\u2019existence et l\u2019horreur, nul ne peut certifier qu\u2019elles n\u2019ont pas \u00e9t\u00e9 les faits d\u2019autres auteurs que ceux d\u00e9sign\u00e9s par la propagande occidentale.  L\u2019auteur des clich\u00e9s, nom de code \u00ab C\u00e9sar \u00bb t\u00e9moigne de mani\u00e8re anonyme et masqu\u00e9. Pourquoi ?  Parce qu\u2019il craint d\u2019\u00eatre reconnu par ces anciens amis rest\u00e9s fid\u00e8les au r\u00e9gime l\u00e9gal syrien ? D\u2019un premier abord cette explication pourrait paraitre tout \u00e0 fait plausible. Pourtant, \u00e0 la r\u00e9flexion, elle ne tient pas la route un instant. Il y en a combien de photographes militaires dans l\u2019arm\u00e9e syrienne ? Combien ont d\u00e9sert\u00e9, pass\u00e9 avec armes et clich\u00e9s dans le camp des ennemis de leur pays ? Ne pensez-vous pas que par la seule logique de cette d\u00e9duction les services secrets syrien sont en mesure d\u2019identifier l\u2019auteur de cette d\u00e9nonciation calomnieuse, sans qu\u2019il est besoin de d\u00e9cliner son identit\u00e9 ni de faire voir son visage ? Alors s\u2019il veut rester anonyme et cach\u00e9, il y a tout lieu de croire qu\u2019il a d\u2019autres raisons inavouables, pour cela.  Voil\u00e0 des r\u00e9flexions de nature \u00e0 faire douter du s\u00e9rieux des fondements sur lesquels entend s\u2019appuyer la plainte de la France contre Bachar Al Assad.  Mais en v\u00e9rit\u00e9, pour prouver la mauvaise foi de la France, il n\u2019y a pas m\u00eame besoin d\u2019aller chercher si loin. \u00ab  C&rsquo;est sur ces photos et ces t\u00e9moignages que se base aujourd&rsquo;hui la plainte de la France pour \u00ab\u00a0crimes contre l&rsquo;humanit\u00e9\u00a0\u00bb visant le r\u00e9gime syrien. Elle intervient au moment o\u00f9 la communaut\u00e9 internationale envisage de coop\u00e9rer avec le pr\u00e9sident syrien Bachar al-Assad dans sa lutte contre l&rsquo;organisation \u00c9tat islamique. \u00bb Note \u00ab France TV info \u00bb. Voil\u00e0 plus d\u2019un an en effet que ces clich\u00e9s sont connus. Ils ont \u00e9t\u00e9 pr\u00e9sent\u00e9s devant une commission de l\u2019ONU en avril 2014, il y a de cela 18 mois. Alors pourquoi si ces clich\u00e9s constituent vraiment une preuve infamante contre le r\u00e9gime l\u00e9gal syrien, avoir attendu pour intenter une action en justice ?  La r\u00e9ponse est fort simple. Parce qu\u2019il s\u2019agit d\u2019une op\u00e9ration de \u00ab Com \u00bb et de d\u00e9lation dont l\u2019objet est de barrer la route \u00e0 tout risque de rapprochement, m\u00eame minime des positions russes et am\u00e9ricaines sur l\u2019\u00e9pineux dossier syrien  Telle est l\u2019action \u00ab v\u00e9n\u00e9neuse de la \u00ab diplomatie fran\u00e7aise. Encore une fois elle a trop voulu prouver une chose et r\u00e9ussi \u00e0 ne prouver rien autre que sa criminelle duplicit\u00e9.  J\u2019ai honte \u00e0 \u00ab ma France \u00bb.  Patrick Seignon. \u00ab lavoiedessansvoix.fr \u00bb Jeudi 1er octobre 2015.<\/p>\n","protected":false},"excerpt":{"rendered":"<p>J\u2019AI HONTE A \u00ab\u00a0MA FRANCE\u00a0\u00bb Vladimir Poutine est all\u00e9 \u00e0 New-York, \u00e0 l\u2019assembl\u00e9e g\u00e9n\u00e9rale de l\u2019ONU, pour tendre une perche [&hellip;]<\/p>\n","protected":false},"author":1,"featured_media":4765,"comment_status":"open","ping_status":"open","sticky":false,"template":"","format":"standard","meta":{"sfsi_plus_gutenberg_text_before_share":"","sfsi_plus_gutenberg_show_text_before_share":"","sfsi_plus_gutenberg_icon_type":"","sfsi_plus_gutenberg_icon_alignemt":"","sfsi_plus_gutenburg_max_per_row":"","site-sidebar-layout":"default","site-content-layout":"","ast-site-content-layout":"default","site-content-style":"default","site-sidebar-style":"default","ast-global-header-display":"","ast-banner-title-visibility":"","ast-main-header-display":"","ast-hfb-above-header-display":"","ast-hfb-below-header-display":"","ast-hfb-mobile-header-display":"","site-post-title":"","ast-breadcrumbs-content":"","ast-featured-img":"","footer-sml-layout":"","ast-disable-related-posts":"","theme-transparent-header-meta":"","adv-header-id-meta":"","stick-header-meta":"","header-above-stick-meta":"","header-main-stick-meta":"","header-below-stick-meta":"","astra-migrate-meta-layouts":"default","ast-page-background-enabled":"default","ast-page-background-meta":{"desktop":{"background-color":"var(--ast-global-color-4)","background-image":"","background-repeat":"repeat","background-position":"center center","background-size":"auto","background-attachment":"scroll","background-type":"","background-media":"","overlay-type":"","overlay-color":"","overlay-opacity":"","overlay-gradient":""},"tablet":{"background-color":"","background-image":"","background-repeat":"repeat","background-position":"center center","background-size":"auto","background-attachment":"scroll","background-type":"","background-media":"","overlay-type":"","overlay-color":"","overlay-opacity":"","overlay-gradient":""},"mobile":{"background-color":"","background-image":"","background-repeat":"repeat","background-position":"center center","background-size":"auto","background-attachment":"scroll","background-type":"","background-media":"","overlay-type":"","overlay-color":"","overlay-opacity":"","overlay-gradient":""}},"ast-content-background-meta":{"desktop":{"background-color":"var(--ast-global-color-5)","background-image":"","background-repeat":"repeat","background-position":"center center","background-size":"auto","background-attachment":"scroll","background-type":"","background-media":"","overlay-type":"","overlay-color":"","overlay-opacity":"","overlay-gradient":""},"tablet":{"background-color":"var(--ast-global-color-5)","background-image":"","background-repeat":"repeat","background-position":"center center","background-size":"auto","background-attachment":"scroll","background-type":"","background-media":"","overlay-type":"","overlay-color":"","overlay-opacity":"","overlay-gradient":""},"mobile":{"background-color":"var(--ast-global-color-5)","background-image":"","background-repeat":"repeat","background-position":"center center","background-size":"auto","background-attachment":"scroll","background-type":"","background-media":"","overlay-type":"","overlay-color":"","overlay-opacity":"","overlay-gradient":""}},"footnotes":""},"categories":[16],"tags":[],"class_list":["post-1072","post","type-post","status-publish","format-standard","has-post-thumbnail","hentry","category-archives-cms"],"_links":{"self":[{"href":"https:\/\/lavoiedessansvoix.fr\/lavoie\/wp-json\/wp\/v2\/posts\/1072","targetHints":{"allow":["GET"]}}],"collection":[{"href":"https:\/\/lavoiedessansvoix.fr\/lavoie\/wp-json\/wp\/v2\/posts"}],"about":[{"href":"https:\/\/lavoiedessansvoix.fr\/lavoie\/wp-json\/wp\/v2\/types\/post"}],"author":[{"embeddable":true,"href":"https:\/\/lavoiedessansvoix.fr\/lavoie\/wp-json\/wp\/v2\/users\/1"}],"replies":[{"embeddable":true,"href":"https:\/\/lavoiedessansvoix.fr\/lavoie\/wp-json\/wp\/v2\/comments?post=1072"}],"version-history":[{"count":1,"href":"https:\/\/lavoiedessansvoix.fr\/lavoie\/wp-json\/wp\/v2\/posts\/1072\/revisions"}],"predecessor-version":[{"id":4766,"href":"https:\/\/lavoiedessansvoix.fr\/lavoie\/wp-json\/wp\/v2\/posts\/1072\/revisions\/4766"}],"wp:featuredmedia":[{"embeddable":true,"href":"https:\/\/lavoiedessansvoix.fr\/lavoie\/wp-json\/wp\/v2\/media\/4765"}],"wp:attachment":[{"href":"https:\/\/lavoiedessansvoix.fr\/lavoie\/wp-json\/wp\/v2\/media?parent=1072"}],"wp:term":[{"taxonomy":"category","embeddable":true,"href":"https:\/\/lavoiedessansvoix.fr\/lavoie\/wp-json\/wp\/v2\/categories?post=1072"},{"taxonomy":"post_tag","embeddable":true,"href":"https:\/\/lavoiedessansvoix.fr\/lavoie\/wp-json\/wp\/v2\/tags?post=1072"}],"curies":[{"name":"wp","href":"https:\/\/api.w.org\/{rel}","templated":true}]}}