{"id":1070,"date":"2015-10-04T08:55:00","date_gmt":"2015-10-04T06:55:00","guid":{"rendered":"https:\/\/lavoiedessansvoix.fr\/lavoie\/2015\/10\/04\/archive-mains-rouges\/"},"modified":"2026-04-26T22:08:25","modified_gmt":"2026-04-26T20:08:25","slug":"archive-mains-rouges","status":"publish","type":"post","link":"https:\/\/lavoiedessansvoix.fr\/lavoie\/2015\/10\/04\/archive-mains-rouges\/","title":{"rendered":"MAINS ROUGES"},"content":{"rendered":"<p>MAINS ROUGES   Vendredi sur \u00ab France 2 \u00bb, l\u2019\u00e9mission de Fr\u00e9d\u00e9ric Tadde\u00ef \u00ab Ce soir ou jamais \u00bb posait la question : \u00ab Contre Daesh doit-on s\u2019allier avec le diable ? \u00bb. Le pacte avec le diable est n\u00e9cessaire \u00bb r\u00e9ponds \u00ab Le Monde \u00bb. Et hier soir, samedi ; Laurent de la House posait \u00e0 son tour la question selon la m\u00eame probl\u00e9matique.  \u00ab Contre Daesh faut-il s\u2019allier avec le Diable ? \u00bb Mais n\u2019aviez-vous pas compris comme moi que \u00ab Daesh \u00bb s\u2019\u00e9tait le Diable ? La question pour le moins aurait d\u00fb \u00eatre formul\u00e9e ainsi : \u00ab contre le Diable faut-il s\u2019allier avec le Diable ? \u00bb Mais sous cette forme chacun aurait vu que quelque chose ne collait pas dans la probl\u00e9matique. Le Diable c\u2019est le diable et il ne peut y en avoir qu\u2019un. Si Nicole est poss\u00e9d\u00e9e par le Diable, l\u2019exorciste de service ne posera jamais la question \u00ab Contre le Diable Lucifer dois-je m\u2019allier avec le Diable Nicole ? \u00bb. Nicole m\u00eame poss\u00e9d\u00e9e n\u2019est que la victime du Diable et non le Diable elle-m\u00eame. Bachar al Assad attaqu\u00e9 par le Diable Daesh se d\u00e9fend \u00ab comme un beau Diable \u00bb pourrait-on dire, cela fait bien s\u00fbr du d\u00e9g\u00e2t, comment pourrait-il en aller autrement ? Mais Assad combattant le Diable ne saurait-\u00eatre Diable lui-m\u00eame.  Le probl\u00e8me c\u2019est \u00ab Daesh \u00bb, le Diable c\u2019est \u00ab Daesh \u00bb. La v\u00e9ritable question \u00e9tait donc la suivante : \u00ab Contre le Diable faut-il s\u2019allier avec Bachar Al Assad ? \u00bb Contre Daesh faut-il s\u2019allier avec le Diable \u00bb est une inversion coupable de la probl\u00e9matique qui en dit long sur l\u2019intention malsaine de nos m\u00e9dias \u00e0 la solde.  La question ainsi mal  pos\u00e9e, quel est l\u2019objectif v\u00e9ritable poursuivit ?   L\u2019objectif c\u2019est de Justifier l\u2019injustifiable. Donner du sens et de la coh\u00e9rence \u00e0 la criminelle position officielle de la France. La question ainsi mal pos\u00e9e a pour dessein de d\u00e9montrer que l\u2019inqualifiable position de notre \u00ab diplomatie \u00bb serait dict\u00e9e par les imp\u00e9ratifs de \u00ab la morale politique \u00bb.  De qu\u2019elle morale politique \u00ab diable \u00bb peut-on cr\u00e9diter la France ? Alors que la politique syrienne de la France se caract\u00e9rise en v\u00e9rit\u00e9 depuis le d\u00e9but de l\u2019affaire par un \u00ab machiav\u00e9lisme \u00bb sans borne qui ferait honte \u00e0 l\u2019auteur \u00ab du prince \u00bb. Morale la position politique de La France ? La d\u00e9rive qui a conduit celle-ci \u00e0 devenir depuis, et pour cause, la grande amie de l\u2019horrible monarchie Saoudienne pourvoyeuse des groupes djihadistes et des coupeurs de t\u00eates qui ensanglantent le Moyen-Orient, infirme cette proposition de mani\u00e8re irr\u00e9futable.  Jean-Pierre Chev\u00e8nement lui, qui d\u00e9nonce le \u00ab mythe \u00bb des printemps arabes \u00bb et qui est partisan de la collaboration avec le r\u00e9gime de Bachar Al Assad dans la lutte contre \u00ab l\u2019\u00c9tat Islamique \u00bb, pourquoi se croit-il oblig\u00e9 de conc\u00e9der \u00e0 la th\u00e8se officielle \u00ab que oui, Assad est un horrible dictateur. \u00bb  En mai 68 en France, le G\u00e9n\u00e9ral De Gaulle alla voir le G\u00e9n\u00e9ral Massu \u00e0 Balen-Baden, et les chars de Massu se dispos\u00e8rent autour de Paris. Si la situation avait d\u00e9g\u00e9n\u00e9r\u00e9 en bataille arm\u00e9e, croyez-vous que les chars seraient rest\u00e9s inactifs ? De Gaulle, qui s\u2019\u00e9tait d\u00e9fendu de vouloir \u00e0 70 ans entamer une carri\u00e8re de dictateur, se serait trouv\u00e9 dans la peau d\u2019un tyran sanguinaire.  Pas un seul pouvoir, lorsqu\u2019il est attaqu\u00e9 militairement, ne capitule sans combat, et il est ais\u00e9 de le cataloguer alors de \u00ab sanguinaire, de dictateur, d\u2019assassin de son peuple \u00bb. Lorsqu\u2019il y a combat, agression arm\u00e9e soit-elle justifi\u00e9e ou pas, la responsabilit\u00e9 du sang vers\u00e9 est partag\u00e9e entre les \u00ab attaquants \u00bb et les \u00ab d\u00e9fendeurs \u00bb. Fran\u00e7ois Hollande lui-m\u00eame, la r\u00e9f\u00e9rence morale de la politique internationale (c\u2019est tout au moins ce qu\u2019il pr\u00e9tend) ne ferait pas mieux. Imaginez un seul instant que des groupes arm\u00e9es attaquent le pouvoir, veuillent limoger par la force le pr\u00e9sident et renverser la 5\u00e8me R\u00e9publique. Que se passerai-t-il ? Hollande croyez-vous, abandonnerait le pouvoir en laissant ces groupes arm\u00e9es prendre possession des palais et lieux de pouvoir de la R\u00e9publique, au pr\u00e9texte qu\u2019il est un \u00ab d\u00e9mocrate \u00bb et \u00ab qu\u2019il ne versera pas le sang du peuple ? \u00bb Allons balivernes ! Cessez messieurs de vous moquer de nous.  Le Pr\u00e9sident Assad, la R\u00e9publique Syrienne Baasiste, l\u2019\u00e9quilibre politique de la Syrie ont \u00e9t\u00e9 attaqu\u00e9s par des bandes arm\u00e9es commandit\u00e9es par le Qatar et l\u2019Arabie Saoudite, encourag\u00e9s et soutenus par les USA le Royaume Uni et la France. Alors certes la confusion a \u00e9t\u00e9 entretenue un temps, car une v\u00e9ritable opposition politique s\u2019\u00e9tait aussi laiss\u00e9e embarqu\u00e9e dans l\u2019aventure, emport\u00e9e par l\u2019id\u00e9e d\u2019un pr\u00e9tendu embrasement r\u00e9volutionnaire d\u00e9mocratique du Moyen-Orient sous le souffle chaud du printemps arabe \u00bb venu de Tunisie. Mais tr\u00e8s rapidement, comme \u00e7a avait \u00e9t\u00e9 d\u00e9j\u00e0 le cas en Libye, la pr\u00e9tendue r\u00e9volution est apparue pour ce qu\u2019elle \u00e9tait vraiment, une agression ext\u00e9rieure maquill\u00e9e en guerre civile, pilot\u00e9e par les puissances imp\u00e9rialistes occidentales. Le r\u00e9gime l\u00e9gal Syrien a fait front, c\u2019est d\u00e9fendu, c\u2019est battu avec obstination.   Alors oui, beaucoup de sang a \u00e9t\u00e9 vers\u00e9, beaucoup de souffrances et de destructions en ont r\u00e9sult\u00e9. Mais qui est responsable vraiment ? Les agresseurs ou les agress\u00e9s ?   Qui est ou qui sont le, ou les dictateurs ? Celui qui r\u00e9siste au nom de l\u2019int\u00e9grit\u00e9 de son territoire et de l\u2019ind\u00e9pendance politique de la Syrie, ou ceux qui veulent d\u00e9truire le pouvoir syrien qui ne leur agr\u00e9e pas pour le remplacer par un autre \u00e0 leur convenance ?   Qui est dictateur Bachar al Assad Pr\u00e9sident l\u00e9gal de Syrie ou celui qui depuis le Palais de l\u2019\u00c9lys\u00e9e \u00e0 Paris intime l\u2019ordre au Pr\u00e9sident Syrien de partir et d\u00e9cide \u00e0 la place du Pr\u00e9sident l\u00e9gal d\u2019un pays \u00e9tranger ind\u00e9pendant et \u00e0 la place de son peuple, que c\u2019est un organisme \u00ab pipeau \u00bb, invent\u00e9 de toute pi\u00e8ce est baptis\u00e9 \u00ab CNS \u00bb qui est \u00e0 ce jour d\u00e9positaire de la l\u00e9galit\u00e9 syrienne \u00e0 la place du gouvernement l\u00e9gal.   Tr\u00e8s sinc\u00e8rement, tentez amis lecteurs de r\u00e9pondre \u00e0 la question : sur lequel des deux doit retomber la responsabilit\u00e9 du sang vers\u00e9 ?  Patrick Seignon. \u00ab lavoiedessansvoix.fr \u00bb. Dimanche 4 octobre 2015.<\/p>\n","protected":false},"excerpt":{"rendered":"<p>MAINS ROUGES Vendredi sur \u00ab France 2 \u00bb, l\u2019\u00e9mission de Fr\u00e9d\u00e9ric Tadde\u00ef \u00ab Ce soir ou jamais \u00bb posait la [&hellip;]<\/p>\n","protected":false},"author":1,"featured_media":4761,"comment_status":"open","ping_status":"open","sticky":false,"template":"","format":"standard","meta":{"sfsi_plus_gutenberg_text_before_share":"","sfsi_plus_gutenberg_show_text_before_share":"","sfsi_plus_gutenberg_icon_type":"","sfsi_plus_gutenberg_icon_alignemt":"","sfsi_plus_gutenburg_max_per_row":"","site-sidebar-layout":"default","site-content-layout":"","ast-site-content-layout":"default","site-content-style":"default","site-sidebar-style":"default","ast-global-header-display":"","ast-banner-title-visibility":"","ast-main-header-display":"","ast-hfb-above-header-display":"","ast-hfb-below-header-display":"","ast-hfb-mobile-header-display":"","site-post-title":"","ast-breadcrumbs-content":"","ast-featured-img":"","footer-sml-layout":"","ast-disable-related-posts":"","theme-transparent-header-meta":"","adv-header-id-meta":"","stick-header-meta":"","header-above-stick-meta":"","header-main-stick-meta":"","header-below-stick-meta":"","astra-migrate-meta-layouts":"default","ast-page-background-enabled":"default","ast-page-background-meta":{"desktop":{"background-color":"var(--ast-global-color-4)","background-image":"","background-repeat":"repeat","background-position":"center center","background-size":"auto","background-attachment":"scroll","background-type":"","background-media":"","overlay-type":"","overlay-color":"","overlay-opacity":"","overlay-gradient":""},"tablet":{"background-color":"","background-image":"","background-repeat":"repeat","background-position":"center center","background-size":"auto","background-attachment":"scroll","background-type":"","background-media":"","overlay-type":"","overlay-color":"","overlay-opacity":"","overlay-gradient":""},"mobile":{"background-color":"","background-image":"","background-repeat":"repeat","background-position":"center center","background-size":"auto","background-attachment":"scroll","background-type":"","background-media":"","overlay-type":"","overlay-color":"","overlay-opacity":"","overlay-gradient":""}},"ast-content-background-meta":{"desktop":{"background-color":"var(--ast-global-color-5)","background-image":"","background-repeat":"repeat","background-position":"center center","background-size":"auto","background-attachment":"scroll","background-type":"","background-media":"","overlay-type":"","overlay-color":"","overlay-opacity":"","overlay-gradient":""},"tablet":{"background-color":"var(--ast-global-color-5)","background-image":"","background-repeat":"repeat","background-position":"center center","background-size":"auto","background-attachment":"scroll","background-type":"","background-media":"","overlay-type":"","overlay-color":"","overlay-opacity":"","overlay-gradient":""},"mobile":{"background-color":"var(--ast-global-color-5)","background-image":"","background-repeat":"repeat","background-position":"center center","background-size":"auto","background-attachment":"scroll","background-type":"","background-media":"","overlay-type":"","overlay-color":"","overlay-opacity":"","overlay-gradient":""}},"footnotes":""},"categories":[16],"tags":[],"class_list":["post-1070","post","type-post","status-publish","format-standard","has-post-thumbnail","hentry","category-archives-cms"],"_links":{"self":[{"href":"https:\/\/lavoiedessansvoix.fr\/lavoie\/wp-json\/wp\/v2\/posts\/1070","targetHints":{"allow":["GET"]}}],"collection":[{"href":"https:\/\/lavoiedessansvoix.fr\/lavoie\/wp-json\/wp\/v2\/posts"}],"about":[{"href":"https:\/\/lavoiedessansvoix.fr\/lavoie\/wp-json\/wp\/v2\/types\/post"}],"author":[{"embeddable":true,"href":"https:\/\/lavoiedessansvoix.fr\/lavoie\/wp-json\/wp\/v2\/users\/1"}],"replies":[{"embeddable":true,"href":"https:\/\/lavoiedessansvoix.fr\/lavoie\/wp-json\/wp\/v2\/comments?post=1070"}],"version-history":[{"count":1,"href":"https:\/\/lavoiedessansvoix.fr\/lavoie\/wp-json\/wp\/v2\/posts\/1070\/revisions"}],"predecessor-version":[{"id":4762,"href":"https:\/\/lavoiedessansvoix.fr\/lavoie\/wp-json\/wp\/v2\/posts\/1070\/revisions\/4762"}],"wp:featuredmedia":[{"embeddable":true,"href":"https:\/\/lavoiedessansvoix.fr\/lavoie\/wp-json\/wp\/v2\/media\/4761"}],"wp:attachment":[{"href":"https:\/\/lavoiedessansvoix.fr\/lavoie\/wp-json\/wp\/v2\/media?parent=1070"}],"wp:term":[{"taxonomy":"category","embeddable":true,"href":"https:\/\/lavoiedessansvoix.fr\/lavoie\/wp-json\/wp\/v2\/categories?post=1070"},{"taxonomy":"post_tag","embeddable":true,"href":"https:\/\/lavoiedessansvoix.fr\/lavoie\/wp-json\/wp\/v2\/tags?post=1070"}],"curies":[{"name":"wp","href":"https:\/\/api.w.org\/{rel}","templated":true}]}}