{"id":1066,"date":"2015-10-13T00:12:00","date_gmt":"2015-10-12T22:12:00","guid":{"rendered":"https:\/\/lavoiedessansvoix.fr\/lavoie\/2015\/10\/13\/archive-la-turquie-dans-la-tourmente\/"},"modified":"2026-04-26T22:07:47","modified_gmt":"2026-04-26T20:07:47","slug":"archive-la-turquie-dans-la-tourmente","status":"publish","type":"post","link":"https:\/\/lavoiedessansvoix.fr\/lavoie\/2015\/10\/13\/archive-la-turquie-dans-la-tourmente\/","title":{"rendered":"LA TURQUIE DANS LA TOURMENTE"},"content":{"rendered":"<p>LA TURQUIE DANS LA TOURMENTE  Pour de multiple raisons la Turquie, est impliqu\u00e9e depuis le d\u00e9but dans le conflit qui ravage la Syrie en particulier, le Moyen-Orient en g\u00e9n\u00e9ral. La premi\u00e8re de ces raisons est son ali\u00e9nation \u00e0 l\u2019Occident par l\u2019appartenance \u00e0 l\u2019OTAN et la seconde ses liens au monde arabo-sunnite, alli\u00e9 de l\u2019Occident, par ses racines religieuses et culturelles. Mais il y en a d\u2019autres : sa fronti\u00e8re commune avec la Syrie et de la question kurde, exacerb\u00e9e par le contexte actuel, qu\u2019elle partage avec ses deux voisins, la Syrie et l\u2019Irak.   Alors bien s\u00fbr il est certain que l\u2019attentat meurtrier qui vient de se produire n\u2019a pas \u00e9t\u00e9 l\u2019\u0153uvre du PKK comme voudrait l\u2019insinuer Erdogan de mani\u00e8re fort perverse. Mais il n\u2019y a pas plus de raisons de croire qu\u2019il soit l\u2019\u0153uvre du pouvoir central ou des services secrets turcs, comme le scandent les manifestants aveugl\u00e9s par la douleur et l\u2019indignation. Quel int\u00e9r\u00eat auraient en effet les cercles du pouvoir turc \u00e0 prendre le risque de faire rebondir la lutte nationale kurde \u00e0 l\u2019heure o\u00f9 la Turquie renoue avec des vis\u00e9es r\u00e9gionales ?   Une autre explication nous apparait plus fond\u00e9e, bien qu\u2019\u00e0 l\u2019heure actuelle il ne s\u2019agisse que d\u2019une hypoth\u00e8se. Ne se pourrait-il pas que cette attaque s\u2019inscrive dans le plan g\u00e9n\u00e9ral de \u00ab balkanisation \u00bb du Moyen-Orient selon les lignes de fractures ethniques et religieuses, foment\u00e9 par les USA ?  Au grand dam de la coalition occidentale, les kurdes syriens qui se battent contre l\u2019EI ne paraissent pourtant pas souhaiter se s\u00e9parer de la Syrie et du pouvoir l\u00e9gal de ce pays. Les kurdes Irakiens eux ont acquis un quasi statut d\u2019autonomie. L\u2019insurrection des kurdes de Turquie ne serait-elle pas de nature \u00e0 faire grandir les tendances s\u00e9paratistes avec l\u2019apparition d\u2019une revendication nationale Turque ? Ne serait-il pas souhaitable aux strat\u00e8ges occidentaux de r\u00e9veiller la revendication nationale kurde en Turquie afin de faire rebondir l\u2019id\u00e9e s\u00e9cessionniste d\u2019une nation Kurde qui ponctionnerai \u00e0 la fois les territoires des trois pays \u00ab impact\u00e9 \u00bb la Turquie, la Syrie et l\u2019Irak.  Mettre en mouvement les kurdes de Turquie afin d\u2019ouvrir la perspective de leur convergence avec les r\u00e9sistances Kurdes d\u2019Irak et de Syrie, avec pour dessein de pousser \u00e0 l&rsquo;\u00e9mergence d&rsquo;une revendication nationale kurde commune privant ainsi, dans la lutte contre \u00ab\u00a0l&rsquo;EI\u00a0\u00bb, les pays impact\u00e9s, de l\u2019aide des \u00ab\u00a0milices suppl\u00e9tives\u00a0\u00bb que constituent de fait les combattants Kurdes. Ceux-ci \u00e9tant plus pr\u00e9occup\u00e9s, d\u00e8s lors, d\u2019\u0153uvrer pour leur propre compte \u00e0 l\u2019\u00e9clatement de l\u2019Irak et de la Syrie et \u00e0 l\u2019amputation de l\u2019actuel territoire turc.   Une objection pourrait-\u00eatre faite contre cette hypoth\u00e8se : \u00ab se peut-il que les USA travaillent \u00e0 mettre en difficult\u00e9 leur propre alli\u00e9 ? \u00bb Or cette objection ne tient pas. Les USA ont r\u00e9cemment administr\u00e9 la preuve qu\u2019ils ne se laissaient jamais arr\u00eater par aucuns scrupules.  Il ne serait pas invraisemblable en ce cas que l\u2019attaque sanglante d\u2019Ankara soit l\u2019\u0153uvre t\u00e9l\u00e9guid\u00e9e de quelques services secrets occidentaux en coordination \u00e9troite avec la CIA.  Patrick Seignon. \u00ab lavoiedessansvoix.fr \u00bb Mardi 13 octobre 2015.<\/p>\n","protected":false},"excerpt":{"rendered":"<p>LA TURQUIE DANS LA TOURMENTE Pour de multiple raisons la Turquie, est impliqu\u00e9e depuis le d\u00e9but dans le conflit qui [&hellip;]<\/p>\n","protected":false},"author":1,"featured_media":4753,"comment_status":"open","ping_status":"open","sticky":false,"template":"","format":"standard","meta":{"sfsi_plus_gutenberg_text_before_share":"","sfsi_plus_gutenberg_show_text_before_share":"","sfsi_plus_gutenberg_icon_type":"","sfsi_plus_gutenberg_icon_alignemt":"","sfsi_plus_gutenburg_max_per_row":"","site-sidebar-layout":"default","site-content-layout":"","ast-site-content-layout":"default","site-content-style":"default","site-sidebar-style":"default","ast-global-header-display":"","ast-banner-title-visibility":"","ast-main-header-display":"","ast-hfb-above-header-display":"","ast-hfb-below-header-display":"","ast-hfb-mobile-header-display":"","site-post-title":"","ast-breadcrumbs-content":"","ast-featured-img":"","footer-sml-layout":"","ast-disable-related-posts":"","theme-transparent-header-meta":"","adv-header-id-meta":"","stick-header-meta":"","header-above-stick-meta":"","header-main-stick-meta":"","header-below-stick-meta":"","astra-migrate-meta-layouts":"default","ast-page-background-enabled":"default","ast-page-background-meta":{"desktop":{"background-color":"var(--ast-global-color-4)","background-image":"","background-repeat":"repeat","background-position":"center center","background-size":"auto","background-attachment":"scroll","background-type":"","background-media":"","overlay-type":"","overlay-color":"","overlay-opacity":"","overlay-gradient":""},"tablet":{"background-color":"","background-image":"","background-repeat":"repeat","background-position":"center center","background-size":"auto","background-attachment":"scroll","background-type":"","background-media":"","overlay-type":"","overlay-color":"","overlay-opacity":"","overlay-gradient":""},"mobile":{"background-color":"","background-image":"","background-repeat":"repeat","background-position":"center center","background-size":"auto","background-attachment":"scroll","background-type":"","background-media":"","overlay-type":"","overlay-color":"","overlay-opacity":"","overlay-gradient":""}},"ast-content-background-meta":{"desktop":{"background-color":"var(--ast-global-color-5)","background-image":"","background-repeat":"repeat","background-position":"center center","background-size":"auto","background-attachment":"scroll","background-type":"","background-media":"","overlay-type":"","overlay-color":"","overlay-opacity":"","overlay-gradient":""},"tablet":{"background-color":"var(--ast-global-color-5)","background-image":"","background-repeat":"repeat","background-position":"center center","background-size":"auto","background-attachment":"scroll","background-type":"","background-media":"","overlay-type":"","overlay-color":"","overlay-opacity":"","overlay-gradient":""},"mobile":{"background-color":"var(--ast-global-color-5)","background-image":"","background-repeat":"repeat","background-position":"center center","background-size":"auto","background-attachment":"scroll","background-type":"","background-media":"","overlay-type":"","overlay-color":"","overlay-opacity":"","overlay-gradient":""}},"footnotes":""},"categories":[16],"tags":[],"class_list":["post-1066","post","type-post","status-publish","format-standard","has-post-thumbnail","hentry","category-archives-cms"],"_links":{"self":[{"href":"https:\/\/lavoiedessansvoix.fr\/lavoie\/wp-json\/wp\/v2\/posts\/1066","targetHints":{"allow":["GET"]}}],"collection":[{"href":"https:\/\/lavoiedessansvoix.fr\/lavoie\/wp-json\/wp\/v2\/posts"}],"about":[{"href":"https:\/\/lavoiedessansvoix.fr\/lavoie\/wp-json\/wp\/v2\/types\/post"}],"author":[{"embeddable":true,"href":"https:\/\/lavoiedessansvoix.fr\/lavoie\/wp-json\/wp\/v2\/users\/1"}],"replies":[{"embeddable":true,"href":"https:\/\/lavoiedessansvoix.fr\/lavoie\/wp-json\/wp\/v2\/comments?post=1066"}],"version-history":[{"count":1,"href":"https:\/\/lavoiedessansvoix.fr\/lavoie\/wp-json\/wp\/v2\/posts\/1066\/revisions"}],"predecessor-version":[{"id":4754,"href":"https:\/\/lavoiedessansvoix.fr\/lavoie\/wp-json\/wp\/v2\/posts\/1066\/revisions\/4754"}],"wp:featuredmedia":[{"embeddable":true,"href":"https:\/\/lavoiedessansvoix.fr\/lavoie\/wp-json\/wp\/v2\/media\/4753"}],"wp:attachment":[{"href":"https:\/\/lavoiedessansvoix.fr\/lavoie\/wp-json\/wp\/v2\/media?parent=1066"}],"wp:term":[{"taxonomy":"category","embeddable":true,"href":"https:\/\/lavoiedessansvoix.fr\/lavoie\/wp-json\/wp\/v2\/categories?post=1066"},{"taxonomy":"post_tag","embeddable":true,"href":"https:\/\/lavoiedessansvoix.fr\/lavoie\/wp-json\/wp\/v2\/tags?post=1066"}],"curies":[{"name":"wp","href":"https:\/\/api.w.org\/{rel}","templated":true}]}}