{"id":1064,"date":"2015-10-14T03:13:00","date_gmt":"2015-10-14T01:13:00","guid":{"rendered":"https:\/\/lavoiedessansvoix.fr\/lavoie\/2015\/10\/14\/archive-la-guerre-des-chemises\/"},"modified":"2026-04-26T22:07:23","modified_gmt":"2026-04-26T20:07:23","slug":"archive-la-guerre-des-chemises","status":"publish","type":"post","link":"https:\/\/lavoiedessansvoix.fr\/lavoie\/2015\/10\/14\/archive-la-guerre-des-chemises\/","title":{"rendered":"\u00ab LA GUERRE DES CHEMISES \u00bb"},"content":{"rendered":"<p>\u00ab LA GUERRE DES CHEMISES \u00bb  Des travailleurs, des militants syndicalistes, ont \u00e9t\u00e9 appr\u00e9hend\u00e9s avant-hier, dans le cadre de l\u2019enqu\u00eate ouverte \u00e0 la suite des violences qui ont \u00e9maill\u00e9 la derni\u00e8re r\u00e9union du comit\u00e9 d\u2019entreprise d\u2019Air France.  Nous-m\u00eames, lourdement sanctionn\u00e9s en notre temps pour des faits assimilables, voulons dire notre solidarit\u00e9 totale aux salari\u00e9s d\u2019Air France attaqu\u00e9s.  Car ce ne sont pas seulement les 6 interpell\u00e9s qui sont ainsi vis\u00e9s par une justice de classe, mais bien, \u00e0 travers eux, la totalit\u00e9 des salari\u00e9s de l\u2019avionneur. Au-del\u00e0 m\u00eame, ce sont tous les salari\u00e9s de France qui doivent ressentir le coup comme une agression contre eux-m\u00eames.  Les \u00ab maitres \u00bb proc\u00e8dent de cette mani\u00e8re perverse. C\u2019est la logique des repr\u00e9sailles telles que les pratiquaient certains occupants \u00e0 d\u2019autres \u00e9poques. Ne pouvant gu\u00e8re s\u2019en prendre \u00e0 la totalit\u00e9 des salari\u00e9s, ils d\u00e9signent certains \u00ab otages \u00bb sur lesquels ils feront peser tout le poids de leur haine pugnace. Il s\u2019agit de terroriser la masse des salari\u00e9s et de fracturer (diviser pour r\u00e9gner) le front commun de leur r\u00e9sistance.  Mais vous le savez bien camarades salari\u00e9s, ceux qui sont d\u00e9sign\u00e9s comme victimes expiatoires, \u00e9taient probablement aux avant-postes mais \u00e0 peu pr\u00e8s n\u2019importe lesquels des salari\u00e9s pr\u00e9sents \u00e0 la manifestation, auraient pu \u00eatre \u00e0 leur place au gr\u00e9 des circonstances, et tous se seraient probablement conduit de la m\u00eame fa\u00e7on.  Il faut faire corps autour de nos camarades stigmatis\u00e9s et se mobiliser en masse pour arr\u00eater le bras vengeur d\u2019une justice faite pour les poss\u00e9dants.  En \u00ab trainant \u00bb des salari\u00e9s devant leurs tribunaux, patrons et pouvoirs publics tentent d\u2019anath\u00e9matiser la r\u00e9sistance que des travailleurs opposent \u00e0 leurs agressions sans limites. Car oui, les agresseurs, les criminels s\u2019il en est en pareille affaire, ce sont ceux qui utilisent leur pouvoir d\u00e9cisionnel pour mettre des milliers de salari\u00e9s \u00e0 la rue, faire peser sur eux le spectre de la mis\u00e8re et de la d\u00e9ch\u00e9ance sociale. La voil\u00e0, la v\u00e9ritable, la terrible violence de classe. Qu\u2019est-ce donc au regard de cela qu\u2019une chemise arrach\u00e9e, des cadres bouscul\u00e9s ?   Nous l\u2019avons \u00e9crit le  6 octobre ( La table d\u2019ultimatum ), les actes d\u2019exasp\u00e9ration des salari\u00e9s d\u2019Air France, rel\u00e8vent de la \u00ab l\u00e9gitime d\u00e9fense \u00bb. L\u00e9gitime d\u00e9fense, bien d\u00e9su\u00e8te en v\u00e9rit\u00e9 face \u00e0 l\u2019ampleur et la violence de l\u2019attaque dont ils sont victimes et au cynisme de ceux qui l\u2019ex\u00e9cute ?  Courbant l\u2019\u00e9chine sous la gr\u00eale des coups subits depuis des d\u00e9cennies,  qui contesterait que les salari\u00e9s d\u2019Air France et tous les autres, ont fait preuve jusque-l\u00e0 d\u2019une longue patience. Subissant agressions et humiliations multiples  n\u2019ont-ils pas accumul\u00e9es de longtemps les mat\u00e9riaux n\u00e9cessaires d\u2019une grande col\u00e8re, et toutes les raisons et justifications d\u2019un \u00ab soul\u00e8vement \u00bb l\u00e9gitime ?  Lors du rassemblement de soutien aux salari\u00e9s d\u2019Air-France \u00bb incrimin\u00e9s, certains de leurs camarades brandissaient une pancarte tout \u00e0 fait \u00e9difiante \u00ab Macron, la prochaine chemise c\u2019est la tienne \u00bb. C\u2019est un signe. Nous voil\u00e0 rendus au-del\u00e0 du stade du simple d\u00e9rapage o\u00f9 les actes d\u00e9passent parfois l\u2019intention. Nous voil\u00e0 rendu dans l\u2019intention assum\u00e9e. Cette pancarte est \u00ab un manifeste \u00bb.   Eh oui ! Aux temps o\u00f9 le peuple Palestinien s\u2019engage lui dans sa troisi\u00e8me intifadah, pourquoi le peuple des salari\u00e9s fran\u00e7ais, les sans-culottes \u00bb d\u2019aujourd\u2019hui,  ne d\u00e9clarerait-ils pas la guerre, pour la d\u00e9fense de ses emplois et de sa dignit\u00e9, \u00e0 ceux qu\u2019avec humour ils nommera : \u00ab les sans chemises \u00bb.  Ils seraient bien mal venus de s\u2019en plaindre, les horribles qui dirigent et gouvernent, qui privent des dizaines de milliers de salari\u00e9s de leurs moyens de subsistances, qui en pr\u00e9cipitent des centaines de milliers dans le d\u00e9nuement et la mis\u00e8re, qui contestent \u00e0 un grand nombre le droit m\u00eame \u00e0 la dignit\u00e9, qui en poussent des milliers au suicide.   Patrick Seignon. \u00ab lavoiedessansvoix.fr \u00bb Mercredi 14 octobre 2015.<\/p>\n","protected":false},"excerpt":{"rendered":"<p>\u00ab LA GUERRE DES CHEMISES \u00bb Des travailleurs, des militants syndicalistes, ont \u00e9t\u00e9 appr\u00e9hend\u00e9s avant-hier, dans le cadre de l\u2019enqu\u00eate [&hellip;]<\/p>\n","protected":false},"author":1,"featured_media":4749,"comment_status":"open","ping_status":"open","sticky":false,"template":"","format":"standard","meta":{"sfsi_plus_gutenberg_text_before_share":"","sfsi_plus_gutenberg_show_text_before_share":"","sfsi_plus_gutenberg_icon_type":"","sfsi_plus_gutenberg_icon_alignemt":"","sfsi_plus_gutenburg_max_per_row":"","site-sidebar-layout":"default","site-content-layout":"","ast-site-content-layout":"default","site-content-style":"default","site-sidebar-style":"default","ast-global-header-display":"","ast-banner-title-visibility":"","ast-main-header-display":"","ast-hfb-above-header-display":"","ast-hfb-below-header-display":"","ast-hfb-mobile-header-display":"","site-post-title":"","ast-breadcrumbs-content":"","ast-featured-img":"","footer-sml-layout":"","ast-disable-related-posts":"","theme-transparent-header-meta":"","adv-header-id-meta":"","stick-header-meta":"","header-above-stick-meta":"","header-main-stick-meta":"","header-below-stick-meta":"","astra-migrate-meta-layouts":"default","ast-page-background-enabled":"default","ast-page-background-meta":{"desktop":{"background-color":"var(--ast-global-color-4)","background-image":"","background-repeat":"repeat","background-position":"center center","background-size":"auto","background-attachment":"scroll","background-type":"","background-media":"","overlay-type":"","overlay-color":"","overlay-opacity":"","overlay-gradient":""},"tablet":{"background-color":"","background-image":"","background-repeat":"repeat","background-position":"center center","background-size":"auto","background-attachment":"scroll","background-type":"","background-media":"","overlay-type":"","overlay-color":"","overlay-opacity":"","overlay-gradient":""},"mobile":{"background-color":"","background-image":"","background-repeat":"repeat","background-position":"center center","background-size":"auto","background-attachment":"scroll","background-type":"","background-media":"","overlay-type":"","overlay-color":"","overlay-opacity":"","overlay-gradient":""}},"ast-content-background-meta":{"desktop":{"background-color":"var(--ast-global-color-5)","background-image":"","background-repeat":"repeat","background-position":"center center","background-size":"auto","background-attachment":"scroll","background-type":"","background-media":"","overlay-type":"","overlay-color":"","overlay-opacity":"","overlay-gradient":""},"tablet":{"background-color":"var(--ast-global-color-5)","background-image":"","background-repeat":"repeat","background-position":"center center","background-size":"auto","background-attachment":"scroll","background-type":"","background-media":"","overlay-type":"","overlay-color":"","overlay-opacity":"","overlay-gradient":""},"mobile":{"background-color":"var(--ast-global-color-5)","background-image":"","background-repeat":"repeat","background-position":"center center","background-size":"auto","background-attachment":"scroll","background-type":"","background-media":"","overlay-type":"","overlay-color":"","overlay-opacity":"","overlay-gradient":""}},"footnotes":""},"categories":[16],"tags":[],"class_list":["post-1064","post","type-post","status-publish","format-standard","has-post-thumbnail","hentry","category-archives-cms"],"_links":{"self":[{"href":"https:\/\/lavoiedessansvoix.fr\/lavoie\/wp-json\/wp\/v2\/posts\/1064","targetHints":{"allow":["GET"]}}],"collection":[{"href":"https:\/\/lavoiedessansvoix.fr\/lavoie\/wp-json\/wp\/v2\/posts"}],"about":[{"href":"https:\/\/lavoiedessansvoix.fr\/lavoie\/wp-json\/wp\/v2\/types\/post"}],"author":[{"embeddable":true,"href":"https:\/\/lavoiedessansvoix.fr\/lavoie\/wp-json\/wp\/v2\/users\/1"}],"replies":[{"embeddable":true,"href":"https:\/\/lavoiedessansvoix.fr\/lavoie\/wp-json\/wp\/v2\/comments?post=1064"}],"version-history":[{"count":1,"href":"https:\/\/lavoiedessansvoix.fr\/lavoie\/wp-json\/wp\/v2\/posts\/1064\/revisions"}],"predecessor-version":[{"id":4750,"href":"https:\/\/lavoiedessansvoix.fr\/lavoie\/wp-json\/wp\/v2\/posts\/1064\/revisions\/4750"}],"wp:featuredmedia":[{"embeddable":true,"href":"https:\/\/lavoiedessansvoix.fr\/lavoie\/wp-json\/wp\/v2\/media\/4749"}],"wp:attachment":[{"href":"https:\/\/lavoiedessansvoix.fr\/lavoie\/wp-json\/wp\/v2\/media?parent=1064"}],"wp:term":[{"taxonomy":"category","embeddable":true,"href":"https:\/\/lavoiedessansvoix.fr\/lavoie\/wp-json\/wp\/v2\/categories?post=1064"},{"taxonomy":"post_tag","embeddable":true,"href":"https:\/\/lavoiedessansvoix.fr\/lavoie\/wp-json\/wp\/v2\/tags?post=1064"}],"curies":[{"name":"wp","href":"https:\/\/api.w.org\/{rel}","templated":true}]}}