{"id":1061,"date":"2015-10-23T02:57:00","date_gmt":"2015-10-23T00:57:00","guid":{"rendered":"https:\/\/lavoiedessansvoix.fr\/lavoie\/2015\/10\/23\/archive-netanyahou-le-le-pen-israelien\/"},"modified":"2026-04-26T22:06:55","modified_gmt":"2026-04-26T20:06:55","slug":"archive-netanyahou-le-le-pen-israelien","status":"publish","type":"post","link":"https:\/\/lavoiedessansvoix.fr\/lavoie\/2015\/10\/23\/archive-netanyahou-le-le-pen-israelien\/","title":{"rendered":"NETANYAHOU LE \u00ab LE PEN \u00bb ISRA\u00c9LIEN"},"content":{"rendered":"<p>NETANYAHOU, UN \u00ab LE PEN \u00bb ISRA\u00c9LIEN*   Jean-Marie Le Pen c\u2019est fait connaitre en France par ses d\u00e9clarations tonitruantes et ses petites phrases assassines qui lui ont valu maintes fois d\u2019\u00eatre d\u00e9f\u00e9r\u00e9 devant les tribunaux \u00ab de notre sainte r\u00e9publique la\u00efque gardienne de \u00ab la v\u00e9rit\u00e9 r\u00e9v\u00e9l\u00e9e \u00bb et de la m\u00e9moire publique. \u00bb Le premier ministre Isra\u00e9lien, Benjamin Netanyahou a semble-t-il d\u00e9cid\u00e9 de jouer dans la m\u00eame court.  \u00ab S&rsquo;exprimant devant le congr\u00e8s sioniste mondial \u00e0 J\u00e9rusalem, Netanyahu relate une rencontre survenue, selon lui, en novembre 1941 entre Haj Amin al-Husseini et le dictateur allemand. \u00ab\u00a0Hitler ne souhaitait pas exterminer les juifs \u00e0 cette \u00e9poque, il souhaitait les expulser\u00a0\u00bb, souligne le Premier ministre isra\u00e9lien. \u00ab\u00a0C&rsquo;est alors que Haj Amin al-Husseini est all\u00e9 \u00e0 la rencontre d&rsquo;Hitler et lui a dit : Si vous les expulsez, ils d\u00e9barqueront tous ici (en Palestine).\u00a0\u00bb \u00c0 en croire Benjamin Netanyahu, le F\u00fchrer lui aurait alors r\u00e9pondu : \u00ab\u00a0Que devrais-je faire d&rsquo;eux ?\u00a0\u00bb Et le mufti de r\u00e9pondre : \u00ab\u00a0Br\u00fblez-les.\u00a0\u00bb (Rapporte \u00ab LE POINT International \u00bb).  Selon cet ignoble individu, \u00e2me damn\u00e9e du peuple juif, le chancelier du 3\u00e8me Reich, proph\u00e8te de \u00ab la race arienne \u00bb aurait donc ob\u00e9it \u00e0 l\u2019injonction de \u00ab son ami sous-homme, arabe et musulman \u00bb.  Si grand nombre d\u2019historiens, publicistes et cin\u00e9astes, dans la veine \u00ab d\u2019Apocalypse Hitler \u00bb, ont grand tort de vouloir r\u00e9duire la question de la deuxi\u00e8me guerre mondiale et de l\u2019holocauste des juifs qui en fut un \u00e9pisode, aux r\u00eaves imp\u00e9riaux et \u00e0 \u00ab la folie suppos\u00e9e \u00bb d\u2019Hitler, Benjamin Netanyahou lui, avec cette th\u00e8se, s\u2019aventure sur les chemins fangeux du r\u00e9visionnisme historique et de l\u2019Islamophobie.  Il se fait reprendre par plusieurs historiens juifs de renom, par Mahmoud Abbas (Tatay\u00e9) le Pr\u00e9sident de l\u2019autorit\u00e9 Palestinienne bien s\u00fbr, mais aussi par le chef de l&rsquo;opposition travailliste isra\u00e9lienne Isaac Herzog, et par Steffen Seibert, porte-parole de la chanceli\u00e8re Angela Merkel \u00e0 laquelle il doit rendre visite incessamment. Alors il corrige\u2026. A sa fa\u00e7on :   \u00ab Ces multiples r\u00e9actions vigoureuses ont pouss\u00e9 le Premier ministre isra\u00e9lien \u00e0 se justifier, mercredi apr\u00e8s-midi : \u00ab\u00a0Mon objectif n&rsquo;\u00e9tait pas d&rsquo;absoudre Hitler de sa responsabilit\u00e9, mais de montrer qu&rsquo;\u00e0 cette \u00e9poque-l\u00e0 le p\u00e8re de la nation palestinienne (\u2026) menait une campagne d&rsquo;incitation syst\u00e9matique \u00e0 l&rsquo;extermination des juifs\u00a0\u00bb, a-t-il d\u00e9clar\u00e9, cit\u00e9 dans un communiqu\u00e9 de ses services. \u00ab\u00a0Malheureusement, (le mufti) Haj Amin al-Husseini est encore une figure respect\u00e9e dans la soci\u00e9t\u00e9 palestinienne, il appara\u00eet dans les manuels scolaires (\u2026) et l&rsquo;incitation \u00e0 la violence et \u00e0 l&rsquo;assassinat des juifs qui a commenc\u00e9 alors avec lui se poursuit. (\u2026) C&rsquo;est la racine du probl\u00e8me\u00a0\u00bb, a-t-il conclu.\u00a0\u00bb (Le Point international)  La correction est pire que l\u2019original.  Quand il prend en compte les protestations, ce \u00ab terrible fou \u00bb s\u2019auto-justifie en v\u00e9rit\u00e9. Il ne voulait pas absoudre Hitler pr\u00e9cise-t-il, il ne change pas une virgule \u00e0 ses propos concernant le mufti Haj Amin al-Husseini. Pire il ajoute une couche. Or, comment peut-on oser la moindre comparaison entre l\u2019action du Mufti de J\u00e9rusalem qui appelait son peuple \u00e0 une l\u00e9gitime r\u00e9sistance \u00e0 l\u2019occupation juive de la Palestine, et se cherchait bien naturellement des alli\u00e9s contre les britanniques et la d\u00e9claration Balfour, et \u00ab la solution finale de la question juive hitl\u00e9rienne \u00bb \u00e0 caract\u00e8re racial ? Le mufti combattait l\u2019envahisseur de sa terre, Hitler voulait \u00e9radiquer \u00ab la race juive \u00bb, ce sont des choses qualitativement bien diff\u00e9rentes.  Mais Netanyahou va m\u00eame plus loin. \u00ab L\u2019incitation \u00e0 la violence et \u00e0 l\u2019assassinat des juifs qui a commenc\u00e9 alors avec lui se poursuit. (\u2026) C\u2019est la racine du probl\u00e8me \u00bb. Nous sommes l\u00e0 plus que \u00ab dans le r\u00e9visionnisme historique \u00bb, dans le \u00ab n\u00e9gationnisme \u00bb des faits et des r\u00e9alit\u00e9s. La racine du probl\u00e8me ne serait donc pas la colonisation sioniste de la Palestine mais les Appels \u00e0 la r\u00e9sistance des victimes.  Imaginez un seul instant que Jean Marie Le Pen se soit hasard\u00e9 \u00e0 tenir de tels propos. Une immense machinerie m\u00e9diatique et judiciaire se fut imm\u00e9diatement mise en branle.BENIAMIN NETANYAHOU SERA-T-IL PASSIBLE DE POURSUITES JUDICIAIRES EN FRANCE POUR \u00ab R\u00c9VISIONNISME \u00bb ET ISLAMOPHOBIE ?  Patrick Seignon. \u00ab lavoiedessansvoix.fr \u00bb. Vendredi 23 octobre 2015.* Loin de moi toute intention injurieuse \u00e0 l&rsquo;encontre de Mr Le Pen.<\/p>\n","protected":false},"excerpt":{"rendered":"<p>NETANYAHOU, UN \u00ab LE PEN \u00bb ISRA\u00c9LIEN* Jean-Marie Le Pen c\u2019est fait connaitre en France par ses d\u00e9clarations tonitruantes et [&hellip;]<\/p>\n","protected":false},"author":1,"featured_media":4743,"comment_status":"open","ping_status":"open","sticky":false,"template":"","format":"standard","meta":{"sfsi_plus_gutenberg_text_before_share":"","sfsi_plus_gutenberg_show_text_before_share":"","sfsi_plus_gutenberg_icon_type":"","sfsi_plus_gutenberg_icon_alignemt":"","sfsi_plus_gutenburg_max_per_row":"","site-sidebar-layout":"default","site-content-layout":"","ast-site-content-layout":"default","site-content-style":"default","site-sidebar-style":"default","ast-global-header-display":"","ast-banner-title-visibility":"","ast-main-header-display":"","ast-hfb-above-header-display":"","ast-hfb-below-header-display":"","ast-hfb-mobile-header-display":"","site-post-title":"","ast-breadcrumbs-content":"","ast-featured-img":"","footer-sml-layout":"","ast-disable-related-posts":"","theme-transparent-header-meta":"","adv-header-id-meta":"","stick-header-meta":"","header-above-stick-meta":"","header-main-stick-meta":"","header-below-stick-meta":"","astra-migrate-meta-layouts":"default","ast-page-background-enabled":"default","ast-page-background-meta":{"desktop":{"background-color":"var(--ast-global-color-4)","background-image":"","background-repeat":"repeat","background-position":"center center","background-size":"auto","background-attachment":"scroll","background-type":"","background-media":"","overlay-type":"","overlay-color":"","overlay-opacity":"","overlay-gradient":""},"tablet":{"background-color":"","background-image":"","background-repeat":"repeat","background-position":"center center","background-size":"auto","background-attachment":"scroll","background-type":"","background-media":"","overlay-type":"","overlay-color":"","overlay-opacity":"","overlay-gradient":""},"mobile":{"background-color":"","background-image":"","background-repeat":"repeat","background-position":"center center","background-size":"auto","background-attachment":"scroll","background-type":"","background-media":"","overlay-type":"","overlay-color":"","overlay-opacity":"","overlay-gradient":""}},"ast-content-background-meta":{"desktop":{"background-color":"var(--ast-global-color-5)","background-image":"","background-repeat":"repeat","background-position":"center center","background-size":"auto","background-attachment":"scroll","background-type":"","background-media":"","overlay-type":"","overlay-color":"","overlay-opacity":"","overlay-gradient":""},"tablet":{"background-color":"var(--ast-global-color-5)","background-image":"","background-repeat":"repeat","background-position":"center center","background-size":"auto","background-attachment":"scroll","background-type":"","background-media":"","overlay-type":"","overlay-color":"","overlay-opacity":"","overlay-gradient":""},"mobile":{"background-color":"var(--ast-global-color-5)","background-image":"","background-repeat":"repeat","background-position":"center center","background-size":"auto","background-attachment":"scroll","background-type":"","background-media":"","overlay-type":"","overlay-color":"","overlay-opacity":"","overlay-gradient":""}},"footnotes":""},"categories":[16],"tags":[],"class_list":["post-1061","post","type-post","status-publish","format-standard","has-post-thumbnail","hentry","category-archives-cms"],"_links":{"self":[{"href":"https:\/\/lavoiedessansvoix.fr\/lavoie\/wp-json\/wp\/v2\/posts\/1061","targetHints":{"allow":["GET"]}}],"collection":[{"href":"https:\/\/lavoiedessansvoix.fr\/lavoie\/wp-json\/wp\/v2\/posts"}],"about":[{"href":"https:\/\/lavoiedessansvoix.fr\/lavoie\/wp-json\/wp\/v2\/types\/post"}],"author":[{"embeddable":true,"href":"https:\/\/lavoiedessansvoix.fr\/lavoie\/wp-json\/wp\/v2\/users\/1"}],"replies":[{"embeddable":true,"href":"https:\/\/lavoiedessansvoix.fr\/lavoie\/wp-json\/wp\/v2\/comments?post=1061"}],"version-history":[{"count":1,"href":"https:\/\/lavoiedessansvoix.fr\/lavoie\/wp-json\/wp\/v2\/posts\/1061\/revisions"}],"predecessor-version":[{"id":4744,"href":"https:\/\/lavoiedessansvoix.fr\/lavoie\/wp-json\/wp\/v2\/posts\/1061\/revisions\/4744"}],"wp:featuredmedia":[{"embeddable":true,"href":"https:\/\/lavoiedessansvoix.fr\/lavoie\/wp-json\/wp\/v2\/media\/4743"}],"wp:attachment":[{"href":"https:\/\/lavoiedessansvoix.fr\/lavoie\/wp-json\/wp\/v2\/media?parent=1061"}],"wp:term":[{"taxonomy":"category","embeddable":true,"href":"https:\/\/lavoiedessansvoix.fr\/lavoie\/wp-json\/wp\/v2\/categories?post=1061"},{"taxonomy":"post_tag","embeddable":true,"href":"https:\/\/lavoiedessansvoix.fr\/lavoie\/wp-json\/wp\/v2\/tags?post=1061"}],"curies":[{"name":"wp","href":"https:\/\/api.w.org\/{rel}","templated":true}]}}