{"id":1060,"date":"2015-10-30T19:31:00","date_gmt":"2015-10-30T18:31:00","guid":{"rendered":"https:\/\/lavoiedessansvoix.fr\/lavoie\/2015\/10\/30\/archive-assassins-vous-avez-dit-assassins\/"},"modified":"2026-04-26T22:06:47","modified_gmt":"2026-04-26T20:06:47","slug":"archive-assassins-vous-avez-dit-assassins","status":"publish","type":"post","link":"https:\/\/lavoiedessansvoix.fr\/lavoie\/2015\/10\/30\/archive-assassins-vous-avez-dit-assassins\/","title":{"rendered":"ASSASSINS ! VOUS AVEZ DIT ASSASSINS ?"},"content":{"rendered":"<p>ASSASSINS ! VOUS AVEZ DIT ASSASSINS ?     Ce jour se tenait \u00e0 Vienne (Autriche) une conf\u00e9rence internationale, \u00e0 l\u2019initiative de la Russie et des USA, cens\u00e9e trouver une issue diplomatique au conflit en Syrie.    Avez-vous remarqu\u00e9 la tonalit\u00e9 singuli\u00e8re des m\u00e9dias fran\u00e7ais, portes paroles de l\u2019inique v\u00e9rit\u00e9 officielle ? Il se serait agi selon eux, non pas d\u2019une conf\u00e9rence sur la r\u00e9solution du conflit syrien, ni m\u00eame de discuter du sors et de l\u2019avenir de la Syrie martyre, mais d\u2019une conf\u00e9rence pour discuter \u00ab du sors de Bachar Al Assad \u00bb. Obs\u00e9d\u00e9e depuis quatre ans par sa volont\u00e9 de provoquer la chute du Pr\u00e9sident Syrien, la diplomatie fran\u00e7aise en arrive \u00e0 prendre ses d\u00e9sirs pour la r\u00e9alit\u00e9.    Bachar Al Assad B\u00e9n\u00e9ficie du soutien massif de son peuple et du soutien international politique diplomatique et militaire de la Russie, de l\u2019Iran, du Hezbollah libanais, de l\u2019Irak Chiite, mais aussi, quoique moins visible, de la Chine, de Cuba, du Br\u00e9sil, du Venezuela, de l\u2019Afrique du sud. Il ne partira pas !    Certes le club ferm\u00e9 des 3 pays chefs de file de l\u2019imp\u00e9rialisme occidental, tenterons encore de le battre ou mieux de l\u2019abattre. C\u2019est leur seule chance de parvenir \u00e0 leurs fins. Mais si \u00ab la proie \u00bb leur \u00e9chappe, si, malgr\u00e9 toutes leurs intrigues et manigances, avec l\u2019aide de la Russie et de l\u2019Iran, celui-ci sauve sa peau et la Syrie multiconfessionnelle et la\u00efque, alors il deviendra une figure embl\u00e9matique, un h\u00e9ros du monde arabe bien plus grand et bien plus respect\u00e9 que ne le fut jamais \u2026. Nasser.    C\u2019est cette perspective qui glace les sangs de l\u2019immonde animal figure de proue de la diplomatie fran\u00e7aise. Imaginez le s\u00e9isme ravageur que provoquerait pour celle-ci la r\u00e9alisation d\u2019une telle perspective. Avez-vous remarqu\u00e9 son visage bouffit suant l\u2019hypocrisie, quand, r\u00e9pondant \u00e0 la presse \u00e0 propos de la conf\u00e9rence de Vienne de ce jour, il r\u00e9it\u00e9rait une fois encore son exigence d\u00e9plac\u00e9e du d\u00e9part d\u2019Assad ?  Mais le vent de l\u2019histoire a tourn\u00e9 avec l\u2019intervention de l\u2019aviation russe en Syrie contre les Islamistes radicaux, coupeurs de t\u00eates, que d\u2019aucun s\u2019avisent encore \u00e0 pr\u00e9senter comme le fer de lance de la sainte croisade de \u00ab la d\u00e9mocratie \u00bb. Quelle puanteur f\u00e9tide exhalent d\u00e8s lors les discours de ces hommes pr\u00e9tendument champions de la l\u00e9galit\u00e9 r\u00e9publicaine qui sont devenus les meilleurs amis des Monarchies les plus archa\u00efques et les complices de l\u2019islamisme radical pour d\u00e9truire les R\u00e9publiques la\u00efques  d\u2019Irak, de Libye et de Syrie,  Ne sont-ils pas la honte de l\u2019humanit\u00e9 ces champions pr\u00e9sum\u00e9s de la d\u00e9mocratie acoquin\u00e9s \u00e0 la Charia ?    Le vent a tourn\u00e9 et les dissidences qui se font plus nombreuses n\u2019h\u00e9sitent pas \u00e0 se manifester, au sommet du monde politique, mais aussi dans la sph\u00e8re journalistique. Ainsi, il y a quelques jours, dans un journal t\u00e9l\u00e9vis\u00e9 de \u00ab France 2 \u00bb, un reportage donnait la parole \u00e0 des syriens qui t\u00e9moignaient de leur soutien sans faille au Pr\u00e9sident Bachar Al Assad et remerciaient la Russie et Poutine du secours qu\u2019ils apportaient \u00e0 la Syrie. Aujourd\u2019hui m\u00eame, alors que Laurent Fabius r\u00e9it\u00e9rait sa sempiternelle intransigeance, aussi d\u00e9su\u00e8te que d\u00e9cal\u00e9e, du d\u00e9part d\u2019Al Assad, des journalistes fripons eurent l\u2019ind\u00e9licate attention de nous faire un petit \u00ab remake \u00bb des ignobles d\u00e9clarations si peu diplomatique du \u00ab chef de notre diplomatie \u00bb : \u00ab Bachar Al Assad ne m\u00e9rite pas d\u2019\u00eatre sur terre \u00bb qui est un appel au meurtre, ou \u00ab Bachar al Assad est un assassin \u00bb.    Je connaissais comme vous ces d\u00e9clarations. Leur rappel a provoqu\u00e9 mon indignation comme au premier jour.    Assad un assassin ? Nous l\u2019avons ici expliqu\u00e9 maintes fois, et encore r\u00e9cemment. Le chef d\u2019\u00c9tat Assassin est celui qui r\u00e9prime dans le sang des manifestations pacifiques comme firent le tsar Nicolas II ou le shah d\u2019Iran. Mais la qualification \u00ab morale \u00bb d\u2019assassin est inappropri\u00e9e dans le cas d\u2019une agression violente contre l\u2019\u00c9tat. En pareille situation tout \u00c9tat se d\u00e9fend. Il s\u2019agit d\u00e9s-lors de combat entre des forces oppos\u00e9es qu\u2019il ne convient pas de juger ni de d\u00e9partager d\u2019un point de vue moral mais politique. Et d\u2019un point de vue politique, il nous est apparu, d\u00e8s l\u2019origine du conflit que le Pr\u00e9sident Assad, avait la raison de son c\u00f4t\u00e9 quand il luttait contre l\u2019Islamisme radical qui mena\u00e7ait l\u2019\u00e9quilibre de la Syrie multiconfessionnelle, quand il d\u00e9fendait l\u2019unit\u00e9 et l\u2019int\u00e9grit\u00e9 territoriale de son pays, quand il faisait face \u00e0 l\u2019intervention ext\u00e9rieure maquill\u00e9e en \u00ab guerre civile \u00bb.     Assassin Assad ?   Qui sont vraiment les assassins, les dirigeants de l\u2019\u00c9tat syrien agress\u00e9 ou ceux qui ont foment\u00e9 la guerre et port\u00e9 le fer au c\u0153ur de ce pays martyre ? Les assassins ne sont-ils pas ceux-l\u00e0 qui ont justifi\u00e9 politiquement et sustent\u00e9 financi\u00e8rement et militairement la pr\u00e9tendue \u00ab opposition arm\u00e9e mod\u00e9r\u00e9e \u00bb qui a enfant\u00e9 le monstre \u00ab \u00c9tat Islamique \u00bb ?     Assassin Assad Dites-vous ?    Assassin vous-m\u00eames, serions-nous tent\u00e9s de dire si nous \u00e9tions aussi mal embouch\u00e9s que vous. Savez-vous bien Monsieur Fabius ce que c\u2019est qu\u2019un assassin ? Vous le devriez pourtant. ? Voudriez-vous vraiment voir  en face le fac simil\u00e9 de l&rsquo;un d&rsquo;eux ? Osez donc regarder dans votre miroir, droit dans les yeux l&rsquo;image de l&rsquo;homme qui s&rsquo;y mirera demain matin quand vous vous raserez..    Patrick Seignon. \u00ab lavoiedessansvoix.fr \u00bb. Vendredi 30 novembre 2015.<\/p>\n","protected":false},"excerpt":{"rendered":"<p>ASSASSINS ! VOUS AVEZ DIT ASSASSINS ? Ce jour se tenait \u00e0 Vienne (Autriche) une conf\u00e9rence internationale, \u00e0 l\u2019initiative de [&hellip;]<\/p>\n","protected":false},"author":1,"featured_media":4741,"comment_status":"open","ping_status":"open","sticky":false,"template":"","format":"standard","meta":{"sfsi_plus_gutenberg_text_before_share":"","sfsi_plus_gutenberg_show_text_before_share":"","sfsi_plus_gutenberg_icon_type":"","sfsi_plus_gutenberg_icon_alignemt":"","sfsi_plus_gutenburg_max_per_row":"","site-sidebar-layout":"default","site-content-layout":"","ast-site-content-layout":"default","site-content-style":"default","site-sidebar-style":"default","ast-global-header-display":"","ast-banner-title-visibility":"","ast-main-header-display":"","ast-hfb-above-header-display":"","ast-hfb-below-header-display":"","ast-hfb-mobile-header-display":"","site-post-title":"","ast-breadcrumbs-content":"","ast-featured-img":"","footer-sml-layout":"","ast-disable-related-posts":"","theme-transparent-header-meta":"","adv-header-id-meta":"","stick-header-meta":"","header-above-stick-meta":"","header-main-stick-meta":"","header-below-stick-meta":"","astra-migrate-meta-layouts":"default","ast-page-background-enabled":"default","ast-page-background-meta":{"desktop":{"background-color":"var(--ast-global-color-4)","background-image":"","background-repeat":"repeat","background-position":"center center","background-size":"auto","background-attachment":"scroll","background-type":"","background-media":"","overlay-type":"","overlay-color":"","overlay-opacity":"","overlay-gradient":""},"tablet":{"background-color":"","background-image":"","background-repeat":"repeat","background-position":"center center","background-size":"auto","background-attachment":"scroll","background-type":"","background-media":"","overlay-type":"","overlay-color":"","overlay-opacity":"","overlay-gradient":""},"mobile":{"background-color":"","background-image":"","background-repeat":"repeat","background-position":"center center","background-size":"auto","background-attachment":"scroll","background-type":"","background-media":"","overlay-type":"","overlay-color":"","overlay-opacity":"","overlay-gradient":""}},"ast-content-background-meta":{"desktop":{"background-color":"var(--ast-global-color-5)","background-image":"","background-repeat":"repeat","background-position":"center center","background-size":"auto","background-attachment":"scroll","background-type":"","background-media":"","overlay-type":"","overlay-color":"","overlay-opacity":"","overlay-gradient":""},"tablet":{"background-color":"var(--ast-global-color-5)","background-image":"","background-repeat":"repeat","background-position":"center center","background-size":"auto","background-attachment":"scroll","background-type":"","background-media":"","overlay-type":"","overlay-color":"","overlay-opacity":"","overlay-gradient":""},"mobile":{"background-color":"var(--ast-global-color-5)","background-image":"","background-repeat":"repeat","background-position":"center center","background-size":"auto","background-attachment":"scroll","background-type":"","background-media":"","overlay-type":"","overlay-color":"","overlay-opacity":"","overlay-gradient":""}},"footnotes":""},"categories":[16],"tags":[],"class_list":["post-1060","post","type-post","status-publish","format-standard","has-post-thumbnail","hentry","category-archives-cms"],"_links":{"self":[{"href":"https:\/\/lavoiedessansvoix.fr\/lavoie\/wp-json\/wp\/v2\/posts\/1060","targetHints":{"allow":["GET"]}}],"collection":[{"href":"https:\/\/lavoiedessansvoix.fr\/lavoie\/wp-json\/wp\/v2\/posts"}],"about":[{"href":"https:\/\/lavoiedessansvoix.fr\/lavoie\/wp-json\/wp\/v2\/types\/post"}],"author":[{"embeddable":true,"href":"https:\/\/lavoiedessansvoix.fr\/lavoie\/wp-json\/wp\/v2\/users\/1"}],"replies":[{"embeddable":true,"href":"https:\/\/lavoiedessansvoix.fr\/lavoie\/wp-json\/wp\/v2\/comments?post=1060"}],"version-history":[{"count":1,"href":"https:\/\/lavoiedessansvoix.fr\/lavoie\/wp-json\/wp\/v2\/posts\/1060\/revisions"}],"predecessor-version":[{"id":4742,"href":"https:\/\/lavoiedessansvoix.fr\/lavoie\/wp-json\/wp\/v2\/posts\/1060\/revisions\/4742"}],"wp:featuredmedia":[{"embeddable":true,"href":"https:\/\/lavoiedessansvoix.fr\/lavoie\/wp-json\/wp\/v2\/media\/4741"}],"wp:attachment":[{"href":"https:\/\/lavoiedessansvoix.fr\/lavoie\/wp-json\/wp\/v2\/media?parent=1060"}],"wp:term":[{"taxonomy":"category","embeddable":true,"href":"https:\/\/lavoiedessansvoix.fr\/lavoie\/wp-json\/wp\/v2\/categories?post=1060"},{"taxonomy":"post_tag","embeddable":true,"href":"https:\/\/lavoiedessansvoix.fr\/lavoie\/wp-json\/wp\/v2\/tags?post=1060"}],"curies":[{"name":"wp","href":"https:\/\/api.w.org\/{rel}","templated":true}]}}