{"id":1056,"date":"2015-11-05T07:19:00","date_gmt":"2015-11-05T06:19:00","guid":{"rendered":"https:\/\/lavoiedessansvoix.fr\/lavoie\/2015\/11\/05\/archive-apocalypse-kassovitz\/"},"modified":"2026-04-26T22:06:11","modified_gmt":"2026-04-26T20:06:11","slug":"archive-apocalypse-kassovitz","status":"publish","type":"post","link":"https:\/\/lavoiedessansvoix.fr\/lavoie\/2015\/11\/05\/archive-apocalypse-kassovitz\/","title":{"rendered":"\u00ab APOCALYPSE KASSOVITZ \u00bb"},"content":{"rendered":"<p>\u00ab APOCALYPSE KASSOVITZ \u00bb   Je n\u2019ai pas regard\u00e9 l\u2019\u00e9mission de Mathieu Kassovitz \u00ab Apocalypse Staline \u00bb. Qui est une insulte \u00e0 l\u2019Histoire et aux millions d\u2019ouvriers paysans et soldats qui se sont sacrifi\u00e9s pour la r\u00e9volution Russe ou dans la lutte contre le fascisme et le nazisme et le 3\u00e8me Reich Hitl\u00e9rien. Une insulte au communisme, le plus grand id\u00e9al de l\u2019humanit\u00e9, ainsi mortifi\u00e9 et train\u00e9 dans la fange de l\u2019histoire.   Vous n\u2019avez pas regard\u00e9 et vous portez sur \u00ab l\u2019\u0153uvre \u00bb un jugement terrible et sans appel, cela t\u00e9moigne d\u2019un grand parti pris d\u2019un esprit obtus et d\u2019une crasse b\u00eatise. Hasarderont ceux qui n\u2019ont pas bien compris ce que je suis.  Je n\u2019ai pas attendu Mathieu Kassovitz pour connaitre cette p\u00e9riode de l\u2019histoire de l\u2019Union Sovi\u00e9tique et du mouvement communiste international, qui va des ann\u00e9es 1926 \u00e0 1956, et que l\u2019on appelle \u00ab l\u2019\u00e8re stalinienne \u00bb. Jeune encore j\u2019ai d\u2019abord lu \u00ab Ma vie \u00bb de L\u00e9on Trotski, puis \u00ab l\u2019Histoire de la r\u00e9volution Russe \u00bb du m\u00eame auteur, et en vrac \u00ab La r\u00e9volution trahie \u00bb, \u00ab  la r\u00e9volution d\u00e9figur\u00e9e \u00bb, \u00ab L\u2019internationale communiste apr\u00e8s L\u00e9nine \u00bb, \u00ab le testament de L\u00e9nine \u00bb, \u00ab Les crimes de Staline \u00bb,  les biographies de \u00ab Staline \u00bb de Trotski et d\u2019Isaac Deutscher, le \u00ab Samizdat \u00bb et  \u00ab l\u2019archipel du Goulag \u00bb de Soljenitsyne, \u00bble stalinisme \u00bb de Boris Souvarine, les analyses de Victor Serge, \u00ab Histoire des d\u00e9mocraties populaires \u00bb de Fran\u00e7ois Fejto. J\u2019ai particip\u00e9 \u00e0 maints colloques d\u00e9bats et conf\u00e9rence sur le sujet. J\u2019ai connu de pr\u00e8s un immigr\u00e9 Hongrois qui fut acteur de la r\u00e9volution ouvri\u00e8re de Budapest de 1956, j\u2019ai v\u00e9cu en direct et \u00e0 l\u2019\u00e2ge du plein \u00e9panouissement de mes facult\u00e9s mentales et intellectuelle, le \u00ab Printemps de Prague \u00bb etc. Pour autant je ne sais pas tout bien s\u00fbr de cette p\u00e9riode, ce serait infiniment m\u00e9diocre et pr\u00e9tentieux de le pr\u00e9tendre, mais j\u2019en sais suffisamment pour \u00eatre autoris\u00e9 \u00e0 pr\u00e9tendre pouvoir donner une opinion avis\u00e9e, autoris\u00e9 \u00e0 rejeter la version coloris\u00e9e et falsificatrice de l\u2019histoire dont se fend une nouvelle fois Mathieu Kassovitz.  Parlons le temps d\u2019une parenth\u00e8se de la r\u00e9volution Fran\u00e7aise, certains historiens la fustigent encore pour ses crimes, la Guillotine \u00bb \u00ab la terreur \u00bb, \u00ab Robespierre \u00bb. Soit \u00e7a se discute, on peut l\u2019admettre. Mais doit-elle-\u00eatre tenue pour responsable des crimes de la p\u00e9riode thermidorienne ? Doit-elle-\u00eatre tenue pour responsable des crimes du premier empire ? Combien de temps s\u2019\u00e9coule entre la prise de la bastille en juillet 1789 et le 9 thermidor an II (27 juillet 1794) date officielle du d\u00e9but de la r\u00e9action thermidorienne ?  Cinq ann\u00e9es \u00e0 peine. Combien d\u2019ann\u00e9es entre 1789 et le 18 mai 1804 date officielle du d\u00e9but du r\u00e8gne napol\u00e9onien ? Quinze ans tout-juste. Combien d\u2019ann\u00e9es entre la r\u00e9volution d\u2019octobre 1917 et le r\u00e8gne stalinien que fonde le 10\u00e8me congr\u00e8s du PCUS en 1927 ? 10 ans tout-juste. L\u2019\u00e8re stalinienne qui d\u00e9bute en cette ann\u00e9e 1927 est la r\u00e9plique de l\u2019\u00e8re thermidorienne qui termina les ann\u00e9es r\u00e9volutionnaires en France.  Avec cette diff\u00e9rence fondamentale que, l\u00e0 o\u00f9 l\u2019empire s\u2019ouvre sur une phase de conqu\u00eates qui va r\u00e9pandre dans toute l\u2019Europe certains acquis de la r\u00e9volution fran\u00e7aise, la r\u00e9volution Russe encercl\u00e9e renonce \u00e0 sa vocation internationale, se ferme sur ses acquis et se replie sur le concept effarent \u00ab de patrie du socialisme \u00bb.  Le stalinisme est la r\u00e9ponse \u00ab ad hoc \u00bb que l\u2019histoire a donn\u00e9 \u00e0 cette situation particuli\u00e8re et in\u00e9dite de la premi\u00e8re r\u00e9volution ouvri\u00e8re victorieuse de l\u2019histoire encercl\u00e9e et jugul\u00e9e, devant renoncer au r\u00eave prom\u00e9th\u00e9en de sa vocation internationale, sous les coups de boutoirs de la r\u00e9action : d\u00e9faite des r\u00e9volutions allemandes (1918, 1919, 1921), guerre civile en Russie (1918 1923), intervention militaire de \u00ab l\u2019entente \u00bb contre la r\u00e9volution, d\u00e9faite de la r\u00e9volution Hongroise, mont\u00e9e du fascisme dans toute l\u2019Europe, victoire de Mussolini en Italie, d\u00e9faite de la r\u00e9volution chinoise de 1927, av\u00e8nement d\u2019Hitler au pouvoir en Allemagne, d\u00e9faite de la R\u00e9publique espagnole.  La r\u00e9volution d\u2019octobre, l\u2019id\u00e9al socialiste qu\u2019elle portait, \u00ab le communisme \u00bb ne sont pas responsables,  en tout cas pas tout seuls, du monstre sorti des arcanes de l\u2019histoire. La situation issue de la Premi\u00e8re guerre mondiale et de son r\u00e8glement inique, trait\u00e9s de Versailles, de Saint Germain, de Trianon, etc., occupation de la Ruhr, d\u00e9membrement de l\u2019Empire Austro-Hongrois, humiliation de l\u2019Italie, mont\u00e9e g\u00e9n\u00e9rale des fascismes qui en a r\u00e9sult\u00e9, y ont une responsabilit\u00e9 tout aussi grande. La seule Marie a enfant\u00e9 dans la virginit\u00e9. Le stalinisme n\u2019est pas le fils de la r\u00e9volution russe toute seule, il a un g\u00e9niteur aussi, il est le \u00ab fruit \u00bb non d\u00e9sir\u00e9 d\u2019un viol, le r\u00e9sultat \u00ab d\u2019un choc g\u00e9n\u00e9tique \u00bb, la cons\u00e9quence \u00ab d\u00e9g\u00e9n\u00e9rative \u00bb d\u2019un traumatisme historique majeur.  Or, la lecture de l\u2019histoire selon Kassovitz s\u2019apparente \u00e0 celle de la Bible selon \u00ab la cat\u00e9ch\u00e8se \u00bb. Elle est r\u00e9ductrice et simplificatrice \u00e0 l\u2019exc\u00e8s.   R\u00e9ductrice ? Elle donne trop de place aux personnalit\u00e9s embl\u00e9matiques, tant\u00f4t d\u2019Hitler, tant\u00f4t de Staline, qui ne sont pourtant elles-m\u00eames que les produits \u00ab n\u00e9cessaires \u00bb de l\u2019histoire avant d\u2019en \u00eatre les acteurs principaux.   R\u00e9ductrice ? Sous le terme fort d\u2019Apocalypse elle revoit dos \u00e0 dos Hitler et Staline, le fascisme et le communisme, la r\u00e9volution et la r\u00e9action, les victimes et les bourreaux. Tous \u00ab totalitaires \u00bb. Elle m\u00e9lange les causes et les effets, le jugement moral annule l\u2019analyse factuelle, l\u2019Histoire selon Mathieu Kassovitz c\u2019est un \u00ab melting-pot \u00bb indescriptible.   Ne pr\u00e9tendrait-il qu\u2019\u00e0 \u00ab la valeur documentaire \u00bb il m\u00e9riterait peut-\u00eatre d\u2019\u00eatre vu. Mais lorsqu\u2019il s\u2019autorise \u00ab Historien \u00bb, il se disqualifie et nous autorise \u00e0 refuser de le voir.  Alors, \u00ab Apocalypse Hitler \u00bb ? \u00ab Apocalypse Staline \u00bb ? Non ! Mais apocalypse Kassovitz assur\u00e9ment. L\u2019Apocalypse est dans sa t\u00eate d\u00e9sordonn\u00e9e o\u00f9 des millions de neurones s\u2019entrechoquent ou se connectent au hasard sans logique, sans r\u00e8gles, dans un d\u00e9sordre sans nom.  Patrick Seignon. \u00ab lavoiedessansvoie.fr \u00bb Jeudi 5 novembre 2015.<\/p>\n","protected":false},"excerpt":{"rendered":"<p>\u00ab APOCALYPSE KASSOVITZ \u00bb Je n\u2019ai pas regard\u00e9 l\u2019\u00e9mission de Mathieu Kassovitz \u00ab Apocalypse Staline \u00bb. Qui est une insulte [&hellip;]<\/p>\n","protected":false},"author":1,"featured_media":4733,"comment_status":"open","ping_status":"open","sticky":false,"template":"","format":"standard","meta":{"sfsi_plus_gutenberg_text_before_share":"","sfsi_plus_gutenberg_show_text_before_share":"","sfsi_plus_gutenberg_icon_type":"","sfsi_plus_gutenberg_icon_alignemt":"","sfsi_plus_gutenburg_max_per_row":"","site-sidebar-layout":"default","site-content-layout":"","ast-site-content-layout":"default","site-content-style":"default","site-sidebar-style":"default","ast-global-header-display":"","ast-banner-title-visibility":"","ast-main-header-display":"","ast-hfb-above-header-display":"","ast-hfb-below-header-display":"","ast-hfb-mobile-header-display":"","site-post-title":"","ast-breadcrumbs-content":"","ast-featured-img":"","footer-sml-layout":"","ast-disable-related-posts":"","theme-transparent-header-meta":"","adv-header-id-meta":"","stick-header-meta":"","header-above-stick-meta":"","header-main-stick-meta":"","header-below-stick-meta":"","astra-migrate-meta-layouts":"default","ast-page-background-enabled":"default","ast-page-background-meta":{"desktop":{"background-color":"var(--ast-global-color-4)","background-image":"","background-repeat":"repeat","background-position":"center center","background-size":"auto","background-attachment":"scroll","background-type":"","background-media":"","overlay-type":"","overlay-color":"","overlay-opacity":"","overlay-gradient":""},"tablet":{"background-color":"","background-image":"","background-repeat":"repeat","background-position":"center center","background-size":"auto","background-attachment":"scroll","background-type":"","background-media":"","overlay-type":"","overlay-color":"","overlay-opacity":"","overlay-gradient":""},"mobile":{"background-color":"","background-image":"","background-repeat":"repeat","background-position":"center center","background-size":"auto","background-attachment":"scroll","background-type":"","background-media":"","overlay-type":"","overlay-color":"","overlay-opacity":"","overlay-gradient":""}},"ast-content-background-meta":{"desktop":{"background-color":"var(--ast-global-color-5)","background-image":"","background-repeat":"repeat","background-position":"center center","background-size":"auto","background-attachment":"scroll","background-type":"","background-media":"","overlay-type":"","overlay-color":"","overlay-opacity":"","overlay-gradient":""},"tablet":{"background-color":"var(--ast-global-color-5)","background-image":"","background-repeat":"repeat","background-position":"center center","background-size":"auto","background-attachment":"scroll","background-type":"","background-media":"","overlay-type":"","overlay-color":"","overlay-opacity":"","overlay-gradient":""},"mobile":{"background-color":"var(--ast-global-color-5)","background-image":"","background-repeat":"repeat","background-position":"center center","background-size":"auto","background-attachment":"scroll","background-type":"","background-media":"","overlay-type":"","overlay-color":"","overlay-opacity":"","overlay-gradient":""}},"footnotes":""},"categories":[16],"tags":[],"class_list":["post-1056","post","type-post","status-publish","format-standard","has-post-thumbnail","hentry","category-archives-cms"],"_links":{"self":[{"href":"https:\/\/lavoiedessansvoix.fr\/lavoie\/wp-json\/wp\/v2\/posts\/1056","targetHints":{"allow":["GET"]}}],"collection":[{"href":"https:\/\/lavoiedessansvoix.fr\/lavoie\/wp-json\/wp\/v2\/posts"}],"about":[{"href":"https:\/\/lavoiedessansvoix.fr\/lavoie\/wp-json\/wp\/v2\/types\/post"}],"author":[{"embeddable":true,"href":"https:\/\/lavoiedessansvoix.fr\/lavoie\/wp-json\/wp\/v2\/users\/1"}],"replies":[{"embeddable":true,"href":"https:\/\/lavoiedessansvoix.fr\/lavoie\/wp-json\/wp\/v2\/comments?post=1056"}],"version-history":[{"count":1,"href":"https:\/\/lavoiedessansvoix.fr\/lavoie\/wp-json\/wp\/v2\/posts\/1056\/revisions"}],"predecessor-version":[{"id":4734,"href":"https:\/\/lavoiedessansvoix.fr\/lavoie\/wp-json\/wp\/v2\/posts\/1056\/revisions\/4734"}],"wp:featuredmedia":[{"embeddable":true,"href":"https:\/\/lavoiedessansvoix.fr\/lavoie\/wp-json\/wp\/v2\/media\/4733"}],"wp:attachment":[{"href":"https:\/\/lavoiedessansvoix.fr\/lavoie\/wp-json\/wp\/v2\/media?parent=1056"}],"wp:term":[{"taxonomy":"category","embeddable":true,"href":"https:\/\/lavoiedessansvoix.fr\/lavoie\/wp-json\/wp\/v2\/categories?post=1056"},{"taxonomy":"post_tag","embeddable":true,"href":"https:\/\/lavoiedessansvoix.fr\/lavoie\/wp-json\/wp\/v2\/tags?post=1056"}],"curies":[{"name":"wp","href":"https:\/\/api.w.org\/{rel}","templated":true}]}}