{"id":1055,"date":"2015-11-07T09:02:00","date_gmt":"2015-11-07T08:02:00","guid":{"rendered":"https:\/\/lavoiedessansvoix.fr\/lavoie\/2015\/11\/07\/archive-serge-halimi-confirme-patrick-seignon\/"},"modified":"2026-04-26T22:06:00","modified_gmt":"2026-04-26T20:06:00","slug":"archive-serge-halimi-confirme-patrick-seignon","status":"publish","type":"post","link":"https:\/\/lavoiedessansvoix.fr\/lavoie\/2015\/11\/07\/archive-serge-halimi-confirme-patrick-seignon\/","title":{"rendered":"\u00ab SERGE HALIMI CONFIRME PATRICK SEIGNON \u00bb"},"content":{"rendered":"<p>\u00ab SERGE HALIMI CONFIRME PATRICK SEIGNON \u00bb  Un \u00ab web-site \u00bb comme le n\u00f4tre, du fait de sa taille encore r\u00e9duite et du foisonnement pas toujours de qualit\u00e9 qui envahie \u00ab la toile \u00bb et l\u2019environne, s\u2019expose au scepticisme de commande des internautes et \u00e0 ne pas toujours \u00eatre pris au s\u00e9rieux. Nous avons plusieurs fois d\u00e9j\u00e0 fait des rappels qui d\u00e9montrent la grande pertinence de nos analyses. Or nous allons faire mieux encore aujourd\u2019hui, en appeler \u00e0 l\u2019intercession d\u2019un tiers.  Nous allons faire ce que nous n\u2019avions jamais fait, publier ci-dessous, dans nos colonnes, un article de la presse \u00e9crite. Il s\u2019agit de l\u2019\u00e9ditorial du dernier num\u00e9ro du \u00ab Monde diplomatique \u00bb de novembre 2015. Celui-ci en effet d\u00e9montre avec \u00e9clat, bien que ce n\u2019\u00e9tait pas son but bien s\u00fbr, Serge Halimi n\u2019a probablement jamais entendu parler de notre Site,  la justesse des analyses et prospectives de \u00ab lavoiedessansvoix.   Les passages soulign\u00e9s le sont par nous afin d\u2019attirer votre attention sur les raisonnements qui confirment nos th\u00e8ses essentielles, souvent \u00e9mises de longue date. Nous finirons cette publication par nos propres \u00ab commentaires \u00bb et \u00ab r\u00e9serves \u00bb, non sans avoir au paravent remerci\u00e9 Serge Halimi pour son renfort certes involontaire mais non moins efficace.  D\u00e9gringolade de la France  Par serge Halimi Pour trouver un pr\u00e9c\u00e9dent de l\u2019actuel effacement diplomatique de la France, il faut remonter \u00e0 l\u2019exp\u00e9dition de Suez de 1956 et \u00e0 la guerre d\u2019Alg\u00e9rie. Ni l\u2019organisation \u00e0 Paris d\u2019une conf\u00e9rence internationale sur l\u2019environnement, ni les proclamations martiales du pr\u00e9sident de la R\u00e9publique, ni l\u2019incorrigible contentement de soi de son ministre des affaires \u00e9trang\u00e8res (1) ne peuvent plus masquer la d\u00e9gringolade de la France.  En mati\u00e8re europ\u00e9enne, l\u2019alignement sur l\u2019Allemagne fut \u00e9clatant pendant l\u2019\u00e9pisode grec. Le Quai d\u2019Orsay semblait aux abonn\u00e9s absents : le ministre des finances se montrait volubile mais inexistant : et monsieur Fran\u00e7ois Hollande limita son r\u00f4le \u00e0 celui d\u2019\u00e9missaire de Berlin, charg\u00e9 de faire accepter au premier ministre Alexis Tsipras les oukases de Mme Angela Merkel. M\u00eame \u00e0 Washington, on se d\u00e9clarait alors surpris par la duret\u00e9 de l\u2019Union europ\u00e9enne envers Ath\u00e8nes.  Mais Paris a repris ses marques avec les \u00c9tats-Unis lorsqu\u2019on apprit que les services de renseignement am\u00e9ricain avaient espionn\u00e9 trois pr\u00e9sidents de la R\u00e9publique successifs, dont M. Hollande\u2026 le porte-parole du gouvernement fran\u00e7ais s\u2019employa aussit\u00f4t \u00e0 minorer l\u2019outrage \u2013 \u00ab Il faut qu\u2019on garde la mesure de tout cela. On-est pas l\u00e0 pour d\u00e9clencher des ruptures diplomatiques \u00bb-, avant de se pr\u00e9cipiter \u00e0 Washington pour y discuter du trait\u00e9 transatlantique. \u00ab La r\u00e9ponse de la France fr\u00f4le le ridicule \u00bb, s\u2019offusqua le d\u00e9put\u00e9 de droite Henri Guaino. \u00ab Depuis quelque temps, ajouta l\u2019ancien ministre Pierre Lellouche pourtant r\u00e9put\u00e9 pour son atlantisme, on ne fait que suivre la politique am\u00e9ricaine. \u00bb   C\u2019est toutefois entre Paris et l\u2019Arabie saoudite que l\u2019alignement devient le plus effarant, au point d\u2019agacer parfois le suzerain am\u00e9ricain. Si la France n\u2019est pas parvenue \u00e0 faire capoter l\u2019accord de juillet dernier entre les cinq grandes puissances et l\u2019Iran, comme l\u2019auraient souhait\u00e9 Riyad, Tel-Aviv et les n\u00e9oconservateurs r\u00e9publicains qui ex\u00e8crent M Barack Obama, elle s\u2019y est ralli\u00e9e avec une mauvaise gr\u00e2ce remarquable (lire ci-dessus l\u2019article d\u2019Olivier Zajec). Et dans le cas de la Syrie, son d\u00e9sir de \u00ab punir \u00bb M Bachar Al-Assad doit moins \u00e0 la f\u00e9rocit\u00e9 du r\u00e9gime de Damas qu\u2019\u00e0 la volont\u00e9 fran\u00e7aise de complaire aux monarchies du Golfe, qui ont jur\u00e9 de le faire tomber. En particulier l\u2019Arabie saoudite. Or ce royaume, berceau et banquier de l\u2019int\u00e9grisme sunnite dans le monde (2), fer de lance de la r\u00e9pression meurtri\u00e8re des chiites \u00e0 Bahre\u00efn et au Y\u00e9men, combat la plupart des droits humains auxquels la France se proclame tellement attach\u00e9e ailleurs (3).  Le choix saoudien de Paris ne d\u00e9coule pas d\u2019abord d\u2019une erreur d\u2019analyse strat\u00e9gique. Il s\u2019agit plut\u00f4t d\u2019attiser la parano\u00efa de monarques qui redoutent d\u2019\u00eatre encercl\u00e9s par l\u2019Iran et par ses alli\u00e9s afin de leur fourguer quelques armes suppl\u00e9mentaires. Mission accomplie le 13 octobre dernier, quand, de retour de Riyad, le premier ministre Manuel Valls a Tweet\u00e9 : \u00ab France-Arabie saoudite : 10 milliards d\u2019euros de contrats ! Le gouvernement mobilis\u00e9 pour nos entreprises et l\u2019emploi. \u00bb  (1)     Laurent Fabius, BFM-RMC, 2 mars 2015 : \u00ab Ce que j\u2019entends, et je ne voudrais pas bien s\u00fbr faire preuve d\u2019arrogance, c\u2019est que la politique ext\u00e9rieure de la France est appr\u00e9ci\u00e9e presque partout dans le monde \u2013 et par les fran\u00e7ais. \u00bb  (2)     Lire Nabil Mouline, \u00ab Surench\u00e8res traditionalistes en terre d\u2019islam \u00bb. Le Monde diplomatique, mars 2015.(3) Lire \u00ab\u00a0impunit\u00e9 saoudienne, mars 2012.  NOS COMMENTAIRES  1 &#8211; Ce que l\u2019auteur de l\u2019article appelle \u00ab effacement \u00bb et plus loin \u00ab la d\u00e9gringolade (diplomatique \u2013NDLR) de la France \u00bb &#8211; est ce que nous avons  (pr\u00e9dit) de longtemps et que nous avons appel\u00e9 tant\u00f4t  le \u00ab fiasco \u00bb ou la \u00ab b\u00e9r\u00e9zina \u00bb ou la catastrophe diplomatique : \u00ab Il faut cong\u00e9dier Hollande, Fabius et Valls \u00bb 17\/3\/2015. \u00ab Le d\u00e9sastre annonc\u00e9 de la diplomatie Fran\u00e7aise \u00bb 20\/3\/2013.  2 \u2013 Quand l\u2019auteur parle de \u00ab l\u2019incorrigible contentement de son ministre des affaires \u00e9trang\u00e8res \u00bb il est infiniment gentil et se veut particuli\u00e8rement poli. Nul ne doute qu\u2019il a en vue l\u2019obstination autiste de Laurent Fabius. Nous sommes pour notre part moins pr\u00e9cautionneux : \u00ab Laurent Fabius \u00e0 la chasse \u00e0 la colombe \u00bb 24\/10\/2013. \u00ab Laurent Fabius, entre irresponsabilit\u00e9 et ordure \u00bb 4\/6\/2013.  3 \u2013 L\u2019auteur emprunte \u00e0 l\u2019organe de Claude Lellouche ce qu\u2019il pense lui-m\u00eame du suivisme de la politique \u00e9trang\u00e8re de la France calqu\u00e9e sur celle des Etats-Unis. Vous ne manquerez pas d\u2019y reconnaitre un th\u00e8me que nous avons souvent d\u00e9velopp\u00e9 ici. Peut-\u00eatre m\u00eame f\u00fbmes nous les premier \u00e0 l\u2019identifier et \u00e0 le d\u00e9noncer. Voir nos articles : \u00ab Le larbin path\u00e9tique \u00bb 4\/9\/2014.  \u00ab Fran\u00e7ois Hollande, le proconsul am\u00e9ricain de la \u00ab Francie \u00bb \u00bb 31\/8\/2013 \u00ab Fran\u00e7ois Hollande valet de pied de l\u2019imp\u00e9rialisme anglo-am\u00e9ricain \u00bb 31\/7\/2012.  4 \u2013 Effarement \u00e0 propos de l\u2019alliance Riyad\/Paris. Effarement que nous partageons. Nombre de nos articles cit\u00e9s plus loin \u00e0 propos de l\u2019Arabie Saoudite en t\u00e9moignent.  5 \u2013La France voulait faire capoter l\u2019accord sur le nucl\u00e9aire Iranien ? C\u2019est ce que nous avions \u00e9crit dans notre article : \u00ab Poutine, la perche tendue \u00bb 28\/9\/2015. \u00ab Fran\u00e7ois va-t\u2019en guerre \u00bb 4\/52014.   6 \u2013 La France \u00ab veut \u00ab punir Bachar Al-Assad \u00bb et cela n\u2019aurait rien \u00e0 voir avec \u00ab la f\u00e9rocit\u00e9 \u00bb pr\u00e9tendu du r\u00e9gime ? On ne compte plus les articles o\u00f9 nous avons \u00e9crit cela. Aussi ne citerons-nous que le dernier en date : \u00ab Assassins ! Vous avez dit assassins ? \u00bb 31\/10\/ 2015. \u00ab  \u00ab Mains rouges \u00bb 4\/10\/ 2015.   7 \u2013 \u00ab L\u2019Arabie Saoudite est le berceau et le banquier de l\u2019int\u00e9grisme sunnite \u00bb \u2026 \u00ab le fer de lance de la r\u00e9pression anti chiite \u00e0 Barhe\u00efn et au Y\u00e9men \u00bb \u2026 \u00ab Combats la plupart des droits humains auxquels la France se proclame tellement attach\u00e9e ailleurs. \u00bb : \u00ab Obama Bandit international \u00bb 12\/9\/2014. \u00ab Le vrai sens et la vrai finalit\u00e9 de l\u2019intervention Saoudienne au Y\u00e9men \u00bb 31\/3\/2015.   8 &#8211; Le choix saoudien de Paris ne d\u00e9coule pas d\u2019abord d\u2019une erreur d\u2019analyse strat\u00e9gique. Il s\u2019agit plut\u00f4t d\u2019attiser la parano\u00efa de monarques qui redoutent d\u2019\u00eatre encercl\u00e9s par l\u2019Iran et par ses alli\u00e9s. Voir : \u00ab Le vrai sens du discours hyst\u00e9rique de Netanyahou \u00bb 9\/3\/2015. \u00ab Cet homme est dangereux \u00bb 23\/8\/2014.  La liste de nos articles cit\u00e9s ci-dessus n\u2019est pas exhaustive. Il y en a de nombreux autres qui ne d\u00e9mentent en rien l\u2019orientation g\u00e9n\u00e9rale de nos analyses sur ces questions.  NOS R\u00c9SERVES  Bon, il y a quelques inexactitudes ou peut-\u00eatre d\u00e9saccords entre Serge Halimi et moi, mais ils ne portent pas sur les faits et leur qualification, mais uniquement sur les arri\u00e8res pens\u00e9es qui les sous-tendent dans la t\u00eate des dirigeants politiques occidentaux. En fait, sur l\u2019interpr\u00e9tation de la politique ext\u00e9rieure am\u00e9ricaine dont Serge Halimi ne parle pas vraiment mais qui s\u2019invite en n\u00e9gatif dans son article.   Sur le dossier Grec, Serge Halimi a lu que : \u00ab Washington, se d\u00e9clarait surpris par la duret\u00e9 de l\u2019Union europ\u00e9enne envers Ath\u00e8nes. \u00bb. Il rep\u00e8re aussi de \u00ab l\u2019agacement \u00bb \u00e0 Washington \u00e0 propos de l\u2019amiti\u00e9 Franco\/saoudienne. Et quand il aborde la question de la volont\u00e9 fran\u00e7aise de faire capoter l\u2019accord sur le nucl\u00e9aire Iranien, il accuse la pression de Riyad et de Tel-Aviv pour mieux absoudre Barack Obama qu\u2019ex\u00e8crent les n\u00e9oconservateurs r\u00e9publicains.  Serge Halimi se laisse \u00e9garer par un parti pris favorable \u00e0 Obama, qui l\u2019aveugle et l\u2019emp\u00eache de voir qu\u2019il ne s\u2019agit en v\u00e9rit\u00e9 que d\u2019un jeu de r\u00f4le ; que diplomaties am\u00e9ricaine et fran\u00e7aise jouent en couple dans le dossier du Moyen-Orient, \u00ab comme larrons en foire \u00bb.  Le d\u00e9sir Fran\u00e7ais de \u00ab punir Bachar Al-Assad est jusqu\u2019\u00e0 nouvel ordre en parfaite harmonie avec la m\u00eame exigence de Washington et pas des seules \u00ab monarchies du Golfe comme semble le sugg\u00e9rer Serge Halimi.   Avec l\u2019accord sur le nucl\u00e9aire iranien, les USA ont voulu cr\u00e9er une pomme de discorde en Iran esp\u00e9rant temp\u00e9rer l\u2019ardeur de T\u00e9h\u00e9ran dans la d\u00e9fense de la Syrie et du r\u00e9gime de Bachar Al Assad, et compliquer l\u2019entente irano-russe. Ils savaient faisant cela qu\u2019ils s\u00e8meraient des inqui\u00e9tudes et des doutes du c\u00f4t\u00e9 des monarchies arabes sunnites et d\u2019Isra\u00ebl. La France, meilleur alli\u00e9 de Washington a donc \u00e9t\u00e9 d\u00e9p\u00each\u00e9 \u00ab au chevet \u00bb des dirigeants de ces \u00c9tats belliqueux, afin de les rassurer et d\u2019\u00e9viter qu\u2019ils ne tirent des conclusions trop h\u00e2tives et inappropri\u00e9es de cette man\u0153uvre tactique de leur protecteur. Les contrats d\u2019armement pass\u00e9s avec la France ne sont donc pas les motivations qui ont guid\u00e9 la politique internationale du Quai d\u2019Orsay, ce ne sont que les \u00ab pots de vins \u00bb par lesquels l\u2019Arabie Saoudites, probablement avec le plein accord des \u00c9tats-Unis, remercie la France d\u2019avoir accept\u00e9 de jouer cette partition.   Patrick Seignon. \u00ab lavoiedessansvoix.fr \u00bb. Vendredi 7 novembre 2015.<\/p>\n","protected":false},"excerpt":{"rendered":"<p>\u00ab SERGE HALIMI CONFIRME PATRICK SEIGNON \u00bb Un \u00ab web-site \u00bb comme le n\u00f4tre, du fait de sa taille encore [&hellip;]<\/p>\n","protected":false},"author":1,"featured_media":4731,"comment_status":"open","ping_status":"open","sticky":false,"template":"","format":"standard","meta":{"sfsi_plus_gutenberg_text_before_share":"","sfsi_plus_gutenberg_show_text_before_share":"","sfsi_plus_gutenberg_icon_type":"","sfsi_plus_gutenberg_icon_alignemt":"","sfsi_plus_gutenburg_max_per_row":"","site-sidebar-layout":"default","site-content-layout":"","ast-site-content-layout":"default","site-content-style":"default","site-sidebar-style":"default","ast-global-header-display":"","ast-banner-title-visibility":"","ast-main-header-display":"","ast-hfb-above-header-display":"","ast-hfb-below-header-display":"","ast-hfb-mobile-header-display":"","site-post-title":"","ast-breadcrumbs-content":"","ast-featured-img":"","footer-sml-layout":"","ast-disable-related-posts":"","theme-transparent-header-meta":"","adv-header-id-meta":"","stick-header-meta":"","header-above-stick-meta":"","header-main-stick-meta":"","header-below-stick-meta":"","astra-migrate-meta-layouts":"default","ast-page-background-enabled":"default","ast-page-background-meta":{"desktop":{"background-color":"var(--ast-global-color-4)","background-image":"","background-repeat":"repeat","background-position":"center center","background-size":"auto","background-attachment":"scroll","background-type":"","background-media":"","overlay-type":"","overlay-color":"","overlay-opacity":"","overlay-gradient":""},"tablet":{"background-color":"","background-image":"","background-repeat":"repeat","background-position":"center center","background-size":"auto","background-attachment":"scroll","background-type":"","background-media":"","overlay-type":"","overlay-color":"","overlay-opacity":"","overlay-gradient":""},"mobile":{"background-color":"","background-image":"","background-repeat":"repeat","background-position":"center center","background-size":"auto","background-attachment":"scroll","background-type":"","background-media":"","overlay-type":"","overlay-color":"","overlay-opacity":"","overlay-gradient":""}},"ast-content-background-meta":{"desktop":{"background-color":"var(--ast-global-color-5)","background-image":"","background-repeat":"repeat","background-position":"center center","background-size":"auto","background-attachment":"scroll","background-type":"","background-media":"","overlay-type":"","overlay-color":"","overlay-opacity":"","overlay-gradient":""},"tablet":{"background-color":"var(--ast-global-color-5)","background-image":"","background-repeat":"repeat","background-position":"center center","background-size":"auto","background-attachment":"scroll","background-type":"","background-media":"","overlay-type":"","overlay-color":"","overlay-opacity":"","overlay-gradient":""},"mobile":{"background-color":"var(--ast-global-color-5)","background-image":"","background-repeat":"repeat","background-position":"center center","background-size":"auto","background-attachment":"scroll","background-type":"","background-media":"","overlay-type":"","overlay-color":"","overlay-opacity":"","overlay-gradient":""}},"footnotes":""},"categories":[16],"tags":[],"class_list":["post-1055","post","type-post","status-publish","format-standard","has-post-thumbnail","hentry","category-archives-cms"],"_links":{"self":[{"href":"https:\/\/lavoiedessansvoix.fr\/lavoie\/wp-json\/wp\/v2\/posts\/1055","targetHints":{"allow":["GET"]}}],"collection":[{"href":"https:\/\/lavoiedessansvoix.fr\/lavoie\/wp-json\/wp\/v2\/posts"}],"about":[{"href":"https:\/\/lavoiedessansvoix.fr\/lavoie\/wp-json\/wp\/v2\/types\/post"}],"author":[{"embeddable":true,"href":"https:\/\/lavoiedessansvoix.fr\/lavoie\/wp-json\/wp\/v2\/users\/1"}],"replies":[{"embeddable":true,"href":"https:\/\/lavoiedessansvoix.fr\/lavoie\/wp-json\/wp\/v2\/comments?post=1055"}],"version-history":[{"count":1,"href":"https:\/\/lavoiedessansvoix.fr\/lavoie\/wp-json\/wp\/v2\/posts\/1055\/revisions"}],"predecessor-version":[{"id":4732,"href":"https:\/\/lavoiedessansvoix.fr\/lavoie\/wp-json\/wp\/v2\/posts\/1055\/revisions\/4732"}],"wp:featuredmedia":[{"embeddable":true,"href":"https:\/\/lavoiedessansvoix.fr\/lavoie\/wp-json\/wp\/v2\/media\/4731"}],"wp:attachment":[{"href":"https:\/\/lavoiedessansvoix.fr\/lavoie\/wp-json\/wp\/v2\/media?parent=1055"}],"wp:term":[{"taxonomy":"category","embeddable":true,"href":"https:\/\/lavoiedessansvoix.fr\/lavoie\/wp-json\/wp\/v2\/categories?post=1055"},{"taxonomy":"post_tag","embeddable":true,"href":"https:\/\/lavoiedessansvoix.fr\/lavoie\/wp-json\/wp\/v2\/tags?post=1055"}],"curies":[{"name":"wp","href":"https:\/\/api.w.org\/{rel}","templated":true}]}}