{"id":1052,"date":"2015-11-14T08:49:00","date_gmt":"2015-11-14T07:49:00","guid":{"rendered":"https:\/\/lavoiedessansvoix.fr\/lavoie\/2015\/11\/14\/archive-deuil-larmes-et-recueillement-oui-union-nationale-non\/"},"modified":"2026-04-26T22:05:33","modified_gmt":"2026-04-26T20:05:33","slug":"archive-deuil-larmes-et-recueillement-oui-union-nationale-non","status":"publish","type":"post","link":"https:\/\/lavoiedessansvoix.fr\/lavoie\/2015\/11\/14\/archive-deuil-larmes-et-recueillement-oui-union-nationale-non\/","title":{"rendered":"DEUIL, LARMES ET RECUEILLEMENT ? OUI !     UNION NATIONALE ? NON !"},"content":{"rendered":"<p>DEUIL, LARMES ET RECUEILLEMENT ? OUI !UNION NATIONALE ? NON !\u00ab il faut cong\u00e9dier Fran\u00e7ois Hollande Manuel Valls et Laurent Fabius. \u00bb     A peu de mois d\u2019intervalle, et en pire,  le sc\u00e9nario de l\u2019horreur terroriste frappe une nouvelle fois Paris et la France.   La r\u00e9action officielle est la m\u00eame : appel \u00e0 l\u2019Union Nationale pour serrer l\u2019opinion autour du pouvoir politique afin de justifier la politique internationale criminelle de la France et de la confirmer dans sa fuite en avant apocalyptique.    Aux m\u00eames maux nous r\u00e9agirons de la m\u00eame mani\u00e8re que nous l\u2019avions fait en janvier dernier \u00e0 la suite des attentats contre \u00ab Charlie Hebdo \u00bb.  Nous ne nous rendrons pas aux manifestations de \u00ab l\u2019Union Nationale \u00bb, quelle que soient leurs formes,  qui pourraient-\u00eatre appel\u00e9es. Croyez-vous pour autant que nous soyons moins affect\u00e9s que la moyenne des fran\u00e7ais par les \u00e9v\u00e8nements d\u2019hier soir ?Nous resterons chez nous pour pleurer et souffrir, graves dans le recueillement. Ce sera notre mani\u00e8re \u00e0 nous de rendre hommage aux victimes.Nous sommes en deuil. Notre exigence de v\u00e9rit\u00e9 est trop grande pour que nous la travestissions avec des formules dithyrambiques et des sentiments feints.  Notre humilit\u00e9 est trop r\u00e9elle pour que nous pr\u00e9tendions d\u00e9tenir autre chose que notre  part de v\u00e9rit\u00e9 qui est une petite part de la v\u00e9rit\u00e9 g\u00e9n\u00e9rale. Mais elle est bien assez grande pour nous garder d\u2019adh\u00e9rer \u00e0 \u00ab la v\u00e9rit\u00e9 officielle, qui travestie et d\u00e9forme la r\u00e9alit\u00e9 pour s\u2019approprier l\u2019\u00e9v\u00e8nement et instrumentaliser les martyrs \u00bb.   Des attaques ignominieuses ce sont produites hier soir \u00e0 Paris, des attaques contre des citoyens pacifiques, en rien responsables de la politique des \u00c9tats. Nous pleurons la mort de ces gens innocents et manifestons ici notre d\u00e9go\u00fbt pour leurs assassins.   Nous condamnons tous les actes de la \u00ab barbarie \u00bb qu\u2019ils soient le fait de groupes dit \u00ab terroristes \u00bb ou celui \u00ab des \u00c9tats \u00bb.Mais les \u00ab Pr\u00e9sidents de la r\u00e9publique \u00bb, actuels et anciens, rejoints en cela par un grand nombre de personnalit\u00e9s politiques appellent, en r\u00e9action au drame, \u00e0 l\u2019union nationale.Non ! R\u00e9pliquons s\u00e8chement : Il n\u2019en est pas question. Nous n\u2019en sommes pas.L\u2019union nationale cela veut dire faire taire la critique et la libre expression. En appelant \u00e0 taire nos diff\u00e9rences, sans doute sans y avoir song\u00e9, les responsables politiques en question gratifient les assassins d\u2019une grande victoire sur \u00ab la d\u00e9mocratie \u00bb, dont ils pr\u00e9tendent par ailleurs qu\u2019elle est tellement sup\u00e9rieure \u00e0 tous les autres r\u00e9gimes politiques. L\u2019union nationale, sous pr\u00e9texte que la France est agress\u00e9e, c\u2019est vouloir taire que la France est aussi agresseur. Si les assassins qui ont agi hier soir \u00e0 Paris sont ignominieux et m\u00e9prisables, cela ne saurait nous faire oublier que la politique agressive interventionniste de la France inf\u00e9od\u00e9e aux USA, porte une large part de responsabilit\u00e9 dans la mont\u00e9e en puissance de la menace \u00ab terroriste \u00bb. \u00ab Si la France est attaqu\u00e9e \u2013 re. redira Fran\u00e7ois Hollande \u2013 c\u2019est parce que c\u2019est un pays de libert\u00e9. \u00bb La formule est r\u00e9ductrice et mensong\u00e8re. La France est attaqu\u00e9e surtout parce que c\u2019est un pays imp\u00e9rialiste, dominateur, la main droite des USA, qui veut imposer sa loi au monde. L\u2019intervention Fran\u00e7aise en Libye \u00e9tait une agression odieuse contre une nation libre, le soutien politique et logistique de la France \u00e0 l\u2019offensive djihadiste en Syrie, est une autre agression odieuse et meurtri\u00e8re contre une autre nation libre.   La France, mais aussi les USA et le Royaume-Uni, ont, directement ou indirectement, justifi\u00e9 politiquement, au nom de leur guerre contre Bachar Al Assad, soutenu, entrain\u00e9, arm\u00e9 et financ\u00e9 ceux qui ont donn\u00e9 naissance \u00e0 l\u2019EI. Or voil\u00e0 que les \u00ab grands sorciers d\u2019Occident \u00bb semble vouloir se retourner \u00e0 pr\u00e9sent contre \u00ab leur apprenti sorcier \u00bb \u00ab leur cr\u00e9ature diabolique \u00bb. \u00ab La cr\u00e9ature \u00bb le prend tr\u00e8s mal et se retourne \u00e0 son tour contre ses maitres et cr\u00e9ateurs \u00bb. Tel est le sens du sc\u00e9nario sanglant qui s\u2019\u00e9crit sous nos yeux.Nous l\u2019avons dit maintes fois, la politique internationale de la France est la premi\u00e8re responsable des malheurs qui la frappe. Nous avons dit \u00e9galement la responsabilit\u00e9 des dirigeants Fran\u00e7ais dans l\u2019engouement d\u2019une certaine jeunesse pour le Jihad en Syrie, pour y abattre le \u00ab tyran \u00bb d\u00e9sign\u00e9 par eux-m\u00eames, les Sarkozy, Hollande et Fabius.Et alors, quand surviennent les \u00e9ch\u00e9ances historiques, quand les cons\u00e9quences d\u2019une folle politique se font sentir, se devrait-\u00eatre le moment que nous choisirions pour nous taire ? Ce serait trop facile messieurs, trop injuste. Au pr\u00e9texte que la France est meurtrie nous devrions taire nos critiques d\u2019une politique que nous fustigeons depuis des ann\u00e9es ?  C\u2019est le contraire que nous pensons. C\u2019est le moment au contraire de situer sans d\u00e9tour les responsabilit\u00e9s.  Nous avions \u00e9crit Mardi 17 mars 2015 et nous r\u00e9it\u00e9rons notre propos \u00e0 cette occasion : \u00ab il faut conclure, que dans les circonstances pr\u00e9sentes, la diplomatie Fran\u00e7aise n\u2019est plus \u00e0 m\u00eame d\u2019entendre les voix de la raison et que sa motivation ne retourne plus des int\u00e9r\u00eats bien sentis de la France, mais du seul point de vue de la propre sauvegarde de ceux qui la font. La politique syrienne de la France est dict\u00e9e par une folle fuite en avant, parce que ceux qui en sont en charge ne veulent pas se d\u00e9dire. Les imb\u00e9ciles seuls ne changent pas d\u2019avis dit-on ? Alors il faut bien l\u2019admettre nous sommes dirig\u00e9s par des imb\u00e9ciles.De tels hommes sont dangereux de surcroit. Les imb\u00e9ciles sont toujours dangereux quand ils sont aux commandes d\u2019une grande puissance. Leur politique est destructrice pour l\u2019image de la France dans le Monde. Il faut les emp\u00eacher de nuire plus longtemps \u00e0 la paix du monde et aux v\u00e9ritables int\u00e9r\u00eats de notre pays, \u00ab il faut cong\u00e9dier Fran\u00e7ois Hollande Manuel Valls et Laurent Fabius. \u00bb  Patrick Seignon. \u00ab lavoiedessansvoix.fr. Samedi 14 novembre 2015.<\/p>\n","protected":false},"excerpt":{"rendered":"<p>DEUIL, LARMES ET RECUEILLEMENT ? OUI !UNION NATIONALE ? NON !\u00ab il faut cong\u00e9dier Fran\u00e7ois Hollande Manuel Valls et Laurent [&hellip;]<\/p>\n","protected":false},"author":1,"featured_media":4725,"comment_status":"open","ping_status":"open","sticky":false,"template":"","format":"standard","meta":{"sfsi_plus_gutenberg_text_before_share":"","sfsi_plus_gutenberg_show_text_before_share":"","sfsi_plus_gutenberg_icon_type":"","sfsi_plus_gutenberg_icon_alignemt":"","sfsi_plus_gutenburg_max_per_row":"","site-sidebar-layout":"default","site-content-layout":"","ast-site-content-layout":"default","site-content-style":"default","site-sidebar-style":"default","ast-global-header-display":"","ast-banner-title-visibility":"","ast-main-header-display":"","ast-hfb-above-header-display":"","ast-hfb-below-header-display":"","ast-hfb-mobile-header-display":"","site-post-title":"","ast-breadcrumbs-content":"","ast-featured-img":"","footer-sml-layout":"","ast-disable-related-posts":"","theme-transparent-header-meta":"","adv-header-id-meta":"","stick-header-meta":"","header-above-stick-meta":"","header-main-stick-meta":"","header-below-stick-meta":"","astra-migrate-meta-layouts":"default","ast-page-background-enabled":"default","ast-page-background-meta":{"desktop":{"background-color":"var(--ast-global-color-4)","background-image":"","background-repeat":"repeat","background-position":"center center","background-size":"auto","background-attachment":"scroll","background-type":"","background-media":"","overlay-type":"","overlay-color":"","overlay-opacity":"","overlay-gradient":""},"tablet":{"background-color":"","background-image":"","background-repeat":"repeat","background-position":"center center","background-size":"auto","background-attachment":"scroll","background-type":"","background-media":"","overlay-type":"","overlay-color":"","overlay-opacity":"","overlay-gradient":""},"mobile":{"background-color":"","background-image":"","background-repeat":"repeat","background-position":"center center","background-size":"auto","background-attachment":"scroll","background-type":"","background-media":"","overlay-type":"","overlay-color":"","overlay-opacity":"","overlay-gradient":""}},"ast-content-background-meta":{"desktop":{"background-color":"var(--ast-global-color-5)","background-image":"","background-repeat":"repeat","background-position":"center center","background-size":"auto","background-attachment":"scroll","background-type":"","background-media":"","overlay-type":"","overlay-color":"","overlay-opacity":"","overlay-gradient":""},"tablet":{"background-color":"var(--ast-global-color-5)","background-image":"","background-repeat":"repeat","background-position":"center center","background-size":"auto","background-attachment":"scroll","background-type":"","background-media":"","overlay-type":"","overlay-color":"","overlay-opacity":"","overlay-gradient":""},"mobile":{"background-color":"var(--ast-global-color-5)","background-image":"","background-repeat":"repeat","background-position":"center center","background-size":"auto","background-attachment":"scroll","background-type":"","background-media":"","overlay-type":"","overlay-color":"","overlay-opacity":"","overlay-gradient":""}},"footnotes":""},"categories":[16],"tags":[],"class_list":["post-1052","post","type-post","status-publish","format-standard","has-post-thumbnail","hentry","category-archives-cms"],"_links":{"self":[{"href":"https:\/\/lavoiedessansvoix.fr\/lavoie\/wp-json\/wp\/v2\/posts\/1052","targetHints":{"allow":["GET"]}}],"collection":[{"href":"https:\/\/lavoiedessansvoix.fr\/lavoie\/wp-json\/wp\/v2\/posts"}],"about":[{"href":"https:\/\/lavoiedessansvoix.fr\/lavoie\/wp-json\/wp\/v2\/types\/post"}],"author":[{"embeddable":true,"href":"https:\/\/lavoiedessansvoix.fr\/lavoie\/wp-json\/wp\/v2\/users\/1"}],"replies":[{"embeddable":true,"href":"https:\/\/lavoiedessansvoix.fr\/lavoie\/wp-json\/wp\/v2\/comments?post=1052"}],"version-history":[{"count":1,"href":"https:\/\/lavoiedessansvoix.fr\/lavoie\/wp-json\/wp\/v2\/posts\/1052\/revisions"}],"predecessor-version":[{"id":4726,"href":"https:\/\/lavoiedessansvoix.fr\/lavoie\/wp-json\/wp\/v2\/posts\/1052\/revisions\/4726"}],"wp:featuredmedia":[{"embeddable":true,"href":"https:\/\/lavoiedessansvoix.fr\/lavoie\/wp-json\/wp\/v2\/media\/4725"}],"wp:attachment":[{"href":"https:\/\/lavoiedessansvoix.fr\/lavoie\/wp-json\/wp\/v2\/media?parent=1052"}],"wp:term":[{"taxonomy":"category","embeddable":true,"href":"https:\/\/lavoiedessansvoix.fr\/lavoie\/wp-json\/wp\/v2\/categories?post=1052"},{"taxonomy":"post_tag","embeddable":true,"href":"https:\/\/lavoiedessansvoix.fr\/lavoie\/wp-json\/wp\/v2\/tags?post=1052"}],"curies":[{"name":"wp","href":"https:\/\/api.w.org\/{rel}","templated":true}]}}