{"id":1051,"date":"2015-11-17T08:15:00","date_gmt":"2015-11-17T07:15:00","guid":{"rendered":"https:\/\/lavoiedessansvoix.fr\/lavoie\/2015\/11\/17\/archive-l-impossible-union-nationale\/"},"modified":"2026-04-26T22:05:24","modified_gmt":"2026-04-26T20:05:24","slug":"archive-l-impossible-union-nationale","status":"publish","type":"post","link":"https:\/\/lavoiedessansvoix.fr\/lavoie\/2015\/11\/17\/archive-l-impossible-union-nationale\/","title":{"rendered":"L\u2019IMPOSSIBLE UNION NATIONALE"},"content":{"rendered":"<p>L\u2019IMPOSSIBLE UNION NATIONALE   La France, si on l\u2019a d\u00e9finie par ses fronti\u00e8res, sa langue, quelques une de ses r\u00e9f\u00e9rences culturelles, le creuset de l\u2019histoire nationale dans lequel elle fut forg\u00e9e, est une nation et son unit\u00e9 nationale d\u00e9coule de cela.    Mais par-del\u00e0 cette apparence d\u2019unit\u00e9 et de communaut\u00e9 nationale, la r\u00e9alit\u00e9 est plurielle, dans tous ses aspects. Il n\u2019y a pas, il n\u2019y a jamais eu, une, mais plusieurs Frances. Elles se c\u00f4toient, s\u2019imbriquent, collaborent, se m\u00e9langent parfois, mais elles restent pourtant \u00e9gales \u00e0 elles-m\u00eames et irr\u00e9conciliables.    Qu\u2019elle communaut\u00e9 d\u2019int\u00e9r\u00eats et de destin, qu\u2019elle unit\u00e9 nationale n\u2019a-t-elle jamais exist\u00e9 entre la France des serfs et celle des seigneurs ? Qu\u2019elle communaut\u00e9 nationale ou de destin n\u2019ont-ils jamais exist\u00e9s entre les maitres de forges et de mines et les ouvriers sid\u00e9rurgistes et mineurs ?    L\u2019unit\u00e9 historique est un leurre tout autant qu\u2019une r\u00e9alit\u00e9. Celle que l\u2019on appelle couramment \u00ab la classe politique \u00bb, se plait dans les circonstances actuelles \u00e0 \u00e9voquer la France de la R\u00e9volution, des valeurs r\u00e9volutionnaires : la libert\u00e9, la lutte contre la tyrannie, l\u2019\u00e9galit\u00e9 juridique, la fraternit\u00e9 nationale, la la\u00efcit\u00e9, la d\u00e9mocratie.  La France toute enti\u00e8re est d\u2019une mani\u00e8re ou d\u2019une autre h\u00e9riti\u00e8re de la grande r\u00e9volution. Mais dans celle-ci, des forces contradictoires se sont affront\u00e9. Quel est le point commun exact entre ceux qui instaur\u00e8rent la souverainet\u00e9 du peuple et ceux qui luttaient pour le maintien de la souverainet\u00e9 monarchique ? Entre ceux qui instaur\u00e8rent la R\u00e9publique une et indivisible et ceux qui r\u00eav\u00e8rent d\u2019une monarchie constitutionnelle ? Entre ceux qui vot\u00e8rent la d\u00e9claration des droits de l\u2019homme et du citoyens et ceux qui asservirent des peuples et des nations qu\u2019ils nomm\u00e8rent colonies ? Entre ceux qui abolirent l\u2019esclavage d\u00e8s 1794 et ceux qui le restaur\u00e8rent sous le Consulat en 1802 ? Entre ceux qui prirent la Bastille et firent Valmy et ceux qui firent le 9 thermidor et le 18 Brumaire ? Qu\u2019elle communaut\u00e9 effective entre ceux qui firent la r\u00e9volution de 1848 et ceux qui firent le coup d\u2019\u00e9tat du 2 d\u00e9cembre 1851, entre ceux qui firent la Commune de Paris de 1871 et les Versaillais qui l\u2019extermin\u00e8rent dans un bain de sang ? Qu\u2019elle unit\u00e9 nationale entre ceux qui firent la premi\u00e8re guerre mondiale, humili\u00e9s et tu\u00e9s dans la boue des tranch\u00e9es et les \u00ab gav\u00e9s \u00bb qui s\u2019enrichirent \u00e0 millions avec l\u2019industrie de mort ? Qu\u2019elle communaut\u00e9 de destin entre ceux qui luttaient contre le fascisme et pour \u00ab les fronts populaires \u00bb et ceux qui choisirent Hitler contre le front populaire ? Qu\u2019elle \u00ab\u00a0Union nationale\u00a0\u00bb possible entre ceux qui au nom de la pr\u00e9tendue mission civilisatrice de la France voulaient maintenir le statut colonial des nations asservies et ceux qui se sont solidaris\u00e9s avec les combats \u00e9mancipateurs de ces peuples ? Qu\u2019elle \u00ab Union nationale \u00bb possible entre ceux qui au nom du profit maximum imm\u00e9diat professent le cr\u00e9do de \u00ab la rentabilit\u00e9 des entreprises \u00bb, d\u00e9localisent l\u2019emploi industriel et r\u00e9duisant la grande majorit\u00e9 de leur population \u00e0 l\u2019\u00e9tat d\u2019assist\u00e9s, et ceux qui luttent pour le maintien du tissue industriel,  l\u2019emploi et la dignit\u00e9 ? Quelle \u00ab Union Nationale \u00bb entre les 1 % qui d\u00e9tiennent un quart de la richesse nationale et les 99 % qui restent qui n\u2019en d\u00e9tiennent que les trois quarts ? Quelle union nationale possible entre ceux qui aspirent \u00e0 la paix entre les peuple et \u00e0 un d\u00e9veloppement pacifique et ceux qui r\u00eavent de domination, qui pour satisfaire leur soif insatiable de pouvoir et profits, leur volont\u00e9 de contr\u00f4le des gisements de mati\u00e8res premi\u00e8res strat\u00e9giques, n\u2019ont pas craint de d\u00e9stabiliser des \u00c9tats, de semer la guerre, la terreur et la d\u00e9solation dans tout le Grand Moyen-Orient et en Europe m\u00eame, faisant sans vergogne et au nom de la libert\u00e9, de la d\u00e9mocratie, du printemps m\u00eame, usage du coup d\u2019\u00c9tat, de la subversion, du putsch, de la trahison, du complot, et de la tromperie ?    Ces gens-l\u00e0, les dirigeants politiques de notre pays se sont compromis avec les mouvements islamistes radicaux et leurs tuteurs les monarchies arabes, qui sont devenues depuis les meilleurs amis de la France, dans le but d\u2019enr\u00f4ler les troupes que ceux-ci fournissaient pour conduire leur guerre injuste de \u00ab balkanisation \u00bb du Moyen-Orient. Ils ont fait un pacte avec le diable. Et lorsque leur cr\u00e9ature fit mine de leur \u00e9chapper, de \u00bb vouloir \u00ab se payer sur la b\u00eate \u00bb, de jouer aussi sa propre carte dans le conflit, alors les maitres occidentaux, voulurent le contenir, le rappeler \u00e0 l\u2019ordre, lui intimer l\u2019ordre de \u00ab faire le boulot \u00bb qui lui \u00e9tait assign\u00e9 sans trop de pr\u00e9tentions propres. La cr\u00e9ature n\u2019a pas appr\u00e9ci\u00e9 et a mordu tr\u00e8s fort. Comme \u00e0 chaque fois, ce sont les peuples, des innocents, \u00ab des qui n\u2019y sont pour rien \u00bb, qui font les frais des folles politiques \u00ab des maitres \u00bb. Et alors, au pr\u00e9texte que nous sommes attaqu\u00e9s, nous qui avons \u00ab foutu la guerre et le feu \u00bb dans tout le Moyen-Orient, ils en appellent \u00e0 \u00ab l\u2019Union nationale \u00bb, non pas pour changer de politique, non pas pour mettre un terme \u00e0 l\u2019orientation agressive et aux manigances de la diplomatie Fran\u00e7aise, mais pour poursuivre sa fuite en avant suicidaire qui ne fera qu\u2019accroitre le chaos du Moyen-Orient et le danger terroriste qui en r\u00e9sulte  .  L\u2019Union nationale \u00bb est un slogan politicien par lequel une France appelle l\u2019autre \u00e0 se solidariser avec une politique, des int\u00e9r\u00eats qui ne sont pas les siens.     Non, l\u2019Union nationale n\u2019est pas possible et n\u2019est pas souhaitable. Ce qui est urgent et n\u00e9cessaire c\u2019est la mobilisation de la France consciente et \u00e9veill\u00e9e, anti colonialiste et anti imp\u00e9rialiste pour contraindre notre gouvernement \u00e0 changer de politique internationale, \u00e0 cesser de vouloir d\u00e9stabiliser la Syrie en chassant Bachar Al Assad, de s\u2019allier au contraire avec celui-ci et avec la Russie pour \u00e9radiquer l\u2019\u00c9tat Islamique \u00bb (EI, Daesh) et reconstruire la l\u00e9galit\u00e9 du pouvoir Syrien et l\u2019unit\u00e9 territoriale de ce pays martyris\u00e9.    Patrick Seignon. \u00ab lavoiedessansvoix.fr \u00bb. Mardi 17 novembre 2015.<\/p>\n","protected":false},"excerpt":{"rendered":"<p>L\u2019IMPOSSIBLE UNION NATIONALE La France, si on l\u2019a d\u00e9finie par ses fronti\u00e8res, sa langue, quelques une de ses r\u00e9f\u00e9rences culturelles, [&hellip;]<\/p>\n","protected":false},"author":1,"featured_media":4723,"comment_status":"open","ping_status":"open","sticky":false,"template":"","format":"standard","meta":{"sfsi_plus_gutenberg_text_before_share":"","sfsi_plus_gutenberg_show_text_before_share":"","sfsi_plus_gutenberg_icon_type":"","sfsi_plus_gutenberg_icon_alignemt":"","sfsi_plus_gutenburg_max_per_row":"","site-sidebar-layout":"default","site-content-layout":"","ast-site-content-layout":"default","site-content-style":"default","site-sidebar-style":"default","ast-global-header-display":"","ast-banner-title-visibility":"","ast-main-header-display":"","ast-hfb-above-header-display":"","ast-hfb-below-header-display":"","ast-hfb-mobile-header-display":"","site-post-title":"","ast-breadcrumbs-content":"","ast-featured-img":"","footer-sml-layout":"","ast-disable-related-posts":"","theme-transparent-header-meta":"","adv-header-id-meta":"","stick-header-meta":"","header-above-stick-meta":"","header-main-stick-meta":"","header-below-stick-meta":"","astra-migrate-meta-layouts":"default","ast-page-background-enabled":"default","ast-page-background-meta":{"desktop":{"background-color":"var(--ast-global-color-4)","background-image":"","background-repeat":"repeat","background-position":"center center","background-size":"auto","background-attachment":"scroll","background-type":"","background-media":"","overlay-type":"","overlay-color":"","overlay-opacity":"","overlay-gradient":""},"tablet":{"background-color":"","background-image":"","background-repeat":"repeat","background-position":"center center","background-size":"auto","background-attachment":"scroll","background-type":"","background-media":"","overlay-type":"","overlay-color":"","overlay-opacity":"","overlay-gradient":""},"mobile":{"background-color":"","background-image":"","background-repeat":"repeat","background-position":"center center","background-size":"auto","background-attachment":"scroll","background-type":"","background-media":"","overlay-type":"","overlay-color":"","overlay-opacity":"","overlay-gradient":""}},"ast-content-background-meta":{"desktop":{"background-color":"var(--ast-global-color-5)","background-image":"","background-repeat":"repeat","background-position":"center center","background-size":"auto","background-attachment":"scroll","background-type":"","background-media":"","overlay-type":"","overlay-color":"","overlay-opacity":"","overlay-gradient":""},"tablet":{"background-color":"var(--ast-global-color-5)","background-image":"","background-repeat":"repeat","background-position":"center center","background-size":"auto","background-attachment":"scroll","background-type":"","background-media":"","overlay-type":"","overlay-color":"","overlay-opacity":"","overlay-gradient":""},"mobile":{"background-color":"var(--ast-global-color-5)","background-image":"","background-repeat":"repeat","background-position":"center center","background-size":"auto","background-attachment":"scroll","background-type":"","background-media":"","overlay-type":"","overlay-color":"","overlay-opacity":"","overlay-gradient":""}},"footnotes":""},"categories":[16],"tags":[],"class_list":["post-1051","post","type-post","status-publish","format-standard","has-post-thumbnail","hentry","category-archives-cms"],"_links":{"self":[{"href":"https:\/\/lavoiedessansvoix.fr\/lavoie\/wp-json\/wp\/v2\/posts\/1051","targetHints":{"allow":["GET"]}}],"collection":[{"href":"https:\/\/lavoiedessansvoix.fr\/lavoie\/wp-json\/wp\/v2\/posts"}],"about":[{"href":"https:\/\/lavoiedessansvoix.fr\/lavoie\/wp-json\/wp\/v2\/types\/post"}],"author":[{"embeddable":true,"href":"https:\/\/lavoiedessansvoix.fr\/lavoie\/wp-json\/wp\/v2\/users\/1"}],"replies":[{"embeddable":true,"href":"https:\/\/lavoiedessansvoix.fr\/lavoie\/wp-json\/wp\/v2\/comments?post=1051"}],"version-history":[{"count":1,"href":"https:\/\/lavoiedessansvoix.fr\/lavoie\/wp-json\/wp\/v2\/posts\/1051\/revisions"}],"predecessor-version":[{"id":4724,"href":"https:\/\/lavoiedessansvoix.fr\/lavoie\/wp-json\/wp\/v2\/posts\/1051\/revisions\/4724"}],"wp:featuredmedia":[{"embeddable":true,"href":"https:\/\/lavoiedessansvoix.fr\/lavoie\/wp-json\/wp\/v2\/media\/4723"}],"wp:attachment":[{"href":"https:\/\/lavoiedessansvoix.fr\/lavoie\/wp-json\/wp\/v2\/media?parent=1051"}],"wp:term":[{"taxonomy":"category","embeddable":true,"href":"https:\/\/lavoiedessansvoix.fr\/lavoie\/wp-json\/wp\/v2\/categories?post=1051"},{"taxonomy":"post_tag","embeddable":true,"href":"https:\/\/lavoiedessansvoix.fr\/lavoie\/wp-json\/wp\/v2\/tags?post=1051"}],"curies":[{"name":"wp","href":"https:\/\/api.w.org\/{rel}","templated":true}]}}