{"id":1049,"date":"2015-11-20T01:18:00","date_gmt":"2015-11-20T00:18:00","guid":{"rendered":"https:\/\/lavoiedessansvoix.fr\/lavoie\/2015\/11\/20\/archive-non-la-politique-syrienne-de-la-france-n-a-pas-change\/"},"modified":"2026-04-26T22:05:07","modified_gmt":"2026-04-26T20:05:07","slug":"archive-non-la-politique-syrienne-de-la-france-n-a-pas-change","status":"publish","type":"post","link":"https:\/\/lavoiedessansvoix.fr\/lavoie\/2015\/11\/20\/archive-non-la-politique-syrienne-de-la-france-n-a-pas-change\/","title":{"rendered":"NON, LA POLITIQUE SYRIENNE DE LA FRANCE N\u2019A PAS CHANGE"},"content":{"rendered":"<p>NON, LA POLITIQUE SYRIENNE DE LA FRANCE N\u2019A PAS CHANGE   Mais nous avons \u00e9crit aussi dans le m\u00eame article du 17 novembre d\u00e9j\u00e0 cit\u00e9 hier (l\u2019impossible union nationale) : \u00ab Et alors, au pr\u00e9texte que nous sommes attaqu\u00e9s, nous qui avons \u00ab foutu la guerre et le feu \u00bb dans tout le Moyen-Orient, ils en appellent \u00e0 \u00ab l\u2019Union nationale \u00bb, non pas pour changer de politique, non pas pour mettre un terme \u00e0 l\u2019orientation agressive et aux manigances de la diplomatie Fran\u00e7aise, mais pour poursuivre sa fuite en avant suicidaire qui ne fera qu\u2019accroitre le chaos du Moyen-Orient et le danger terroriste qui en r\u00e9sulte \u00bb. Or dans le m\u00eame journal on apprenait que Fran\u00e7ois hollande allait rencontrer Vladimir poutine et Barak Obama afin de promouvoir \u00ab une coalition \u00e9largie contre l\u2019EI \u00bb, et que le d\u00e9part de Bachar Al Assad ne paraissait plus \u00eatre la priorit\u00e9. Nous serions nous donc tromp\u00e9 ? Fran\u00e7ois Hollande ce serait-il ravis\u00e9, aurait-il d\u00e9j\u00e0 infl\u00e9chie la politique internationale de la France ?  Rien n\u2019est moins s\u00fbr.    Devant le Congr\u00e8s r\u00e9uni \u00e0 Versailles le lundi 16 novembre Fran\u00e7ois Hollande n\u2019avait-il pas r\u00e9it\u00e9r\u00e9 son exigence du d\u00e9part de Bachar Al Assad ? Et m\u00eame s\u2019il a pr\u00e9cis\u00e9 que \u00ab notre ennemi en Syrie \u00e9tait l\u2019\u00c9tat Islamique \u00bb (Daesh). Cela signifie que l\u2019orientation g\u00e9n\u00e9rale reste la m\u00eame et que l\u2019inflexion apparente n\u2019est qu\u2019une inflexion tactique de circonstance. D\u2019ailleurs, toujours dans le m\u00eame journal t\u00e9l\u00e9vis\u00e9 de 20 heures du mardi 17 novembre, David Pujadas posait cette question cruciale \u00e0 John Kerry, le chef de la diplomatie US qu\u2019il avait invit\u00e9 : \u00ab\u00a0Cela signifie-t-il que le d\u00e9part de Bachar Al Assad n\u2019est plus une exigence ?\u00a0\u00bb Et John Kerry de r\u00e9pondre longuement, Qu\u2019Assad doit partir, qu\u2019il est impossible de faire la paix en Syrie si Assad reste. Que celui-ci agirait \u00ab comme un aimant \u00bb sur \u00ab les terroristes \u00bb fa\u00e7on de dire que c\u2019est lui qui est responsable de Daesh et du terrorisme. Et de nous resservir sans le moindre d\u00e9but de preuve tous les mensonges et toutes les insanit\u00e9s et accusations non fond\u00e9es et jamais d\u00e9montr\u00e9es que la presse et les dirigeants occidentaux ont instrumentalis\u00e9s pour justifier leur folle politique Syrienne.    Non, \u00ab Hollande ne fera pas pression sur Obama \u00bb. Le changement de politique occidentale au Moyen-Orient n\u2019est pas encore \u00e0 l\u2019ordre du jour. John Kerry, c\u2019est le chef de la diplomatie Am\u00e9ricaine, la voix off d\u2019Obama, le maitre dont Hollande n\u2019est que le valet. Autant dire que Kerry disait tout haut hier soir, ce que hollande \u00e9tait oblig\u00e9 depuis trois jours, de mettre en sourdine, pour des raisons tactiques. La seule inflexion visible est la volont\u00e9 de la France de frapper durement l\u2019EI. Hollande ne pouvait pas moins face \u00e0 son opinion publique. Mais la question de fond reste la m\u00eame. La guerre en Syrie, largement maniganc\u00e9e et soutenue depuis le d\u00e9but par les puissances occidentales, reste une guerre pour le d\u00e9part d\u2019Assad et l\u2019\u00e9clatement voulu de la Syrie. En intervenant contre Daesh la France, prise de vitesse ces derni\u00e8res semaines par l\u2019intervention de l\u2019aviation russe, entend seulement se replacer dans le jeu Syrien afin de pouvoir exiger sa part dans le r\u00e8glement. Et la part de la France et des USA son suzerain, c\u2019est, sous pr\u00e9texte \u00ab d\u2019opposition mod\u00e9r\u00e9e \u00bb, de ne pas rendre \u00e0 Assad  \u00ab les territoires lib\u00e9r\u00e9s par l\u2019EI \u00bb. C\u2019est-\u00e0-dire de partitionner la Syrie et de fixer les bases de la poursuite de la guerre pour la chute de Bachar Al Assad.    Jusque-l\u00e0, s\u2019\u00e9taient Hollande et Fabius qui disaient tout haut ce qui \u00e9tait l\u2019exigence de la diplomatie Am\u00e9ricaine mais que celle-ci ne voulait pas dire trop fort afin de se pr\u00e9server des marges de man\u0153uvres diplomatiques. Mais ces derniers jours les r\u00f4les se sont invers\u00e9s. Hollande et Fabius doivent sur ce sujet rabaisser leurs caquets d\u2019un b\u00e9mol, afin de s\u2019assurer la bienveillance des Russes. Alors c\u2019est Kerry qui prend la rel\u00e8ve afin que l\u2019on ne s\u2019y m\u00e9prenne pas. L\u2019orientation g\u00e9n\u00e9rale de la politique Syrienne de l\u2019Occident, donc de la France, ne varie pas d\u2019un cheveu, seul l\u2019ordre des priorit\u00e9s a \u00e9t\u00e9 l\u00e9g\u00e8rement modifi\u00e9.  Patrick Seignon. \u00ab lavoiedessansvoix.fr. Vendredi 20 novembre 2015.<\/p>\n","protected":false},"excerpt":{"rendered":"<p>NON, LA POLITIQUE SYRIENNE DE LA FRANCE N\u2019A PAS CHANGE Mais nous avons \u00e9crit aussi dans le m\u00eame article du [&hellip;]<\/p>\n","protected":false},"author":1,"featured_media":4719,"comment_status":"open","ping_status":"open","sticky":false,"template":"","format":"standard","meta":{"sfsi_plus_gutenberg_text_before_share":"","sfsi_plus_gutenberg_show_text_before_share":"","sfsi_plus_gutenberg_icon_type":"","sfsi_plus_gutenberg_icon_alignemt":"","sfsi_plus_gutenburg_max_per_row":"","site-sidebar-layout":"default","site-content-layout":"","ast-site-content-layout":"default","site-content-style":"default","site-sidebar-style":"default","ast-global-header-display":"","ast-banner-title-visibility":"","ast-main-header-display":"","ast-hfb-above-header-display":"","ast-hfb-below-header-display":"","ast-hfb-mobile-header-display":"","site-post-title":"","ast-breadcrumbs-content":"","ast-featured-img":"","footer-sml-layout":"","ast-disable-related-posts":"","theme-transparent-header-meta":"","adv-header-id-meta":"","stick-header-meta":"","header-above-stick-meta":"","header-main-stick-meta":"","header-below-stick-meta":"","astra-migrate-meta-layouts":"default","ast-page-background-enabled":"default","ast-page-background-meta":{"desktop":{"background-color":"var(--ast-global-color-4)","background-image":"","background-repeat":"repeat","background-position":"center center","background-size":"auto","background-attachment":"scroll","background-type":"","background-media":"","overlay-type":"","overlay-color":"","overlay-opacity":"","overlay-gradient":""},"tablet":{"background-color":"","background-image":"","background-repeat":"repeat","background-position":"center center","background-size":"auto","background-attachment":"scroll","background-type":"","background-media":"","overlay-type":"","overlay-color":"","overlay-opacity":"","overlay-gradient":""},"mobile":{"background-color":"","background-image":"","background-repeat":"repeat","background-position":"center center","background-size":"auto","background-attachment":"scroll","background-type":"","background-media":"","overlay-type":"","overlay-color":"","overlay-opacity":"","overlay-gradient":""}},"ast-content-background-meta":{"desktop":{"background-color":"var(--ast-global-color-5)","background-image":"","background-repeat":"repeat","background-position":"center center","background-size":"auto","background-attachment":"scroll","background-type":"","background-media":"","overlay-type":"","overlay-color":"","overlay-opacity":"","overlay-gradient":""},"tablet":{"background-color":"var(--ast-global-color-5)","background-image":"","background-repeat":"repeat","background-position":"center center","background-size":"auto","background-attachment":"scroll","background-type":"","background-media":"","overlay-type":"","overlay-color":"","overlay-opacity":"","overlay-gradient":""},"mobile":{"background-color":"var(--ast-global-color-5)","background-image":"","background-repeat":"repeat","background-position":"center center","background-size":"auto","background-attachment":"scroll","background-type":"","background-media":"","overlay-type":"","overlay-color":"","overlay-opacity":"","overlay-gradient":""}},"footnotes":""},"categories":[16],"tags":[],"class_list":["post-1049","post","type-post","status-publish","format-standard","has-post-thumbnail","hentry","category-archives-cms"],"_links":{"self":[{"href":"https:\/\/lavoiedessansvoix.fr\/lavoie\/wp-json\/wp\/v2\/posts\/1049","targetHints":{"allow":["GET"]}}],"collection":[{"href":"https:\/\/lavoiedessansvoix.fr\/lavoie\/wp-json\/wp\/v2\/posts"}],"about":[{"href":"https:\/\/lavoiedessansvoix.fr\/lavoie\/wp-json\/wp\/v2\/types\/post"}],"author":[{"embeddable":true,"href":"https:\/\/lavoiedessansvoix.fr\/lavoie\/wp-json\/wp\/v2\/users\/1"}],"replies":[{"embeddable":true,"href":"https:\/\/lavoiedessansvoix.fr\/lavoie\/wp-json\/wp\/v2\/comments?post=1049"}],"version-history":[{"count":1,"href":"https:\/\/lavoiedessansvoix.fr\/lavoie\/wp-json\/wp\/v2\/posts\/1049\/revisions"}],"predecessor-version":[{"id":4720,"href":"https:\/\/lavoiedessansvoix.fr\/lavoie\/wp-json\/wp\/v2\/posts\/1049\/revisions\/4720"}],"wp:featuredmedia":[{"embeddable":true,"href":"https:\/\/lavoiedessansvoix.fr\/lavoie\/wp-json\/wp\/v2\/media\/4719"}],"wp:attachment":[{"href":"https:\/\/lavoiedessansvoix.fr\/lavoie\/wp-json\/wp\/v2\/media?parent=1049"}],"wp:term":[{"taxonomy":"category","embeddable":true,"href":"https:\/\/lavoiedessansvoix.fr\/lavoie\/wp-json\/wp\/v2\/categories?post=1049"},{"taxonomy":"post_tag","embeddable":true,"href":"https:\/\/lavoiedessansvoix.fr\/lavoie\/wp-json\/wp\/v2\/tags?post=1049"}],"curies":[{"name":"wp","href":"https:\/\/api.w.org\/{rel}","templated":true}]}}