{"id":1047,"date":"2015-11-24T02:35:00","date_gmt":"2015-11-24T01:35:00","guid":{"rendered":"https:\/\/lavoiedessansvoix.fr\/lavoie\/2015\/11\/24\/archive-controverse-avec-monsieur-jacques-sapir\/"},"modified":"2026-04-26T22:04:46","modified_gmt":"2026-04-26T20:04:46","slug":"archive-controverse-avec-monsieur-jacques-sapir","status":"publish","type":"post","link":"https:\/\/lavoiedessansvoix.fr\/lavoie\/2015\/11\/24\/archive-controverse-avec-monsieur-jacques-sapir\/","title":{"rendered":"CONTROVERSE AVEC MONSIEUR JACQUES SAPIR"},"content":{"rendered":"<p>CONTROVERSE AVEC MONSIEUR JACQUES SAPIR   \u00c9conomiste, directeur d\u2019\u00e9tudes (professeur) \u00e0 l\u2019\u00c9cole des Hautes \u00c9tudes en Sciences Sociales \u00e0 Paris, o\u00f9 il dirige le Centre d\u2019\u00c9tude des Modes d\u2019Industrialisation (CEMI-EHESS). Monsieur Jacques Sapir est aussi professeur associ\u00e9 \u00e0 l\u2019\u00c9cole d\u2019\u00c9conomie de Moscou. Il vient de publier sur le site russe en fran\u00e7ais \u00ab fr.sputniknews.com \u00bb, auquel nous empruntons sa biographie,  un article intitul\u00e9 : \u00ab Les grands retournements de la politique fran\u00e7aise \u00bb, qu\u2019il introduit de la sorte : \u00ab La politique fran\u00e7aise a connu, depuis les tragiques attentats du 13 novembre, une \u00e9volution rapide. Elle produit des r\u00e9sultats qui sont si spectaculaires que l\u2019on peut parler, \u00e0 son propos, d\u2019un \u00ab grand retournement \u00bb. Chacun peut lire l\u2019int\u00e9gralit\u00e9 de celui-ci sur le Site Web mentionn\u00e9.  Nous ne partageons pas le point de vue de monsieur Sapir. Nous avons certes enregistr\u00e9 certains infl\u00e9chissements tactiques conjoncturels de la politique internationale de la France cons\u00e9cutifs aux attentats du 13 novembre, mais nous contestons l\u2019id\u00e9e qu\u2019il s\u2019agit d\u2019un r\u00e9el \u00ab retournement \u00bb de celle-ci. Nous pensons-m\u00eame plut\u00f4t le contraire, qu\u2019ils sont la marque de la m\u00eame obstination obsessionnelle de la France. Une simple adaptation tactique \u00e0 la nouvelle donne impos\u00e9e par l\u2019irruption de la Russie sur le terrain militaire syrien.  Nous avions d\u00e9j\u00e0 dit cela dans notre article du vendredi 20 novembre Intitul\u00e9 \u00ab NON, LA POLITIQUE SYRIENNE DE LA FRANCE N\u2019A PAS CHANGE \u00bb, que nous venons de publier en commentaire \u00e0 l\u2019article de Jacques Sapir sur le Site de \u00ab sputniknews \u00bb. N\u2019\u00e9tions-nous pas assez clairs ? Alors voici quelques pr\u00e9cisions.  L\u2019aviation Russe assure la couverture a\u00e9rienne et la pr\u00e9paration du terrain pour l\u2019arm\u00e9e r\u00e9guli\u00e8re Syrienne sous l\u2019autorit\u00e9 de Bachar Al Assad. L\u2019objectif \u00e9vident n\u2019est pas seulement de faire \u00ab mal \u00bb \u00e0 Daesh ou tout autre, c\u2019est de reconqu\u00e9rir les territoires confisqu\u00e9s par la r\u00e9bellion.  C\u2019est ce qu\u2019a d\u2019ailleurs affirm\u00e9  r\u00e9cemment, lors d\u2019une interview accord\u00e9 \u00e0 la chaine de t\u00e9l\u00e9vision nationale italienne (RAI), le Pr\u00e9sident Assad quand il a comment\u00e9 l\u2019accord de Vienne. En disant \u00ab qu\u2019il ne saurait y avoir d\u2019\u00e9lection g\u00e9n\u00e9rales en Syrie avant que tous les territoires confisqu\u00e9s par les groupes rebelles ne soient revenus sous l\u2019autorit\u00e9 du gouvernement l\u00e9gal \u00bb C\u2019est ce que viennent de r\u00e9it\u00e9rer, \u00e0 leur mani\u00e8re, le Pr\u00e9sident Poutine et Ali Khamenei le guide supr\u00eame de la r\u00e9volution Iranienne qui se sont rencontr\u00e9 hier et qui affirment :  \u00ab\u2009Personne ne peut et ne doit imposer de l\u2019ext\u00e9rieur au peuple syrien des formes quelconques de gouvernance de leur Etat ou dire qui doit le diriger. Ce n\u2019est qu\u2019au peuple syrien d\u2019en d\u00e9cider\u2009\u00bb rejetant de la sorte, et sans appel \u00ab \u2026 la mise en \u0153uvre d\u2019une transition politique \u00e0 Damas. \u00bb selon Virginie Robert, qui s\u2019exprime dans \u00ab Les \u00c9chos \u00bb    L\u2019EI et les autres groupes rebelles chass\u00e9s de Syrie, et l\u2019unit\u00e9 territoriale de la Syrie reconstitu\u00e9, il ne s\u2019agirait pas d\u2019une simple victoire sur l\u2019EI, mais d\u2019une cuisante d\u00e9faite pour la coalition arabo-occidentale. La perspective ouverte par l\u2019intervention russe a comme cons\u00e9quence in\u00e9vitable la \u00ab mise hors-jeu des puissances Occidentales qui se sont appuy\u00e9es sur \u00ab la r\u00e9bellion et les groupes islamistes radicaux recrut\u00e9s par leurs amis saoudiens et qataris. Cela d\u2019autant plus surement que les \u00e9v\u00e8nements ont mis en lumi\u00e8re l\u2019inexistence op\u00e9rationnelle de \u00ab l\u2019opposition dite mod\u00e9r\u00e9e \u00bb, et qu\u2019ils ne disposent pas d\u2019autres troupes au sol pour prendre possession des territoires \u00ab lib\u00e9r\u00e9s \u00bb par l\u2019EI.     L\u2019intervention  russe a compl\u00e8tement rebattues les cartes, au point que les occidentaux, donc la France, qui a men\u00e9 le jeu jusque-l\u00e0 (\u00e0 titre d\u00e9l\u00e9gataire il est vrai), sont tout \u00e0 coup en situation d\u2019\u00eatre bout\u00e9s hors de Syrie et peut-\u00eatre m\u00eame d\u2019Irak, avec leurs cr\u00e9atures diaboliques. Il leur faut revenir \u00e0 tous prix dans le \u00ab jeu \u00bb, c\u2019est pourquoi chass\u00e9e par la porte de derri\u00e8re la France \u00bb se r\u00e9introduit par la fen\u00eatre des WC. Les attentats du 13 novembre \u00e0 Paris lui en ont donn\u00e9 l\u2019occasion et le pr\u00e9texte. Il ne s\u2019agit donc pas, n\u2019en d\u00e9plaise \u00e0 Jacques Sapir, d\u2019un quelconque \u00ab retournement \u00bb de la politique fran\u00e7aise mais bien de s\u2019accrocher coute que coute au terrain afin de garder une part au moins de son pouvoir de nuisance.  Patrick Seignon. \u00ab lavoiedessansvoix.fr \u00bb Mardi 24 novembre 2015.<\/p>\n","protected":false},"excerpt":{"rendered":"<p>CONTROVERSE AVEC MONSIEUR JACQUES SAPIR \u00c9conomiste, directeur d\u2019\u00e9tudes (professeur) \u00e0 l\u2019\u00c9cole des Hautes \u00c9tudes en Sciences Sociales \u00e0 Paris, o\u00f9 [&hellip;]<\/p>\n","protected":false},"author":1,"featured_media":4715,"comment_status":"open","ping_status":"open","sticky":false,"template":"","format":"standard","meta":{"sfsi_plus_gutenberg_text_before_share":"","sfsi_plus_gutenberg_show_text_before_share":"","sfsi_plus_gutenberg_icon_type":"","sfsi_plus_gutenberg_icon_alignemt":"","sfsi_plus_gutenburg_max_per_row":"","site-sidebar-layout":"default","site-content-layout":"","ast-site-content-layout":"default","site-content-style":"default","site-sidebar-style":"default","ast-global-header-display":"","ast-banner-title-visibility":"","ast-main-header-display":"","ast-hfb-above-header-display":"","ast-hfb-below-header-display":"","ast-hfb-mobile-header-display":"","site-post-title":"","ast-breadcrumbs-content":"","ast-featured-img":"","footer-sml-layout":"","ast-disable-related-posts":"","theme-transparent-header-meta":"","adv-header-id-meta":"","stick-header-meta":"","header-above-stick-meta":"","header-main-stick-meta":"","header-below-stick-meta":"","astra-migrate-meta-layouts":"default","ast-page-background-enabled":"default","ast-page-background-meta":{"desktop":{"background-color":"var(--ast-global-color-4)","background-image":"","background-repeat":"repeat","background-position":"center center","background-size":"auto","background-attachment":"scroll","background-type":"","background-media":"","overlay-type":"","overlay-color":"","overlay-opacity":"","overlay-gradient":""},"tablet":{"background-color":"","background-image":"","background-repeat":"repeat","background-position":"center center","background-size":"auto","background-attachment":"scroll","background-type":"","background-media":"","overlay-type":"","overlay-color":"","overlay-opacity":"","overlay-gradient":""},"mobile":{"background-color":"","background-image":"","background-repeat":"repeat","background-position":"center center","background-size":"auto","background-attachment":"scroll","background-type":"","background-media":"","overlay-type":"","overlay-color":"","overlay-opacity":"","overlay-gradient":""}},"ast-content-background-meta":{"desktop":{"background-color":"var(--ast-global-color-5)","background-image":"","background-repeat":"repeat","background-position":"center center","background-size":"auto","background-attachment":"scroll","background-type":"","background-media":"","overlay-type":"","overlay-color":"","overlay-opacity":"","overlay-gradient":""},"tablet":{"background-color":"var(--ast-global-color-5)","background-image":"","background-repeat":"repeat","background-position":"center center","background-size":"auto","background-attachment":"scroll","background-type":"","background-media":"","overlay-type":"","overlay-color":"","overlay-opacity":"","overlay-gradient":""},"mobile":{"background-color":"var(--ast-global-color-5)","background-image":"","background-repeat":"repeat","background-position":"center center","background-size":"auto","background-attachment":"scroll","background-type":"","background-media":"","overlay-type":"","overlay-color":"","overlay-opacity":"","overlay-gradient":""}},"footnotes":""},"categories":[16],"tags":[],"class_list":["post-1047","post","type-post","status-publish","format-standard","has-post-thumbnail","hentry","category-archives-cms"],"_links":{"self":[{"href":"https:\/\/lavoiedessansvoix.fr\/lavoie\/wp-json\/wp\/v2\/posts\/1047","targetHints":{"allow":["GET"]}}],"collection":[{"href":"https:\/\/lavoiedessansvoix.fr\/lavoie\/wp-json\/wp\/v2\/posts"}],"about":[{"href":"https:\/\/lavoiedessansvoix.fr\/lavoie\/wp-json\/wp\/v2\/types\/post"}],"author":[{"embeddable":true,"href":"https:\/\/lavoiedessansvoix.fr\/lavoie\/wp-json\/wp\/v2\/users\/1"}],"replies":[{"embeddable":true,"href":"https:\/\/lavoiedessansvoix.fr\/lavoie\/wp-json\/wp\/v2\/comments?post=1047"}],"version-history":[{"count":1,"href":"https:\/\/lavoiedessansvoix.fr\/lavoie\/wp-json\/wp\/v2\/posts\/1047\/revisions"}],"predecessor-version":[{"id":4716,"href":"https:\/\/lavoiedessansvoix.fr\/lavoie\/wp-json\/wp\/v2\/posts\/1047\/revisions\/4716"}],"wp:featuredmedia":[{"embeddable":true,"href":"https:\/\/lavoiedessansvoix.fr\/lavoie\/wp-json\/wp\/v2\/media\/4715"}],"wp:attachment":[{"href":"https:\/\/lavoiedessansvoix.fr\/lavoie\/wp-json\/wp\/v2\/media?parent=1047"}],"wp:term":[{"taxonomy":"category","embeddable":true,"href":"https:\/\/lavoiedessansvoix.fr\/lavoie\/wp-json\/wp\/v2\/categories?post=1047"},{"taxonomy":"post_tag","embeddable":true,"href":"https:\/\/lavoiedessansvoix.fr\/lavoie\/wp-json\/wp\/v2\/tags?post=1047"}],"curies":[{"name":"wp","href":"https:\/\/api.w.org\/{rel}","templated":true}]}}