{"id":1045,"date":"2015-11-29T04:21:00","date_gmt":"2015-11-29T03:21:00","guid":{"rendered":"https:\/\/lavoiedessansvoix.fr\/lavoie\/2015\/11\/29\/archive-l-homme-qui-se-prenait-pour-dieu\/"},"modified":"2026-04-26T22:04:30","modified_gmt":"2026-04-26T20:04:30","slug":"archive-l-homme-qui-se-prenait-pour-dieu","status":"publish","type":"post","link":"https:\/\/lavoiedessansvoix.fr\/lavoie\/2015\/11\/29\/archive-l-homme-qui-se-prenait-pour-dieu\/","title":{"rendered":"L&rsquo;HOMME QUI SE PRENAIT POUR DIEU"},"content":{"rendered":"<p>L&rsquo;HOMME QUI SE PRENAIT POUR DIEU   Quel est l\u2019homme qui a os\u00e9 prononcer un jour cette sentence digne d\u2019un Torquemada ou d\u2019un Jacques Sprenger  que Bachar Al Assad n\u2019avait pas sa place sur terre  ? Ne faut-il pas \u00eatre Dieu en personne ou son incarnation terrestre, ou au moins se prendre pour tel, pour s\u2019autoriser une telle ordonnance ?     \u00ab Bachar Al Assad n\u2019a pas sa place sur terre \u00bb ? S\u2019\u00e9tait \u00ab une fatwa \u00bb s\u2019\u00e9tait un appel au meurtre, s\u2019\u00e9tait vouloir disculper par avance le Ravaillac de service qui se chargera \u00ab de l\u2019\u0153uvre de Dieu \u00bb. L\u2019homme qui s\u2019est autoris\u00e9 un tel propos aurait du en toute logique \u00eatre poursuivit pour incitation au meurtre. Eh bien, le croirez-vous, il se murmure que cet homme serait pourtant \u00ab le chef de la diplomatie \u00bb fran\u00e7aise. Je ne puis me r\u00e9soudre \u00e0 y croire. Imaginez donc qu\u2019elle dr\u00f4le de diplomatie ce serait l\u00e0 ! \u00bb    Eh bien, il parait que le m\u00eame homme, \u00e9gale arrogance et in quantifiable impudence, aurait \u00e9mis r\u00e9cemment un autre avis tout aussi choquant.  La France veut-on nous faire croire change le cours de sa politique internationale sur le dossier syrien, alors cet homme, imminent dit-on, s\u2019en m\u00eale, apporte sa petite touche personnelle, illustre \u00e0 sa mani\u00e8re l\u2019infl\u00e9chissement en cours :  Pour lutter contre l&rsquo;EI, aurait-il avis\u00e9, il y a deux s\u00e9ries de mesures: les bombardements et des forces au sol, qui ne peuvent pas \u00eatre les n\u00f4tres, mais qui peuvent \u00eatre \u00e0 la fois des forces de l&rsquo;Arm\u00e9e syrienne libre (opposition), des forces arabes sunnites, et pourquoi pas des forces du r\u00e9gime (?). Voil\u00e0 quatre ans que le Pr\u00e9sident Bachar Al Assad et l\u2019arm\u00e9e syrienne, plus de 30 000 soldats syriens l\u2019ont pay\u00e9s de leur vie, luttent seuls contre \u00ab Daesh \u00bb ou ses multiples avatars (Al Qa\u00efda, Al Nosra, etc.) Fallait-il que pareil Ostrogoth, qui serait au demeurant l\u2019auteur de cette autre terrible impertinence  voil\u00e0 un an, que le front Al Nosra faisait en Syrie  du bon travail\u00bb s\u2019arroge la qualit\u00e9 de dire \u00e0 pr\u00e9sent qui doit participer \u00e0 la lutte contre la cr\u00e9ature diabolique de l\u2019Occident ? Qui aurait pu jamais imaginer conduite plus \u00e9hont\u00e9e, propos plus insultant \u00e0 la raison et  au bon sens ?     Mais tendons tout de m\u00eame un instant l\u2019oreille \u00e0 sa requ\u00eate : \u00ab  Bachar Al Assad n\u2019a pas sa place sur terre \u00bb, dans ce cas il faut dire que celle de l\u2019homme impudent qui l\u2019affirme est au ciel, assis \u00e0 la droite ou \u00e0 la gauche du p\u00e8re, qu\u2019importe, les affaires de Dieu ne nous concernent pas.    Comme vous l\u2019avez bien compris amis lecteurs, nous sommes pour notre part tout \u00e0 fait \u00e0 l\u2019abri d\u2019un pareil d\u00e9lire, d\u2019ailleurs blasph\u00e9matoire, de nous prendre pour Dieu. Et c\u2019est tant mieux pour le malotru cynique dont nous avons ici comment\u00e9s les propos. Car pour notre part si \u00ab nous l\u2019appelions \u00bb pr\u00e8s de nous se serait \u00e0 la place du tabouret pour occuper la place la plus honorable, \u00e0 notre sens, \u00e0 laquelle puisse pr\u00e9tendre un tel homme.    Patrick Seignon. \u00ab lavoiedessansvoix.fr. Dimanche 29 novembre 2015.<\/p>\n","protected":false},"excerpt":{"rendered":"<p>L&rsquo;HOMME QUI SE PRENAIT POUR DIEU Quel est l\u2019homme qui a os\u00e9 prononcer un jour cette sentence digne d\u2019un Torquemada [&hellip;]<\/p>\n","protected":false},"author":1,"featured_media":4711,"comment_status":"open","ping_status":"open","sticky":false,"template":"","format":"standard","meta":{"sfsi_plus_gutenberg_text_before_share":"","sfsi_plus_gutenberg_show_text_before_share":"","sfsi_plus_gutenberg_icon_type":"","sfsi_plus_gutenberg_icon_alignemt":"","sfsi_plus_gutenburg_max_per_row":"","site-sidebar-layout":"default","site-content-layout":"","ast-site-content-layout":"default","site-content-style":"default","site-sidebar-style":"default","ast-global-header-display":"","ast-banner-title-visibility":"","ast-main-header-display":"","ast-hfb-above-header-display":"","ast-hfb-below-header-display":"","ast-hfb-mobile-header-display":"","site-post-title":"","ast-breadcrumbs-content":"","ast-featured-img":"","footer-sml-layout":"","ast-disable-related-posts":"","theme-transparent-header-meta":"","adv-header-id-meta":"","stick-header-meta":"","header-above-stick-meta":"","header-main-stick-meta":"","header-below-stick-meta":"","astra-migrate-meta-layouts":"default","ast-page-background-enabled":"default","ast-page-background-meta":{"desktop":{"background-color":"var(--ast-global-color-4)","background-image":"","background-repeat":"repeat","background-position":"center center","background-size":"auto","background-attachment":"scroll","background-type":"","background-media":"","overlay-type":"","overlay-color":"","overlay-opacity":"","overlay-gradient":""},"tablet":{"background-color":"","background-image":"","background-repeat":"repeat","background-position":"center center","background-size":"auto","background-attachment":"scroll","background-type":"","background-media":"","overlay-type":"","overlay-color":"","overlay-opacity":"","overlay-gradient":""},"mobile":{"background-color":"","background-image":"","background-repeat":"repeat","background-position":"center center","background-size":"auto","background-attachment":"scroll","background-type":"","background-media":"","overlay-type":"","overlay-color":"","overlay-opacity":"","overlay-gradient":""}},"ast-content-background-meta":{"desktop":{"background-color":"var(--ast-global-color-5)","background-image":"","background-repeat":"repeat","background-position":"center center","background-size":"auto","background-attachment":"scroll","background-type":"","background-media":"","overlay-type":"","overlay-color":"","overlay-opacity":"","overlay-gradient":""},"tablet":{"background-color":"var(--ast-global-color-5)","background-image":"","background-repeat":"repeat","background-position":"center center","background-size":"auto","background-attachment":"scroll","background-type":"","background-media":"","overlay-type":"","overlay-color":"","overlay-opacity":"","overlay-gradient":""},"mobile":{"background-color":"var(--ast-global-color-5)","background-image":"","background-repeat":"repeat","background-position":"center center","background-size":"auto","background-attachment":"scroll","background-type":"","background-media":"","overlay-type":"","overlay-color":"","overlay-opacity":"","overlay-gradient":""}},"footnotes":""},"categories":[16],"tags":[],"class_list":["post-1045","post","type-post","status-publish","format-standard","has-post-thumbnail","hentry","category-archives-cms"],"_links":{"self":[{"href":"https:\/\/lavoiedessansvoix.fr\/lavoie\/wp-json\/wp\/v2\/posts\/1045","targetHints":{"allow":["GET"]}}],"collection":[{"href":"https:\/\/lavoiedessansvoix.fr\/lavoie\/wp-json\/wp\/v2\/posts"}],"about":[{"href":"https:\/\/lavoiedessansvoix.fr\/lavoie\/wp-json\/wp\/v2\/types\/post"}],"author":[{"embeddable":true,"href":"https:\/\/lavoiedessansvoix.fr\/lavoie\/wp-json\/wp\/v2\/users\/1"}],"replies":[{"embeddable":true,"href":"https:\/\/lavoiedessansvoix.fr\/lavoie\/wp-json\/wp\/v2\/comments?post=1045"}],"version-history":[{"count":1,"href":"https:\/\/lavoiedessansvoix.fr\/lavoie\/wp-json\/wp\/v2\/posts\/1045\/revisions"}],"predecessor-version":[{"id":4712,"href":"https:\/\/lavoiedessansvoix.fr\/lavoie\/wp-json\/wp\/v2\/posts\/1045\/revisions\/4712"}],"wp:featuredmedia":[{"embeddable":true,"href":"https:\/\/lavoiedessansvoix.fr\/lavoie\/wp-json\/wp\/v2\/media\/4711"}],"wp:attachment":[{"href":"https:\/\/lavoiedessansvoix.fr\/lavoie\/wp-json\/wp\/v2\/media?parent=1045"}],"wp:term":[{"taxonomy":"category","embeddable":true,"href":"https:\/\/lavoiedessansvoix.fr\/lavoie\/wp-json\/wp\/v2\/categories?post=1045"},{"taxonomy":"post_tag","embeddable":true,"href":"https:\/\/lavoiedessansvoix.fr\/lavoie\/wp-json\/wp\/v2\/tags?post=1045"}],"curies":[{"name":"wp","href":"https:\/\/api.w.org\/{rel}","templated":true}]}}