{"id":1042,"date":"2015-12-06T03:59:00","date_gmt":"2015-12-06T02:59:00","guid":{"rendered":"https:\/\/lavoiedessansvoix.fr\/lavoie\/2015\/12\/06\/archive-le-baiser-de-judas-a-poutine-laurent-fabius-va-t-il-avaler-son-chapeau\/"},"modified":"2026-04-26T22:04:05","modified_gmt":"2026-04-26T20:04:05","slug":"archive-le-baiser-de-judas-a-poutine-laurent-fabius-va-t-il-avaler-son-chapeau","status":"publish","type":"post","link":"https:\/\/lavoiedessansvoix.fr\/lavoie\/2015\/12\/06\/archive-le-baiser-de-judas-a-poutine-laurent-fabius-va-t-il-avaler-son-chapeau\/","title":{"rendered":"LE BAISER DE JUDAS A POUTINE     LAURENT FABIUS VA-T-Il AVALER SON CHAPEAU ?"},"content":{"rendered":"<p>LE BAISER D&rsquo;UN JUDAS A POUTINE    (ou) \u00ab\u00a0LAURENT FABIUS VA-T-Il AVALER SON CHAPEAU ?\u00a0\u00bb     En catimini, comme dans un angle de la salle des secrets de la Chaise-Dieu, Laurent Fabius vient de l\u00e2cher \u00e0 un quotidien r\u00e9gional quelques mots \u00ab qui lui br\u00fblent le goule \u00bb,     Voil\u00e0 plus de quatre ans que \u00ab le chef de la diplomatie Fran\u00e7aise \u00bb et son \u00ab sur-chef \u00bb le pr\u00e9sident de la R\u00e9publique, disent et mart\u00e8lent, et \u00e0 cette raison ont condamn\u00e9 plusieurs initiatives de paix \u00e0 l\u2019\u00e9chec, que Bachar Al Assad doit partir. Alors, quand le Ministre des affaires \u00e9trang\u00e8res de la France ajoute : \u00ab \u2026 Cela ne veut pas dire que Bachar al-Assad doit partir avant m\u00eame la transition,\u00bb On parait fond\u00e9s \u00e0 penser qu\u2019il a enfin aval\u00e9 son chapeau.    Ce serait toutefois trop presser les choses que de le croire. Certes il en a un bout entre les dents et peut \u00eatre m\u00eame a-t-il d\u00e9j\u00e0 ing\u00e9r\u00e9 un morceau du feutre, mais il est loin encore d\u2019en avoir mang\u00e9 tout le bord et \u00e0 fortiori la forme.    O\u00f9 es la nuance ? O\u00f9 donc es l\u2019astuce ?    L\u2019homme commencerait-il \u00e0 douter qu\u2019il est Dieu le p\u00e8re ou le fils ? Il dit : \u00ab Une Syrie unie implique une transition politique. Cela ne veut pas dire que Bachar al-Assad doit partir avant m\u00eame la transition, \u00bbLe propos o, l\u2019a compris sous-entend une \u00ab transition \u00bb pour reprendre le terme, dont le sc\u00e9nario serait pr\u00e8s-\u00e9crit, s\u2019est \u00e0 dire dict\u00e9 de l\u2019ext\u00e9rieur, selon lequel Bachar Al Assad devrait renoncer par avance \u00e0 se pr\u00e9senter \u00e0 l\u2019\u00e9lection pr\u00e9sidentielle. C\u2019est dire : \u00ab Bachar Al Assad ne doit pas partir avant que le processus de transition soit engag\u00e9 mais il doit partir tout de m\u00eame \u00bb. D\u2019ailleurs Fabius le pr\u00e9cise :\u00ab il faut des assurances pour le futur \u00bb.    Nous sommes l\u00e0 dans l\u2019art de la mauvaise foi et de la parole v\u00e9n\u00e9neuse en quoi Laurent Fabius peut effectivement se targuer d\u2019avoir une grande expertise. Il affiche ainsi l\u2019audace de vouloir avoir raison encore quand pour tromper son auditoire il vient de reconnaitre qu\u2019il avait tort. Cette d\u00e9claration c\u2019est une  sorte le \u00ab baiser de Judas \u00bb que Fabius adresse \u00e0 Poutine \u00bb.    Gageons que Vladimir Poutine et Ali Khamenei ne seront pas dupes. Qu\u2019ils feront peut-\u00eatre semblant de croire d\u2019or la parole vici\u00e9e du chef du quai d\u2019Orsay, mais que prudents ils se \u00ab garderons de lever la garde \u00bb et r\u00e9affirmeront une fois encore que ce sera au peuple syrien de choisir, le moment venu.    Patrick Seignon. \u00ab lavoiedessansvoix.fr \u00bb. Dimanche 6 d\u00e9cembre 2015.<\/p>\n","protected":false},"excerpt":{"rendered":"<p>LE BAISER D&rsquo;UN JUDAS A POUTINE (ou) \u00ab\u00a0LAURENT FABIUS VA-T-Il AVALER SON CHAPEAU ?\u00a0\u00bb En catimini, comme dans un angle [&hellip;]<\/p>\n","protected":false},"author":1,"featured_media":4705,"comment_status":"open","ping_status":"open","sticky":false,"template":"","format":"standard","meta":{"sfsi_plus_gutenberg_text_before_share":"","sfsi_plus_gutenberg_show_text_before_share":"","sfsi_plus_gutenberg_icon_type":"","sfsi_plus_gutenberg_icon_alignemt":"","sfsi_plus_gutenburg_max_per_row":"","site-sidebar-layout":"default","site-content-layout":"","ast-site-content-layout":"default","site-content-style":"default","site-sidebar-style":"default","ast-global-header-display":"","ast-banner-title-visibility":"","ast-main-header-display":"","ast-hfb-above-header-display":"","ast-hfb-below-header-display":"","ast-hfb-mobile-header-display":"","site-post-title":"","ast-breadcrumbs-content":"","ast-featured-img":"","footer-sml-layout":"","ast-disable-related-posts":"","theme-transparent-header-meta":"","adv-header-id-meta":"","stick-header-meta":"","header-above-stick-meta":"","header-main-stick-meta":"","header-below-stick-meta":"","astra-migrate-meta-layouts":"default","ast-page-background-enabled":"default","ast-page-background-meta":{"desktop":{"background-color":"var(--ast-global-color-4)","background-image":"","background-repeat":"repeat","background-position":"center center","background-size":"auto","background-attachment":"scroll","background-type":"","background-media":"","overlay-type":"","overlay-color":"","overlay-opacity":"","overlay-gradient":""},"tablet":{"background-color":"","background-image":"","background-repeat":"repeat","background-position":"center center","background-size":"auto","background-attachment":"scroll","background-type":"","background-media":"","overlay-type":"","overlay-color":"","overlay-opacity":"","overlay-gradient":""},"mobile":{"background-color":"","background-image":"","background-repeat":"repeat","background-position":"center center","background-size":"auto","background-attachment":"scroll","background-type":"","background-media":"","overlay-type":"","overlay-color":"","overlay-opacity":"","overlay-gradient":""}},"ast-content-background-meta":{"desktop":{"background-color":"var(--ast-global-color-5)","background-image":"","background-repeat":"repeat","background-position":"center center","background-size":"auto","background-attachment":"scroll","background-type":"","background-media":"","overlay-type":"","overlay-color":"","overlay-opacity":"","overlay-gradient":""},"tablet":{"background-color":"var(--ast-global-color-5)","background-image":"","background-repeat":"repeat","background-position":"center center","background-size":"auto","background-attachment":"scroll","background-type":"","background-media":"","overlay-type":"","overlay-color":"","overlay-opacity":"","overlay-gradient":""},"mobile":{"background-color":"var(--ast-global-color-5)","background-image":"","background-repeat":"repeat","background-position":"center center","background-size":"auto","background-attachment":"scroll","background-type":"","background-media":"","overlay-type":"","overlay-color":"","overlay-opacity":"","overlay-gradient":""}},"footnotes":""},"categories":[16],"tags":[],"class_list":["post-1042","post","type-post","status-publish","format-standard","has-post-thumbnail","hentry","category-archives-cms"],"_links":{"self":[{"href":"https:\/\/lavoiedessansvoix.fr\/lavoie\/wp-json\/wp\/v2\/posts\/1042","targetHints":{"allow":["GET"]}}],"collection":[{"href":"https:\/\/lavoiedessansvoix.fr\/lavoie\/wp-json\/wp\/v2\/posts"}],"about":[{"href":"https:\/\/lavoiedessansvoix.fr\/lavoie\/wp-json\/wp\/v2\/types\/post"}],"author":[{"embeddable":true,"href":"https:\/\/lavoiedessansvoix.fr\/lavoie\/wp-json\/wp\/v2\/users\/1"}],"replies":[{"embeddable":true,"href":"https:\/\/lavoiedessansvoix.fr\/lavoie\/wp-json\/wp\/v2\/comments?post=1042"}],"version-history":[{"count":1,"href":"https:\/\/lavoiedessansvoix.fr\/lavoie\/wp-json\/wp\/v2\/posts\/1042\/revisions"}],"predecessor-version":[{"id":4706,"href":"https:\/\/lavoiedessansvoix.fr\/lavoie\/wp-json\/wp\/v2\/posts\/1042\/revisions\/4706"}],"wp:featuredmedia":[{"embeddable":true,"href":"https:\/\/lavoiedessansvoix.fr\/lavoie\/wp-json\/wp\/v2\/media\/4705"}],"wp:attachment":[{"href":"https:\/\/lavoiedessansvoix.fr\/lavoie\/wp-json\/wp\/v2\/media?parent=1042"}],"wp:term":[{"taxonomy":"category","embeddable":true,"href":"https:\/\/lavoiedessansvoix.fr\/lavoie\/wp-json\/wp\/v2\/categories?post=1042"},{"taxonomy":"post_tag","embeddable":true,"href":"https:\/\/lavoiedessansvoix.fr\/lavoie\/wp-json\/wp\/v2\/tags?post=1042"}],"curies":[{"name":"wp","href":"https:\/\/api.w.org\/{rel}","templated":true}]}}