{"id":1040,"date":"2015-12-09T02:05:00","date_gmt":"2015-12-09T01:05:00","guid":{"rendered":"https:\/\/lavoiedessansvoix.fr\/lavoie\/2015\/12\/09\/archive-attention-le-fn-arrive\/"},"modified":"2026-04-26T22:03:45","modified_gmt":"2026-04-26T20:03:45","slug":"archive-attention-le-fn-arrive","status":"publish","type":"post","link":"https:\/\/lavoiedessansvoix.fr\/lavoie\/2015\/12\/09\/archive-attention-le-fn-arrive\/","title":{"rendered":"ATTENTION LE FN ARRIVE !"},"content":{"rendered":"<p>ATTENTION LE FN ARRIVE !   Il advient ce qui \u00e9tait \u00e9crit \u00e9crit dans les sondages ? Certes, mais cela n\u2019est qu\u2019un \u00e9piph\u00e9nom\u00e8ne. \u00c9crit surtout dans la r\u00e9alit\u00e9 politique fran\u00e7aise. Le succ\u00e8s \u00e9lectoral du \u00ab Front National \u00bb ne tient pas qu\u2019au \u00ab g\u00e9nie politique \u00bb de ses dirigeants, ni m\u00eame \u00e0 \u00ab la col\u00e8re \u00bb ou \u00e0 \u00ab la b\u00eatise \u00bb du peuple qui le porte. Il est le produit avant tout de la perversit\u00e9 du syst\u00e8me politique de la cinqui\u00e8me R\u00e9publique. Il en une s\u00e9cr\u00e9tion.  En quoi consiste ce syst\u00e8me arcbout\u00e9 sur la primaut\u00e9 de l\u2019ex\u00e9cutif elle-m\u00eame fond\u00e9 sur l\u2019attribue monarchique d\u2019un pr\u00e9sident \u00e9lu au suffrage universel, et sur \u00ab l\u2019alternance politique \u00bb ? Elle consiste en une dictature au service du capital financier. A la mani\u00e8re des plantes carnivores elle pi\u00e8ge, cannibalise et dig\u00e8re toute contestation.  Alors, cela est tr\u00e8s bien certes du point de vue de la stabilit\u00e9 politique \u00bb en temps de paix et du point de vue de \u00ab la qui\u00e9tude \u00bb tant pris\u00e9 par les bourses et les milieux d\u2019affaires. Mais quand nous voil\u00e0 rendu dans une terrible guerre sociale et \u00e9conomique o\u00f9 il s\u2019agit avant tout de \u00ab\u00a0rentabilit\u00e9 des entreprises\u00a0\u00bb, d\u2019optimisation du taux de profit, de dividendes toujours plus gros pour les actionnaires, quand ces priorit\u00e9s impliquent \u00ab la d\u00e9sindustrialisation \u00bb \u00ab l\u2019entretient d\u2019un ch\u00f4mage de masse \u00bb la destruction des acquis sociaux, la r\u00e9cession drastique du revenu salarial, et donc la mont\u00e9e du m\u00e9contentement social, il faut bien que celui-ci, sous une forme ou sous une autre, par une voie existante ou ad hoc, trouve les moyens de son expression.  Ils ont r\u00e9ussi pendant quarante ans \u00e0 pi\u00e9ger l\u2019expression politique dans les tenailles mortif\u00e8res de l\u2019alternance droite gauche, \u00e0 marginaliser tout ce qui ne rentrait pas dans le cadre, \u00e0 d\u00e9truire toute expression politique autonome de la classe ouvri\u00e8re. Alors bien s\u00fbr, pendant plusieurs d\u00e9cennies ils se sont gargaris\u00e9s et r\u00e9jouis de leurs succ\u00e8s. Le Parti communiste n\u2019\u00e9tait plus que l\u2019ombre fam\u00e9lique d\u2019un lointain pass\u00e9, la contestation sociale se d\u00e9litait et le nombre de journ\u00e9es ch\u00f4m\u00e9es pour fait de gr\u00e8ve reculait significativement, les syndicats collaboraient ou \u00e9taient d\u00e9sert\u00e9s, l\u2019extr\u00eame gauche marxisante \u00e9tait r\u00e9duite \u00e0 un quasi n\u00e9ant, mise totalement hors circuit. Ceux qui avaient choisi croyait-il, de faire exister la contestation \u00ab dans les murs \u00bb, y virent m\u00eame un temps la confirmation de leur grande perspicacit\u00e9.  Oui mais, cette opposition \u00ab de gauche \u00bb interne, qu\u2019importe son \u00e9tiquette, agit en v\u00e9rit\u00e9 comme une pi\u00e8ce du syst\u00e8me, c\u2019est elle qui produit les fausses ph\u00e9romones de gauche n\u00e9cessaires \u00e0 attirer la proie dans le pi\u00e8ge. Elle a pour fonction ultime de donner \u00e0 croire encore que le PS est autre chose que ce qu\u2019il est en r\u00e9alit\u00e9.  Alors, que reste-t-il ? La droite radicale et nationale. Et comme elle reste la seule offre anti syst\u00e8me elle essaime et prosp\u00e8re.  N\u2019ont-ils pas l\u2019air bien emprunt\u00e9s tous les professeurs et donneurs de le\u00e7ons anti FN, tous les objecteurs de conscience r\u00e9publicaine. Ils tancent Les \u00e9lecteurs dont ils ont chaque fois mieux \u00ab compris de message \u00bb et stigmatisent le bon peuple dont \u00ab ils comprennent bien s\u00fbr les col\u00e8res \u00bb. Ils l\u2019exhortent \u00e0 se mobiliser et \u00e0 mieux voter la prochaine fois. C\u2019est-\u00e0-dire \u00e0 voter pour eux dont les \u00e9lecteurs pr\u00e9cis\u00e9ment viennent de leur dire qu\u2019ils ne voulaient plus, ou pour l\u2019autre \u00ab leur cher adversaire \u00bb que les \u00e9lecteurs ont rejet\u00e9 tout autant.   Aveuglement ? Autisme ? Trisomie ? Non, rien de tout cela, \u00ab syst\u00e8me \u00bb seulement. Syst\u00e8me dictatorial, ferm\u00e9, obtus et brutal.  Ils sont pr\u00e8s \u00e0 tous les arrangements tactiques, ils en appellent \u00e0 la r\u00e9publique \u00e0 la la\u00efcit\u00e9, au drapeau, au principe creux des frontons de nos mairies. Ils en appellent \u00e0 la peur, recette \u00e9cul\u00e9e de 88 \u00ab attention le FN arrive ! \u00bb  Ils sont dispos\u00e9s m\u00eame pour certains \u00e0 se faire \u00ab Hara-kiri \u00bb. Tout \u00e7a pour \u00ab faire barrage au Front National \u00bb. Mais pour la m\u00eame raison ils ne sont jamais dispos\u00e9s \u00e0 l\u00e2cher quoique que ce soit, la moindre parcelle de leur politique antisociale, imp\u00e9rialiste et suicidaire. Si l\u2019av\u00e8nement du FN leur faisait aussi peur qu\u2019ils pr\u00e9tendent, n\u2019est-ce pas cette politique, responsable du marasme actuel, qu\u2019ils s\u2019empresseraient de r\u00e9former illico afin de retrouver le c\u0153ur et la confiance du peuple ?  Symptomatique l\u2019intervention sur France 2 de Nicolas Sarkozy au lendemain du premier tour des r\u00e9gionales. Il \u00e9pingle Marine Le Pen et le  programme \u00ab anti\u00e9conomique \u00bb du Front National. Et que leur reproche-t-il entre autre ? D\u2019y avoir inscrit le retour \u00e0 la retraite \u00e0 soixante ans, et de se flatter de l\u2019avoir lui recul\u00e9 \u00e0 62. Eh oui ! Bien s\u00fbr ! Chacun l\u2019a bien compris. N\u2019\u00e9tait-ce pas le meilleur angle d\u2019attaque contre le FN pour regagner \u00e0 la droite \u00ab r\u00e9publicaine \u00bb les voix des \u00e9lecteurs populaires ?  Ces gens-l\u00e0 nous prennent pour des poires !  Patrick Seignon. \u00ab lavoiedessansvoix.fr \u00bb Mercredi 9 d\u00e9cembre 2015.<\/p>\n","protected":false},"excerpt":{"rendered":"<p>ATTENTION LE FN ARRIVE ! Il advient ce qui \u00e9tait \u00e9crit \u00e9crit dans les sondages ? Certes, mais cela n\u2019est [&hellip;]<\/p>\n","protected":false},"author":1,"featured_media":4701,"comment_status":"open","ping_status":"open","sticky":false,"template":"","format":"standard","meta":{"sfsi_plus_gutenberg_text_before_share":"","sfsi_plus_gutenberg_show_text_before_share":"","sfsi_plus_gutenberg_icon_type":"","sfsi_plus_gutenberg_icon_alignemt":"","sfsi_plus_gutenburg_max_per_row":"","site-sidebar-layout":"default","site-content-layout":"","ast-site-content-layout":"default","site-content-style":"default","site-sidebar-style":"default","ast-global-header-display":"","ast-banner-title-visibility":"","ast-main-header-display":"","ast-hfb-above-header-display":"","ast-hfb-below-header-display":"","ast-hfb-mobile-header-display":"","site-post-title":"","ast-breadcrumbs-content":"","ast-featured-img":"","footer-sml-layout":"","ast-disable-related-posts":"","theme-transparent-header-meta":"","adv-header-id-meta":"","stick-header-meta":"","header-above-stick-meta":"","header-main-stick-meta":"","header-below-stick-meta":"","astra-migrate-meta-layouts":"default","ast-page-background-enabled":"default","ast-page-background-meta":{"desktop":{"background-color":"var(--ast-global-color-4)","background-image":"","background-repeat":"repeat","background-position":"center center","background-size":"auto","background-attachment":"scroll","background-type":"","background-media":"","overlay-type":"","overlay-color":"","overlay-opacity":"","overlay-gradient":""},"tablet":{"background-color":"","background-image":"","background-repeat":"repeat","background-position":"center center","background-size":"auto","background-attachment":"scroll","background-type":"","background-media":"","overlay-type":"","overlay-color":"","overlay-opacity":"","overlay-gradient":""},"mobile":{"background-color":"","background-image":"","background-repeat":"repeat","background-position":"center center","background-size":"auto","background-attachment":"scroll","background-type":"","background-media":"","overlay-type":"","overlay-color":"","overlay-opacity":"","overlay-gradient":""}},"ast-content-background-meta":{"desktop":{"background-color":"var(--ast-global-color-5)","background-image":"","background-repeat":"repeat","background-position":"center center","background-size":"auto","background-attachment":"scroll","background-type":"","background-media":"","overlay-type":"","overlay-color":"","overlay-opacity":"","overlay-gradient":""},"tablet":{"background-color":"var(--ast-global-color-5)","background-image":"","background-repeat":"repeat","background-position":"center center","background-size":"auto","background-attachment":"scroll","background-type":"","background-media":"","overlay-type":"","overlay-color":"","overlay-opacity":"","overlay-gradient":""},"mobile":{"background-color":"var(--ast-global-color-5)","background-image":"","background-repeat":"repeat","background-position":"center center","background-size":"auto","background-attachment":"scroll","background-type":"","background-media":"","overlay-type":"","overlay-color":"","overlay-opacity":"","overlay-gradient":""}},"footnotes":""},"categories":[16],"tags":[],"class_list":["post-1040","post","type-post","status-publish","format-standard","has-post-thumbnail","hentry","category-archives-cms"],"_links":{"self":[{"href":"https:\/\/lavoiedessansvoix.fr\/lavoie\/wp-json\/wp\/v2\/posts\/1040","targetHints":{"allow":["GET"]}}],"collection":[{"href":"https:\/\/lavoiedessansvoix.fr\/lavoie\/wp-json\/wp\/v2\/posts"}],"about":[{"href":"https:\/\/lavoiedessansvoix.fr\/lavoie\/wp-json\/wp\/v2\/types\/post"}],"author":[{"embeddable":true,"href":"https:\/\/lavoiedessansvoix.fr\/lavoie\/wp-json\/wp\/v2\/users\/1"}],"replies":[{"embeddable":true,"href":"https:\/\/lavoiedessansvoix.fr\/lavoie\/wp-json\/wp\/v2\/comments?post=1040"}],"version-history":[{"count":1,"href":"https:\/\/lavoiedessansvoix.fr\/lavoie\/wp-json\/wp\/v2\/posts\/1040\/revisions"}],"predecessor-version":[{"id":4702,"href":"https:\/\/lavoiedessansvoix.fr\/lavoie\/wp-json\/wp\/v2\/posts\/1040\/revisions\/4702"}],"wp:featuredmedia":[{"embeddable":true,"href":"https:\/\/lavoiedessansvoix.fr\/lavoie\/wp-json\/wp\/v2\/media\/4701"}],"wp:attachment":[{"href":"https:\/\/lavoiedessansvoix.fr\/lavoie\/wp-json\/wp\/v2\/media?parent=1040"}],"wp:term":[{"taxonomy":"category","embeddable":true,"href":"https:\/\/lavoiedessansvoix.fr\/lavoie\/wp-json\/wp\/v2\/categories?post=1040"},{"taxonomy":"post_tag","embeddable":true,"href":"https:\/\/lavoiedessansvoix.fr\/lavoie\/wp-json\/wp\/v2\/tags?post=1040"}],"curies":[{"name":"wp","href":"https:\/\/api.w.org\/{rel}","templated":true}]}}