{"id":1039,"date":"2015-12-11T07:19:00","date_gmt":"2015-12-11T06:19:00","guid":{"rendered":"https:\/\/lavoiedessansvoix.fr\/lavoie\/2015\/12\/11\/archive-pourquoi-le-deuxieme-tour-confirmera-le-premier\/"},"modified":"2026-04-26T22:03:36","modified_gmt":"2026-04-26T20:03:36","slug":"archive-pourquoi-le-deuxieme-tour-confirmera-le-premier","status":"publish","type":"post","link":"https:\/\/lavoiedessansvoix.fr\/lavoie\/2015\/12\/11\/archive-pourquoi-le-deuxieme-tour-confirmera-le-premier\/","title":{"rendered":"POURQUOI LE DEUXI\u00c8ME TOUR CONFIRMERA LE PREMIER."},"content":{"rendered":"<p>POURQUOI LE DEUXI\u00c8ME TOUR CONFIRMERA LE PREMIER !  Au terme du scrutin des \u00ab europ\u00e9ennes \u00bb, le 25 mai 2014, le FN \u00e9tait devenu d\u00e9j\u00e0 le premier parti de France. Or la classe politique et les m\u00e9dias serviles voulaient nier cette r\u00e9alit\u00e9. Les \u00e9lections europ\u00e9ennes \u00e9taient connues pour \u00eatre \u00ab un scrutin d\u00e9fouloir \u00bb, et leurs r\u00e9sultats n\u2019\u00e9taient donc pas vraiment significatifs. Alors vinrent les \u00e9lections d\u00e9partementales, anciennement d\u00e9nomm\u00e9es \u00ab cantonales, dont le premier tour eut lieu le22 mars 2015, et le Front National y confirma son \u00e9norme pouss\u00e9e \u00e9lectorale. Mais \u00ab les n\u00e9gationnistes \u00bb de r\u00e9alit\u00e9 expliqu\u00e8rent alors que les r\u00e9sultats du premier tour de ces \u00ab d\u00e9partementale \u00bb infirmaient l\u2019id\u00e9e selon laquelle le FN \u00e9tait devenu le premier parti de France comme les pr\u00e9c\u00e9dentes \u00e9lections europ\u00e9ennes l\u2019avaient donn\u00e9 \u00e0 croire \u00e0 certains. Il n\u2019avait en effet r\u00e9alis\u00e9 qu\u2019un score de 22 % des suffrages soit une progression dans un scrutin local de \u00ab seulement \u00bb 20 % en une seule fois.  Certes s\u2019\u00e9tait trop et il fallait endiguer la progression \u00e9lectorale du FN qui gagnait d\u00e9j\u00e0 dans ces \u00e9lections une implantation locale consid\u00e9rable qui lui avait \u00e9t\u00e9 refus\u00e9 jusque-l\u00e0. Alors ils allaient en appeler \u00e0 la conscience civique et r\u00e9publicaine des abstentionnistes pour \u00ab faire barrage \u00bb au parti de Marine Le Pen. Au deuxi\u00e8me tour \u00ab on allait voir ce que l\u2019on allait voir \u00bb. Pour notre part nous l\u2019avions annonc\u00e9 dans un article du 28 mars 2015  intitul\u00e9 \u00ab Pas de session de rattrapage pour le gouvernement et le PS \u00bb, \u00ab Nous pouvons dire par avance ce qu\u2019elle sera, ce qu\u2019en sera le tempo, au soir du deuxi\u00e8me tour des d\u00e9partementales. Elle consistera \u00e0 interpr\u00e9ter le scrutin, non comme la sanction qu\u2019il sera, quoiqu\u2019il en soit, contre le syst\u00e8me, mais comme \u00ab la grande victoire \u00bb \u00ab LA VAGUE BLEUE \u00bb de la droite r\u00e9publicaine \u00bb. La participation au deuxi\u00e8me tour avait \u00e9t\u00e9 meilleure. Les \u00e9lecteurs avaient entendus les appels au civisme, ceux du FN aussi, et le deuxi\u00e8me tour des d\u00e9partementales, 29 mars ce fut \u00ab la p\u00e2t\u00e9e \u00bb (comme nous \u00e9criv\u00eemes le 30 mars 2015)  \u00e0 la mesure de notre pronostic, Ah, certes, les caciques du syst\u00e8me ne l\u00e2ch\u00e8rent pas le morceau pour autant. Ils s\u2019efforc\u00e8rent encore et toujours de masquer la r\u00e9alit\u00e9 avec des analyses et des commentaires qui relevaient des techniques de la prestidigitation, tentant d\u2019op\u00e9rer un \u00ab truchement \u00bb celui de \u00ab la vague bleue ciel \u00bb cens\u00e9 occulter \u00ab la vague bleue Marine \u00bb, ainsi que nous l\u2019avions annonc\u00e9. Mais il y avait un Majax ; la r\u00e9alit\u00e9 factuelle ind\u00e9niable,  pour d\u00e9voiler leur grosse ficelle.   Et la r\u00e9alit\u00e9 encore une fois a parl\u00e9 lors du premier tour de ces \u00e9lections r\u00e9gionales. Avec presque 28 % des suffrages (moyenne nationale), et des scores \u00e0 plus de 40 % dans deux r\u00e9gions, qui bousculent l\u2019Histoire \u00e9lectorale de notre pays, le FN est devenu de mani\u00e8re incontestable le premier parti de France. Alors \u00ab l\u2019establishment \u00bb toujours aussi autiste, nous ressert les m\u00eames analyses, commentaires et antiennes. C\u2019est le \u00ab leitmotiv \u00bb, \u00ab il faut faire \u00ab barrage au Front National \u00bb etc.!   Ils vont mobiliser les abstentionnistes toujours nombreux, Toutes les \u00e9missions politiques, enqu\u00eates reportages d\u00e9bats, interviews, sondages sont focalis\u00e9s sur le m\u00eame th\u00e8me, ils en appellent aux prises de positions \u00ab de ce qu\u2019ils nomment \u00ab la soci\u00e9t\u00e9 civile \u00bb personnalit\u00e9s, artistes intellectuels se prononcent contre \u00ab le Front National \u00bb. Pourtant il en ira du deuxi\u00e8me tour des r\u00e9gionales comme il en fut aux \u00ab d\u00e9partementales \u00bb. Foin de contenir la pouss\u00e9e \u00e9lectorale du FN et de voir rebondir la droite dite r\u00e9publicaine (le PS lui a d\u00e9cid\u00e9 de se faire \u00ab Hara-Kiri \u00bb) ce deuxi\u00e8me tour confirmera, et peut-\u00eatre m\u00eame amplifiera, les tendances du premier.  Pourquoi ?  Nous allons l\u2019expliquer.  1 &#8211; La mobilisation attendue de l\u2019\u00e9lectorat ? Les \u00e9lecteurs de gauche \u00bb, except\u00e9s les obtus : \u00ab ceux qui fonctionnent \u00e0 l\u2019\u00e9tiquette et \u00ab au patriotisme \u00bb de parti \u00bb, ne suivrons que tr\u00e8s passablement la consigne suicidaire de vote du PS. Car les autres ont des convictions et des valeurs \u00e0 d\u00e9fendre qui ne peuvent s\u2019accommoder d\u2019un vote de droite pour quelque raison que ce soit.  2 &#8211; L\u2019incurie de l\u2019argumentaire cens\u00e9 convaincre l\u2019\u00e9lecteur. \u00ab Droite et \u00ab Gauche \u00bb, tous appellent \u00e0 faire barrage au FN, \u00e0 coup de condamnations morales, en tentant de r\u00e9veiller des peurs ancestrales, avec tous les d\u00e9nis toutes les compositions tactiques que l\u2019on voudra,  mais pas un ne propose la moindre inflexion \u00e0 leur terrible politique commune antipopulaire, pas un n\u2019est dispos\u00e9 \u00e0 changer quoique que ce soit \u00e0 l\u2019orientation catastrophique qui est la cause du marasme social et politique.  3 &#8211; Le r\u00e9veil des peurs : \u00ab Attention le FN arrive ! \u00bb A l\u2019exception int\u00e9ress\u00e9 des personnels politiques du syst\u00e8me et des anciens militants de mon \u00e9cole qui veulent masquer leur accommodement de \u00ab gauche \u00bb avec le syst\u00e8me par une rh\u00e9torique anti-FN maximaliste, plus grand monde ne croit que celui-ci est un parti Fasciste et antir\u00e9publicain. La diabolisation a fait long feu. \u00ab La grande lessive de printemps chez les Le Pen \u00bb (9 avril 2015) \u00ab a lav\u00e9 le linge plus blanc \u00bb. En \u00ab tuant \u00bb (politiquement) son p\u00e8re, Marine s\u2019est purifi\u00e9e du soup\u00e7on de non respectabilit\u00e9. Et de fait, vous n\u2019avez pas \u00e9t\u00e9 sans remarquer que plus personne n\u2019a tent\u00e9 d\u2019utiliser cette fois l\u2019ancien angle d\u2019attaque des petites phrases assassines de Jean-Marie.  4 &#8211; La toile de fond. Le contexte politique est profond\u00e9ment impact\u00e9 par la mont\u00e9e du risque terroriste, cons\u00e9quence de la politique internationale irresponsable de la France.  Les \u00e9lections d\u00e9partementales se d\u00e9roulaient apr\u00e8s les attentats de Charlie Hebdo et du \u00ab Super kacher \u00bb (17 morts). Les r\u00e9gionales se d\u00e9roulent elles apr\u00e8s les attentats dits de Paris (130 morts). La suite des enqu\u00eates sur les attentats du 13 novembre, l\u2019identification du 3\u00e8me  kamikaze du Bataclan, qui mettent en lumi\u00e8re des connexions entre \u00ab flux migratoires \u00bb et circulation \u00ab des terroristes \u00bb et r\u00e9v\u00e8lent de graves failles s\u00e9curitaires, apportent toujours plus d\u2019\u2019eau au moulin du FN  5 &#8211; Le rejet du syst\u00e8me. La conscience a grandi de la collusion politique droite\/gauche qui donne corps \u00e0 la critique du FN (tous les m\u00eames), et qui est une des causes profondes des succ\u00e8s \u00e9lectoraux de ce parti. Cela est devenu insupportable \u00e0 un grand nombre d\u2019\u00e9lecteurs, surtout dans les classes populaires. Or, la r\u00e9ponse tactiques des politiques, celle du PS et du gouvernement tout sp\u00e9cialement, appelant \u00e0 l\u2019Union Nationale et \u00ab au Front r\u00e9publicain, est le pire des positionnements possible puisqu\u2019il ne fait que confirmer cette collusion, qu\u2019accroitre le d\u00e9go\u00fbt et la d\u00e9fiance populaire. Et au demeurant, parce que la r\u00e9ponse est inadapt\u00e9e elle n\u2019a, que peu de chance de recueillir l\u2019adh\u00e9sion des \u00ab v\u00e9ritables \u00e9lecteurs de gauche \u00bb.  6 &#8211; Enfin, le m\u00e9canisme du \u00ab vote utile \u00bb. Jusqu\u2019aux d\u00e9partementales, un m\u00e9canisme \u00e9lectoral jouait \u00e0 chaque fois contre le FN, celui du \u00ab vote dit utile \u00bb. Comme l\u2019impossibilit\u00e9 \u00e9tait av\u00e9r\u00e9e d\u2019avoir des \u00e9lus FN, nombre d\u2019\u00e9lecteurs confirm\u00e9s ou potentiels de celui-ci, n\u2019allaient pas voter ou votaient diff\u00e9remment au second tour. C\u2019est ce m\u00e9canisme qui a jou\u00e9 \u00e0 fond contre Jean-Marie Le Pen lors des \u00e9lections pr\u00e9sidentielles de 2002. C\u2019est celui-ci qui joua encore pire en 2007 et permis \u00e0 Sarkozy de siphonner l\u2019\u00e9lectorat lepeniste : Puisque ils ne pouvaient esp\u00e9rer la victoire de leur candidat, nombre d\u2019\u00e9lecteurs Front National se r\u00e9solurent \u00e0 voter pour un autre, si proche, mais \u00e9ligible celui-l\u00e0. Or, depuis les d\u00e9partementales, et \u00e0 fortiori lors des derni\u00e8res r\u00e9gionales, cet argument ne tient plus. Le FN peut avoir de nombreux \u00e9lus. Alors c\u2019est le contraire qui va avoir lieu. C\u2019est au b\u00e9n\u00e9fice du FN que \u00ab le vote utile \u00bb va jouer cette fois. La possibilit\u00e9 d\u2019avoir un grands nombre de conseillers r\u00e9gionaux et plusieurs pr\u00e9sidents de r\u00e9gion FN, la possibilit\u00e9 de bousculer cette fois s\u00e9v\u00e8rement \u00ab l\u2019establishment \u00bb risque au contraire de \u00ab booster \u00bb le vote lepeniste.  Patrick Seignon. \u00ab lavoiedessansvoix.fr \u00bb. Vendredi 11 d\u00e9cembre 2915.<\/p>\n","protected":false},"excerpt":{"rendered":"<p>POURQUOI LE DEUXI\u00c8ME TOUR CONFIRMERA LE PREMIER ! Au terme du scrutin des \u00ab europ\u00e9ennes \u00bb, le 25 mai 2014, [&hellip;]<\/p>\n","protected":false},"author":1,"featured_media":4699,"comment_status":"open","ping_status":"open","sticky":false,"template":"","format":"standard","meta":{"sfsi_plus_gutenberg_text_before_share":"","sfsi_plus_gutenberg_show_text_before_share":"","sfsi_plus_gutenberg_icon_type":"","sfsi_plus_gutenberg_icon_alignemt":"","sfsi_plus_gutenburg_max_per_row":"","site-sidebar-layout":"default","site-content-layout":"","ast-site-content-layout":"default","site-content-style":"default","site-sidebar-style":"default","ast-global-header-display":"","ast-banner-title-visibility":"","ast-main-header-display":"","ast-hfb-above-header-display":"","ast-hfb-below-header-display":"","ast-hfb-mobile-header-display":"","site-post-title":"","ast-breadcrumbs-content":"","ast-featured-img":"","footer-sml-layout":"","ast-disable-related-posts":"","theme-transparent-header-meta":"","adv-header-id-meta":"","stick-header-meta":"","header-above-stick-meta":"","header-main-stick-meta":"","header-below-stick-meta":"","astra-migrate-meta-layouts":"default","ast-page-background-enabled":"default","ast-page-background-meta":{"desktop":{"background-color":"var(--ast-global-color-4)","background-image":"","background-repeat":"repeat","background-position":"center center","background-size":"auto","background-attachment":"scroll","background-type":"","background-media":"","overlay-type":"","overlay-color":"","overlay-opacity":"","overlay-gradient":""},"tablet":{"background-color":"","background-image":"","background-repeat":"repeat","background-position":"center center","background-size":"auto","background-attachment":"scroll","background-type":"","background-media":"","overlay-type":"","overlay-color":"","overlay-opacity":"","overlay-gradient":""},"mobile":{"background-color":"","background-image":"","background-repeat":"repeat","background-position":"center center","background-size":"auto","background-attachment":"scroll","background-type":"","background-media":"","overlay-type":"","overlay-color":"","overlay-opacity":"","overlay-gradient":""}},"ast-content-background-meta":{"desktop":{"background-color":"var(--ast-global-color-5)","background-image":"","background-repeat":"repeat","background-position":"center center","background-size":"auto","background-attachment":"scroll","background-type":"","background-media":"","overlay-type":"","overlay-color":"","overlay-opacity":"","overlay-gradient":""},"tablet":{"background-color":"var(--ast-global-color-5)","background-image":"","background-repeat":"repeat","background-position":"center center","background-size":"auto","background-attachment":"scroll","background-type":"","background-media":"","overlay-type":"","overlay-color":"","overlay-opacity":"","overlay-gradient":""},"mobile":{"background-color":"var(--ast-global-color-5)","background-image":"","background-repeat":"repeat","background-position":"center center","background-size":"auto","background-attachment":"scroll","background-type":"","background-media":"","overlay-type":"","overlay-color":"","overlay-opacity":"","overlay-gradient":""}},"footnotes":""},"categories":[16],"tags":[],"class_list":["post-1039","post","type-post","status-publish","format-standard","has-post-thumbnail","hentry","category-archives-cms"],"_links":{"self":[{"href":"https:\/\/lavoiedessansvoix.fr\/lavoie\/wp-json\/wp\/v2\/posts\/1039","targetHints":{"allow":["GET"]}}],"collection":[{"href":"https:\/\/lavoiedessansvoix.fr\/lavoie\/wp-json\/wp\/v2\/posts"}],"about":[{"href":"https:\/\/lavoiedessansvoix.fr\/lavoie\/wp-json\/wp\/v2\/types\/post"}],"author":[{"embeddable":true,"href":"https:\/\/lavoiedessansvoix.fr\/lavoie\/wp-json\/wp\/v2\/users\/1"}],"replies":[{"embeddable":true,"href":"https:\/\/lavoiedessansvoix.fr\/lavoie\/wp-json\/wp\/v2\/comments?post=1039"}],"version-history":[{"count":1,"href":"https:\/\/lavoiedessansvoix.fr\/lavoie\/wp-json\/wp\/v2\/posts\/1039\/revisions"}],"predecessor-version":[{"id":4700,"href":"https:\/\/lavoiedessansvoix.fr\/lavoie\/wp-json\/wp\/v2\/posts\/1039\/revisions\/4700"}],"wp:featuredmedia":[{"embeddable":true,"href":"https:\/\/lavoiedessansvoix.fr\/lavoie\/wp-json\/wp\/v2\/media\/4699"}],"wp:attachment":[{"href":"https:\/\/lavoiedessansvoix.fr\/lavoie\/wp-json\/wp\/v2\/media?parent=1039"}],"wp:term":[{"taxonomy":"category","embeddable":true,"href":"https:\/\/lavoiedessansvoix.fr\/lavoie\/wp-json\/wp\/v2\/categories?post=1039"},{"taxonomy":"post_tag","embeddable":true,"href":"https:\/\/lavoiedessansvoix.fr\/lavoie\/wp-json\/wp\/v2\/tags?post=1039"}],"curies":[{"name":"wp","href":"https:\/\/api.w.org\/{rel}","templated":true}]}}