{"id":1038,"date":"2015-12-13T09:34:00","date_gmt":"2015-12-13T08:34:00","guid":{"rendered":"https:\/\/lavoiedessansvoix.fr\/lavoie\/2015\/12\/13\/archive-sarkozy-masseret-melenchon-la-voie-des-sans-voix-decerne-des-satisfecits\/"},"modified":"2026-04-26T22:03:27","modified_gmt":"2026-04-26T20:03:27","slug":"archive-sarkozy-masseret-melenchon-la-voie-des-sans-voix-decerne-des-satisfecits","status":"publish","type":"post","link":"https:\/\/lavoiedessansvoix.fr\/lavoie\/2015\/12\/13\/archive-sarkozy-masseret-melenchon-la-voie-des-sans-voix-decerne-des-satisfecits\/","title":{"rendered":"SARKOZY, MASSERET, MELENCHON, LA VOIE DES SANS VOIX D\u00c9CERNE DES SATISFECITS"},"content":{"rendered":"<p>SARKOZY, MASSERET, MELENCHON,LA VOIE DES SANS VOIX D\u00c9CERNE DES SATISF\u00c9CITS   1 \u2013 A Nicolas Sarkozy :  Cela bien s\u00fbr vous \u00e9tonne venant de nous. N\u2019avons-nous pas dans le pass\u00e9, maintes fois agoni l\u2019ancien Pr\u00e9sident de noms d\u2019oiseaux ? Une seule fois r\u00e9cemment, nous e\u00fbmes l\u2019occasion de lui donner raison. C\u2019\u00e9tait pour les m\u00eames raisons, et l\u2019avons dit alors haut et fort. Nous persistons ici dans notre principe de dire de quiconque qu\u2019il a raison lorsque c\u2019est le cas, qu\u2019elles que puisses \u00eatre par ailleurs nos pr\u00e9venances  \u00e0 son endroit. Le positionnement tactique  de Nicolas Sarkozy pour le second tour des \u00e9lections r\u00e9gionales, nous donne l\u2019occasion de lui d\u00e9cerner un v\u00e9ritable satisf\u00e9cit.    Il ne comprend pas vite Sarko, encore faut-il lui expliquer longtemps. Il a compris enfin que \u00ab la confusion des genres \u00bb comme l\u2019avait nomm\u00e9 Raymond Barre en son temps, et la pire des choses qui pouvait advenir aux institutions de la 5\u00e8me r\u00e9publique, et qu\u2019elle nourrissait le Front National. Alors il la refuse, et le d\u00e9chainement m\u00e9diatique anti-FN n\u2019est pas de nature \u00e0 le faire changer d\u2019avis.    Aussi, nous qui d\u2019un tout autre point de vue politique, avons plaid\u00e9 depuis toujours pour la s\u00e9paration d\u2019une v\u00e9ritable opposition de gauche ouvri\u00e8re d\u2019avec le \u00ab\u00a0PSocial-lib\u00e9ral\u00a0\u00bb et \u00ab la gauche \u00bb qui est le moyen d\u2019asservissement de l\u2019un \u00e0 l\u2019autre ; Nous qui avons depuis fort longtemps expliqu\u00e9 que la proximit\u00e9 des politiques des deux partis de l\u2019alternance \u00e9tait le terreau nourricier du FN, comment pourrions-nous, sauf \u00e0 manquer d\u2019honn\u00eatet\u00e9 intellectuelle, ne pas approuver le positionnement de Nicolas Sarkozy sur ce point \u00e0 la seule raison que c\u2019est la position de \u00ab Sarko \u00bb ?      Nous approuvons et approuverons, tout ce qui va dans le sens de la clarification et de la diff\u00e9renciation politique. Bon ! Sarkozy a encore quelques pas \u00e0 faire. La diff\u00e9renciation droite\/gauche qu\u2019il pr\u00f4ne, n\u2019est \u00e0 l\u2019heure actuelle que tactique. Il ne veut pas que les \u00e9lecteurs puissent dire, \u00e0 l\u2019instar de Marine Le Pen, que la droite et la gauche c\u2019est pareil. Mais l\u2019id\u00e9e ne lui est pas encore venu que pour \u00eatre vraiment r\u00e9elle et vraiment per\u00e7u par les \u00e9lecteurs, cette diff\u00e9renciation ne devait pas \u00eatre que formelle et tactique, qu\u2019elle devait aussi et surtout sous-tendre de v\u00e9ritables diff\u00e9rences politiques. Or \u00e7a bien s\u00fbr est loin encore d\u2019\u00eatre acquis et pour tout dire ne le sera jamais puisque c\u2019est l\u2019essence m\u00eame de l\u2019alternance d\u2019assurer la continuit\u00e9 politique en ne donnant que l\u2019illusion du changement.  2 \u2013 Jean-Pierre Masseret : T\u00eate de liste, \u00ab\u00a0et de cochon\u00a0\u00bb, dans la r\u00e9gion \u00ab du grand Est \u00bb a refus\u00e9 de d\u00e9serter en rase campagne comme l\u2019y pressait la direction du PS. Lui non plus ne veut pas de cette confusion des genres que pr\u00f4nent r\u00e9guli\u00e8rement l\u2019\u00e9quipe gouvernementale qui s\u2019empare de chaque occasion pour promouvoir \u00ab l\u2019Union nationale \u00bb et le \u00ab Front r\u00e9publicain \u00bb Imaginez un peu, le PS sans aucun \u00e9lu pendant six ans dans trois grandes r\u00e9gions Fran\u00e7aises ! Imaginez le d\u00e9sastre de ce soir sur le d\u00e9compte des voix socialistes dans le pays ! Et pour quel r\u00e9sultats du point de vue de l\u2019intention annonc\u00e9e de \u00ab faire barrage au FN \u00bb ? Probablement aucun, nous l\u2019avons pronostiqu\u00e9 dans notre pr\u00e9c\u00e9dent article : \u00ab Le deuxi\u00e8me tour confirmera le premier \u00bb, et si nous avions tort ce soir, cela peut arriver, la terrible d\u00e9moralisation que cela suppose du point de vue de l\u2019\u00e9lectorat socialiste et de gauche n\u2019aura-t-elle pas des cons\u00e9quences pires encore lors de prochaines \u00e9ch\u00e9ances ?  Alors oui, et bien que le positionnement soit l\u00e0 encore limit\u00e9 \u00e0 des consid\u00e9rations tactiques, nous disons bravo \u00e0 Jean-Pierre Masseret et lui accordons un satisf\u00e9cit.  3 \u2013 Jean-Luc M\u00e9lenchon : C\u2019est avec cet homme et le \u00ab Parti de gauche \u00bb que nous avons les plus grandes proximit\u00e9s. Cela ne nous a pas emp\u00each\u00e9, au contraire, de le r\u00e9primander maintes fois dans le pass\u00e9, et vous pouvez revenir en arri\u00e8re et relire tous nos articles \u00e0 ce sujet, vous le constaterez, nos d\u00e9saccords et r\u00e9criminations \u00e0 l\u2019\u00e9gard de Jean-Luc M\u00e9lenchon ont toujours \u00e9taient fond\u00e9 sur ce m\u00eame th\u00e8me de la n\u00e9cessit\u00e9 de la clarification et des barri\u00e8res politiques. Nous avons toujours reproch\u00e9 \u00e0 Jean-Luc M\u00e9lenchon toute attitude qui sous couvert d\u2019unit\u00e9 de la gauche confortait \u00ab la confusion des genres \u00bb. Alors vous n\u2019aurez pas de peine \u00e0 imaginer notre grande satisfaction quand Jean-Luc M\u00e9lenchon d\u00e9clare \u00ab \u00ab\u00a0En Nord-Pas-de-Calais-Picardie et Provence-Alpes-C\u00f4te d&rsquo;Azur, o\u00f9 il n&rsquo;existe plus de vote de gauche possible, je me garderai bien de donner des consignes. Plut\u00f4t la droite que le FN ? A condition qu\u2019il y ait une diff\u00e9rence ! Ce n\u2019est pas \u00e0 nous de la proclamer\u00a0\u00bb.\u00bb. Ouf ! ENFIN ! Il avait fait des pas ces derni\u00e8res ann\u00e9es dans le sens de la clarification et de la s\u00e9paration des genres, en militant lors de plusieurs scrutins pr\u00e9c\u00e9dents contre toute alliance \u00e9lectorale avec le PS. Il vient l\u00e0 de faire un nouveau pas d\u00e9cisif. Le distinguo entre \u00ab droite r\u00e9publicaine et FN \u00e9tant le fondement sur lequel le PS justifie, au nom de \u00ab la peur du loup \u00bb l\u2019appel \u00ab au front r\u00e9publicain \u00bb, c\u2019est-\u00e0-dire au vote de droite. Or, Jean-Luc M\u00e9lenchon dit : \u00ab que la diff\u00e9rence est imperceptible ou inexistante, qu\u2019en tout cas elle lui \u00e9chappe \u00bb et ne justifie pas qu\u2019il choisisse entre un et l\u2019autre \u00bb, il dit en v\u00e9rit\u00e9 que la peur du loup ne saurai justifier de se jeter dans la gueule des \u00ab hy\u00e8nes \u00bb. Il casse l\u2019argumentaire et ouvre ainsi de nouveaux possibles \u00e0 une diff\u00e9renciation politique fondamentale.  Nous saluons ce progr\u00e8s de l\u2019analyse \u00ab m\u00e9lenchonienne \u00bb, d\u2019autres sont n\u00e9cessaires, et accordons \u00e0 son auteur notre troisi\u00e8me satisfecit, le plus important \u00e0 notre sens.  Patrick Seignon. \u00ab lavoiedessansvoix.fr. Dimanche 13 d\u00e9cembre 2015.<\/p>\n","protected":false},"excerpt":{"rendered":"<p>SARKOZY, MASSERET, MELENCHON,LA VOIE DES SANS VOIX D\u00c9CERNE DES SATISF\u00c9CITS 1 \u2013 A Nicolas Sarkozy : Cela bien s\u00fbr vous [&hellip;]<\/p>\n","protected":false},"author":1,"featured_media":4697,"comment_status":"open","ping_status":"open","sticky":false,"template":"","format":"standard","meta":{"sfsi_plus_gutenberg_text_before_share":"","sfsi_plus_gutenberg_show_text_before_share":"","sfsi_plus_gutenberg_icon_type":"","sfsi_plus_gutenberg_icon_alignemt":"","sfsi_plus_gutenburg_max_per_row":"","site-sidebar-layout":"default","site-content-layout":"","ast-site-content-layout":"default","site-content-style":"default","site-sidebar-style":"default","ast-global-header-display":"","ast-banner-title-visibility":"","ast-main-header-display":"","ast-hfb-above-header-display":"","ast-hfb-below-header-display":"","ast-hfb-mobile-header-display":"","site-post-title":"","ast-breadcrumbs-content":"","ast-featured-img":"","footer-sml-layout":"","ast-disable-related-posts":"","theme-transparent-header-meta":"","adv-header-id-meta":"","stick-header-meta":"","header-above-stick-meta":"","header-main-stick-meta":"","header-below-stick-meta":"","astra-migrate-meta-layouts":"default","ast-page-background-enabled":"default","ast-page-background-meta":{"desktop":{"background-color":"var(--ast-global-color-4)","background-image":"","background-repeat":"repeat","background-position":"center center","background-size":"auto","background-attachment":"scroll","background-type":"","background-media":"","overlay-type":"","overlay-color":"","overlay-opacity":"","overlay-gradient":""},"tablet":{"background-color":"","background-image":"","background-repeat":"repeat","background-position":"center center","background-size":"auto","background-attachment":"scroll","background-type":"","background-media":"","overlay-type":"","overlay-color":"","overlay-opacity":"","overlay-gradient":""},"mobile":{"background-color":"","background-image":"","background-repeat":"repeat","background-position":"center center","background-size":"auto","background-attachment":"scroll","background-type":"","background-media":"","overlay-type":"","overlay-color":"","overlay-opacity":"","overlay-gradient":""}},"ast-content-background-meta":{"desktop":{"background-color":"var(--ast-global-color-5)","background-image":"","background-repeat":"repeat","background-position":"center center","background-size":"auto","background-attachment":"scroll","background-type":"","background-media":"","overlay-type":"","overlay-color":"","overlay-opacity":"","overlay-gradient":""},"tablet":{"background-color":"var(--ast-global-color-5)","background-image":"","background-repeat":"repeat","background-position":"center center","background-size":"auto","background-attachment":"scroll","background-type":"","background-media":"","overlay-type":"","overlay-color":"","overlay-opacity":"","overlay-gradient":""},"mobile":{"background-color":"var(--ast-global-color-5)","background-image":"","background-repeat":"repeat","background-position":"center center","background-size":"auto","background-attachment":"scroll","background-type":"","background-media":"","overlay-type":"","overlay-color":"","overlay-opacity":"","overlay-gradient":""}},"footnotes":""},"categories":[16],"tags":[],"class_list":["post-1038","post","type-post","status-publish","format-standard","has-post-thumbnail","hentry","category-archives-cms"],"_links":{"self":[{"href":"https:\/\/lavoiedessansvoix.fr\/lavoie\/wp-json\/wp\/v2\/posts\/1038","targetHints":{"allow":["GET"]}}],"collection":[{"href":"https:\/\/lavoiedessansvoix.fr\/lavoie\/wp-json\/wp\/v2\/posts"}],"about":[{"href":"https:\/\/lavoiedessansvoix.fr\/lavoie\/wp-json\/wp\/v2\/types\/post"}],"author":[{"embeddable":true,"href":"https:\/\/lavoiedessansvoix.fr\/lavoie\/wp-json\/wp\/v2\/users\/1"}],"replies":[{"embeddable":true,"href":"https:\/\/lavoiedessansvoix.fr\/lavoie\/wp-json\/wp\/v2\/comments?post=1038"}],"version-history":[{"count":1,"href":"https:\/\/lavoiedessansvoix.fr\/lavoie\/wp-json\/wp\/v2\/posts\/1038\/revisions"}],"predecessor-version":[{"id":4698,"href":"https:\/\/lavoiedessansvoix.fr\/lavoie\/wp-json\/wp\/v2\/posts\/1038\/revisions\/4698"}],"wp:featuredmedia":[{"embeddable":true,"href":"https:\/\/lavoiedessansvoix.fr\/lavoie\/wp-json\/wp\/v2\/media\/4697"}],"wp:attachment":[{"href":"https:\/\/lavoiedessansvoix.fr\/lavoie\/wp-json\/wp\/v2\/media?parent=1038"}],"wp:term":[{"taxonomy":"category","embeddable":true,"href":"https:\/\/lavoiedessansvoix.fr\/lavoie\/wp-json\/wp\/v2\/categories?post=1038"},{"taxonomy":"post_tag","embeddable":true,"href":"https:\/\/lavoiedessansvoix.fr\/lavoie\/wp-json\/wp\/v2\/tags?post=1038"}],"curies":[{"name":"wp","href":"https:\/\/api.w.org\/{rel}","templated":true}]}}