{"id":1036,"date":"2015-12-21T08:42:00","date_gmt":"2015-12-21T07:42:00","guid":{"rendered":"https:\/\/lavoiedessansvoix.fr\/lavoie\/2015\/12\/21\/archive-la-main-droite-de-l-imperialisme-ne-veut-pas-savoir-ce-que-fait-sa-main-gauche\/"},"modified":"2026-04-26T22:03:10","modified_gmt":"2026-04-26T20:03:10","slug":"archive-la-main-droite-de-l-imperialisme-ne-veut-pas-savoir-ce-que-fait-sa-main-gauche","status":"publish","type":"post","link":"https:\/\/lavoiedessansvoix.fr\/lavoie\/2015\/12\/21\/archive-la-main-droite-de-l-imperialisme-ne-veut-pas-savoir-ce-que-fait-sa-main-gauche\/","title":{"rendered":"LA MAIN DROITE DE L\u2019IMPERIALISME NE VEUT PAS SAVOIR CE QUE FAIT SA MAIN GAUCHE"},"content":{"rendered":"<p>LA MAIN DROITE DE L\u2019IMP\u00c9RIALISME NE VEUT PAS SAVOIR CE QUE FAIT SA MAIN GAUCHE   Terrorisme ! Terrorisme international ! Pays terroriste ou soutenant le terrorisme ! Axe du mal ! Tels \u00e9taient les mots et les concepts cl\u00e9s de la rh\u00e9torique guerri\u00e8re initi\u00e9 en 2001, pour l\u2019imp\u00e9rialisme US, par l\u2019organe du Pr\u00e9sident Georges W Bush. Non pas de l\u2019analyse politique qui identifie et classifie les causes et les combats, mais de la bouillie propagandiste pour justifier les desseins de domination plan\u00e9taire des USA. \u00ab Tous ceux qui ne partagent pas nos valeurs \u00bb, tous ceux qui rechignent \u00e0 se plier \u00e0 notre autorit\u00e9 internationale sont r\u00e9put\u00e9s terroristes et \u00e0 ce titre passibles de \u00ab nos foudres \u00bb.  De la bouillie intellectuelle, vous dis-je, dans laquelle la juste cause du peuple palestinien est tout aussi \u00ab terroriste \u00bb que celle d\u2019Al Qa\u00efda, o\u00f9 la R\u00e9publique Islamique d\u2019Iran figure sur la m\u00eame  liste noire que \u00ab Boko Haram \u00bb   Terroriste ! l\u2019EI (Daesh), un des acteurs de la balkanisation am\u00e9ricaine du Grand Moyen-Orient, \u0153uvrant activement \u00e0 la partition foment\u00e9e de l\u2019Irak et de la Syrie, est-il une organisation terroriste ? Oui, probablement, dans la mesure o\u00f9 par ses pr\u00e9tentions territoriales, et p\u00e9troli\u00e8res, cette organisation \u00ab Etat \u00bb a outre pass\u00e9 les r\u00e8gles et consignes de ses maitres. Il faut la rappeler \u00e0 la raison !   Terroristes l\u2019EI interroge Vladimir Poutine? Le Pr\u00e9sident Assad et nous avec lui n\u2019avons cess\u00e9 de le dire depuis quatre ans. Il faut combattre le terrorisme ! On arrive, on s\u2019en charge, on prend la t\u00eate des op\u00e9rations. Et de joindre les actes \u00e0 la parole.  Le cartel imp\u00e9rialiste occidental c\u2019est fait prendre \u00e0 son propre pi\u00e8ge. S\u2019est fait \u00ab entarter \u00bb comme il est advenu plusieurs fois \u00e0 son z\u00e9l\u00e9 serviteur Bernard Henri-L\u00e9vi. Une tarte bien gluante \u00e0 la bouillie terroriste.  Que dire ? Que faire ? Comment protester ? Ils ont eux-m\u00eames offert sur un plateau, au Pr\u00e9sident de la f\u00e9d\u00e9ration de Russie, la justification de son immixtion dans le conflit syrien. Alors bon, ils ont bien tent\u00e9 de dire que les avions russes ciblaient moins \u00ab Daesh \u00bb que leurs amis et alli\u00e9s, voire leurs propres intervenants sur le terrain. Ah tient donc, \u00ab Al Nosra \u00bb branche syrienne d\u2019Al-Qa\u00efda est votre amie, vous avez des intervenants form\u00e9s et arm\u00e9s par vous ? N\u2019aviez-vous pas dit qu\u2019il s\u2019agissait en Syrie  d\u2019une guerre \u00ab CIVILE \u00bb o\u00f9 les \u00ab combattants de la libert\u00e9 et de la d\u00e9mocratie \u00bb affrontaient l\u2019arm\u00e9e d\u2019un \u00ab dictateur sanglant \u00bb ? Bon \u00e7a ne tient pas. Il faut trouver autre chose.  L\u2019arm\u00e9e russe, donc la F\u00e9d\u00e9ration de Russie, donc Vladimir Poutine, ont pris le \u00ab leadership \u00bb c\u2019est incontestable. Le cartel imp\u00e9rialiste voudrait bien continuer de dicter ses \u00ab oukases \u00bb mais ce sont les russes qui sont \u00e0 la man\u0153uvre, alors il faut bien se ranger \u00e0 l\u2019\u00e9vidence et composer avec. Composer ne veut pas dire renoncer. Composer veut dire rechercher des voies nouvelles pour atteindre les m\u00eames buts.  Les Russes sont \u00e0 la man\u0153uvre et ainsi soutenue l\u2019arm\u00e9e Syrienne, dite pour l\u2019occasion avec perversit\u00e9, \u00ab de Bachar Al Assad \u00bb, reprend du terrain. Attendre c\u2019est attendre que la Syrie ait reconstitu\u00e9 son int\u00e9grit\u00e9 territoriale, que Bachar Al Assad sorte vainqueur de l\u2019imbroglio sanglant que l\u2019imp\u00e9rialisme occidental lui a impos\u00e9. La Russie c\u2019est rendue maitre du jeu, or la Russie est intervenue l\u00e9galement en Syrie, selon les conventions internationales, en r\u00e9pondant \u00e0 l\u2019appel du Pr\u00e9sident l\u00e9gal de ce pays. Le r\u00e9gime Baasiste et le Pr\u00e9sident Assad justifient l\u2019intervention Russe comme la f\u00e9d\u00e9ration de Russie soutiens le r\u00e9gime et le Pr\u00e9sident. \u00ab Il n\u2019est pas question de \u00ab renverser Assad, c\u2019est le peuple syrien qui choisira le moment venu. \u00bb. Telle est la position de la Russie maitresse du jeu. Alors \u00ab nos affid\u00e9s imp\u00e9rialistes \u00bb renoncent \u00e0 exiger le d\u00e9part pr\u00e9alable du Pr\u00e9sident syrien. Ils jouent sur les mots, ils pr\u00e9f\u00e8rent \u00e0 pr\u00e9sent parler de \u00ab transition \u00bb \u00e0 laquelle, \u00e7a revient au m\u00eame, le Pr\u00e9sident Assad ne pourrait pas prendre part ? C\u2019est le peuple syrien qui choisira. Pourquoi diantre cette position de bon sens qui devrait agr\u00e9er aux \u00ab champions en d\u00e9mocratie \u00bb qu\u2019ils pr\u00e9tendent \u00eatre, ne leur convient-elle pas ? Pour la raison simple que voil\u00e0 : l\u2019Histoire et les peuples donnent raison aux vainqueurs. Bachar vainqueur sera pl\u00e9biscit\u00e9 par son peuple et par les arabes et la victoire de Bachar sonnera l\u2019heure de la d\u00e9route am\u00e9ricano-occidentale au Proche-Orient. Alors il faut composer avant que cette victoire soit acquise. Tenter d\u2019obtenir par les voies d\u2019une nouvelles \u00ab rouerie \u00bb diplomatique \u00bb la victoire qui a \u00e9chapp\u00e9e sur le terrain. D\u2019o\u00f9 le vote \u00ab unanime \u00bb, ce 18 d\u00e9cembre, de la r\u00e9solution 2254 du \u00ab Conseil de S\u00e9curit\u00e9 \u00bb de l\u2019ONU \u00ab sur le r\u00e8glement politique de la crise en Syrie \u00bb. D\u2019o\u00f9 la fourberie du ministre fran\u00e7ais de la d\u00e9fense qui \u00e0 la veille d\u2019une visite \u00e0 Moscou affirme \u00ab que Deash est notre seul ( ?) ennemi \u00bb alors m\u00eame que son coll\u00e8gue des affaires \u00e9trang\u00e8res r\u00e9it\u00e9rait il y a deux jours, devant le CS de l\u2019ONU, son exigence du d\u00e9part d\u2019Al-Assad.  Mais pour autant il ne faut pas capituler. Il ne faut pas reconnaitre sa d\u00e9faite militaire et politique, sinon on perd toute aptitude \u00e0 exiger quoique que ce soit. Alors, on n\u00e9gocie et vote la r\u00e9solution Russe \u00e0 l\u2019ONU, \u00ab ne dites pas \u00e0 ma main droite ce que fait ma main gauche \u00bb, et dans le m\u00eame temps on pousse la Turquie \u00e0 la confrontation, on manigance avec l\u2019Arabie Saoudite et le Qatar la r\u00e9alisation d\u2019une coalition militaire arabe (sunnite) qui elle aussi veut soi-disant combattre \u00ab Daesh \u00bb, le terrorisme. Il s\u2019agit en v\u00e9rit\u00e9 de fixer certains abc\u00e8s du conflit syrien afin de se garder \u00ab une monnaie d\u2019\u00e9change \u00bb dans le \u00ab marchandage international \u00bb d\u2019un \u00e9ventuel r\u00e8glement politique. Et puis, si dans cette perspective on pouvait en sus aboutir \u00e0 une partition de la Syrie au terme de quoi on garderait, par \u00ab alli\u00e9s interpos\u00e9s \u00bb, le contr\u00f4le des zones de production p\u00e9troli\u00e8res de ce pays, ce ne serait pas si mal que \u00e7a. Ce ne serait certes pas tout \u00e0 fait la victoire mais \u00e7a n\u2019en serait pas tr\u00e8s \u00e9loign\u00e9.  Patrick Seignon. \u00ab lavoiedessansvoix.fr \u00bb. Dimanche 18 d\u00e9cembre 2015.<\/p>\n","protected":false},"excerpt":{"rendered":"<p>LA MAIN DROITE DE L\u2019IMP\u00c9RIALISME NE VEUT PAS SAVOIR CE QUE FAIT SA MAIN GAUCHE Terrorisme ! Terrorisme international ! [&hellip;]<\/p>\n","protected":false},"author":1,"featured_media":4693,"comment_status":"open","ping_status":"open","sticky":false,"template":"","format":"standard","meta":{"sfsi_plus_gutenberg_text_before_share":"","sfsi_plus_gutenberg_show_text_before_share":"","sfsi_plus_gutenberg_icon_type":"","sfsi_plus_gutenberg_icon_alignemt":"","sfsi_plus_gutenburg_max_per_row":"","site-sidebar-layout":"default","site-content-layout":"","ast-site-content-layout":"default","site-content-style":"default","site-sidebar-style":"default","ast-global-header-display":"","ast-banner-title-visibility":"","ast-main-header-display":"","ast-hfb-above-header-display":"","ast-hfb-below-header-display":"","ast-hfb-mobile-header-display":"","site-post-title":"","ast-breadcrumbs-content":"","ast-featured-img":"","footer-sml-layout":"","ast-disable-related-posts":"","theme-transparent-header-meta":"","adv-header-id-meta":"","stick-header-meta":"","header-above-stick-meta":"","header-main-stick-meta":"","header-below-stick-meta":"","astra-migrate-meta-layouts":"default","ast-page-background-enabled":"default","ast-page-background-meta":{"desktop":{"background-color":"var(--ast-global-color-4)","background-image":"","background-repeat":"repeat","background-position":"center center","background-size":"auto","background-attachment":"scroll","background-type":"","background-media":"","overlay-type":"","overlay-color":"","overlay-opacity":"","overlay-gradient":""},"tablet":{"background-color":"","background-image":"","background-repeat":"repeat","background-position":"center center","background-size":"auto","background-attachment":"scroll","background-type":"","background-media":"","overlay-type":"","overlay-color":"","overlay-opacity":"","overlay-gradient":""},"mobile":{"background-color":"","background-image":"","background-repeat":"repeat","background-position":"center center","background-size":"auto","background-attachment":"scroll","background-type":"","background-media":"","overlay-type":"","overlay-color":"","overlay-opacity":"","overlay-gradient":""}},"ast-content-background-meta":{"desktop":{"background-color":"var(--ast-global-color-5)","background-image":"","background-repeat":"repeat","background-position":"center center","background-size":"auto","background-attachment":"scroll","background-type":"","background-media":"","overlay-type":"","overlay-color":"","overlay-opacity":"","overlay-gradient":""},"tablet":{"background-color":"var(--ast-global-color-5)","background-image":"","background-repeat":"repeat","background-position":"center center","background-size":"auto","background-attachment":"scroll","background-type":"","background-media":"","overlay-type":"","overlay-color":"","overlay-opacity":"","overlay-gradient":""},"mobile":{"background-color":"var(--ast-global-color-5)","background-image":"","background-repeat":"repeat","background-position":"center center","background-size":"auto","background-attachment":"scroll","background-type":"","background-media":"","overlay-type":"","overlay-color":"","overlay-opacity":"","overlay-gradient":""}},"footnotes":""},"categories":[16],"tags":[],"class_list":["post-1036","post","type-post","status-publish","format-standard","has-post-thumbnail","hentry","category-archives-cms"],"_links":{"self":[{"href":"https:\/\/lavoiedessansvoix.fr\/lavoie\/wp-json\/wp\/v2\/posts\/1036","targetHints":{"allow":["GET"]}}],"collection":[{"href":"https:\/\/lavoiedessansvoix.fr\/lavoie\/wp-json\/wp\/v2\/posts"}],"about":[{"href":"https:\/\/lavoiedessansvoix.fr\/lavoie\/wp-json\/wp\/v2\/types\/post"}],"author":[{"embeddable":true,"href":"https:\/\/lavoiedessansvoix.fr\/lavoie\/wp-json\/wp\/v2\/users\/1"}],"replies":[{"embeddable":true,"href":"https:\/\/lavoiedessansvoix.fr\/lavoie\/wp-json\/wp\/v2\/comments?post=1036"}],"version-history":[{"count":1,"href":"https:\/\/lavoiedessansvoix.fr\/lavoie\/wp-json\/wp\/v2\/posts\/1036\/revisions"}],"predecessor-version":[{"id":4694,"href":"https:\/\/lavoiedessansvoix.fr\/lavoie\/wp-json\/wp\/v2\/posts\/1036\/revisions\/4694"}],"wp:featuredmedia":[{"embeddable":true,"href":"https:\/\/lavoiedessansvoix.fr\/lavoie\/wp-json\/wp\/v2\/media\/4693"}],"wp:attachment":[{"href":"https:\/\/lavoiedessansvoix.fr\/lavoie\/wp-json\/wp\/v2\/media?parent=1036"}],"wp:term":[{"taxonomy":"category","embeddable":true,"href":"https:\/\/lavoiedessansvoix.fr\/lavoie\/wp-json\/wp\/v2\/categories?post=1036"},{"taxonomy":"post_tag","embeddable":true,"href":"https:\/\/lavoiedessansvoix.fr\/lavoie\/wp-json\/wp\/v2\/tags?post=1036"}],"curies":[{"name":"wp","href":"https:\/\/api.w.org\/{rel}","templated":true}]}}