{"id":1035,"date":"2016-01-03T15:29:00","date_gmt":"2016-01-03T14:29:00","guid":{"rendered":"https:\/\/lavoiedessansvoix.fr\/lavoie\/2016\/01\/03\/archive-les-ufs-pourris-du-president\/"},"modified":"2026-04-26T22:03:02","modified_gmt":"2026-04-26T20:03:02","slug":"archive-les-ufs-pourris-du-president","status":"publish","type":"post","link":"https:\/\/lavoiedessansvoix.fr\/lavoie\/2016\/01\/03\/archive-les-ufs-pourris-du-president\/","title":{"rendered":"LES \u0152UFS POURRIS DU PRESIDENT"},"content":{"rendered":"<p>LES \u0152UFS POURRIS DU PR\u00c9SIDENT Depuis le salon Napol\u00e9on III de l\u2019\u00c9lys\u00e9e, qu\u2019il affectionne apparemment, Fran\u00e7ois Hollande a pr\u00e9sent\u00e9 ses v\u0153ux 2016 \u00e0 la Nation.  1 Souffrances, lamentations et d\u00e9clamations.  \u00ab\u00a02015 fut une ann\u00e9e de souffrance et de r\u00e9sistance, alors faisons de 2016 une ann\u00e9e de vaillance et d\u2019esp\u00e9rance\u00a0\u00bb.   De souffrance, sans nul doute pour les victimes des attaques Jihadistes sur le sol national, leurs parents, leurs proches, leurs amis, tous les fran\u00e7ais meurtris inquiets et solidaires ; Mais r\u00e9sistance ? En quoi est-ce une r\u00e9sistance de s\u2019indigner de souffrir et de pleurer ? V\u0153ux, volont\u00e9 de r\u00e9sistance certainement, mais pas r\u00e9sistance. Quant aux r\u00e9actions guerri\u00e8res de notre gouvernement, ce ne sont pas des actes de r\u00e9sistance, ils s\u2019inscrivent plut\u00f4t dans le contexte de la politique internationale agressive de notre pays, ils prolongent la volont\u00e9 d\u2019immixtion de la France dans les affaires du Moyen-Orient et creusent un peu plus le lit d\u2019une guerre r\u00e9gionale g\u00e9n\u00e9ralis\u00e9e.  2 Des valeurs de la R\u00e9publique et de la fiert\u00e9 nationale  \u00ab\u00a0Mais, malgr\u00e9 le drame, la France n&rsquo;a pas c\u00e9d\u00e9. Malgr\u00e9 les larmes, elle s&rsquo;est tenue debout. Face \u00e0 la haine, elle a montr\u00e9 la force de ses valeurs. Celles de la R\u00e9publique\u00a0\u00bb.  \u00ab\u00a0Fran\u00e7aises, Fran\u00e7ais, je suis fier de vous\u00a0\u00bb A dit Fran\u00e7ois Hollande.  Monsieur Hollande, lui r\u00e9pliquons-nous, nous ne sommes pas fiers du tout. Nous avons honte de vous et de l\u2019image que vous donnez de la France et de sa diplomatie belliciste : celle d\u2019un Pit-bull aux ordres de son maitre l\u2019oncle Sam.  3 Le danger de la France  \u00ab\u00a0La France n&rsquo;en a pas termin\u00e9 avec le terrorisme la menace est toujours l\u00e0 et reste m\u00eame \u00e0 son plus haut niveau\u00a0\u00bb.   \u00ab\u00a0Mon premier devoir, c&rsquo;est de vous prot\u00e9ger, Vous prot\u00e9ger, c&rsquo;est agir \u00e0 la racine du mal : en Syrie, en Irak. C&rsquo;est pourquoi, nous avons intensifi\u00e9 nos frappes contre Daech\u00a0\u00bb  Pour qui donc vous prenez-vos Monsieur ! Un homme a-t-il le pouvoir de prot\u00e9ger un peuple ? Une nation ? Il n\u2019y a pas plus de \u00ab protecteur \u00bb que de \u00ab sauveur \u00bb supr\u00eame. La France est bien assez grande pour se prot\u00e9ger elle-m\u00eame. D\u2019autant que, votre d\u00e9clamation torse bomb\u00e9 : \u00ab je suis l\u00e0 pour vous prot\u00e9ger \u00bb, parait avoir pour objet en v\u00e9rit\u00e9 d\u2019occulter cette v\u00e9rit\u00e9 bien plus grande et tangible que le danger actuel de \u00bb la France est le r\u00e9sultat de votre politique internationale d\u00e9sastreuse.   Comment pourriez-vous bien en \u00eatre le protecteur vous qui en \u00eates le danger ?  4 Une innommable mauvaise foi  \u00abLes coups portent, les jihadistes reculent, alors nous continuerons autant que n\u00e9cessaire. \u00bb  Pas un mot pour remercier la Russie dont l\u2019intervention d\u00e9cisive au c\u00f4t\u00e9 du Pr\u00e9sident Assad et de l\u2019arm\u00e9e r\u00e9guli\u00e8re syrienne est la cause essentielle des reculs des djihadistes. La France qui a sustent\u00e9 le djihadisme, le \u00ab Front Al-Nosra \u00bb dont Laurent Fabius disait il y a pas si longtemps encore \u00ab qu\u2019il faisait du bon boulot \u00bb, a l\u2019outrecuidance \u00e0 pr\u00e9sent de tirer la couverture \u00e0 soi, comme si les revers de ses anciens alli\u00e9s \u00e9taient les r\u00e9sultats de sa seule action pourtant en v\u00e9rit\u00e9 si marginale.  5 Autocratie  Pour \u00ab nous prot\u00e9ger \u00bb comme il en a la pr\u00e9tention, Fran\u00e7ois Hollande aurait pu, et m\u00eame du, annoncer que la France renon\u00e7ait illico au cours belliciste de sa politique internationale et \u00e0 l\u2019inf\u00e9odation de celle-ci aux desseins imp\u00e9rialistes des USA, laquelle politique est la cause premi\u00e8re de la mont\u00e9e du danger terroriste. Qu\u2019il allait travailler \u00e0 la mise en place d\u2019une nouvelle politique internationale \u00e9quilibr\u00e9e et respectueuse de la souverainet\u00e9 et de l\u2019ind\u00e9pendance des nations et du droit des peuples \u00e0 se d\u00e9terminer eux-m\u00eames, en commen\u00e7ant par le peuple syrien auquel il aurait reconnu le droit de d\u00e9finir ce que devait \u00eatre son avenir et celui du Pr\u00e9sident A1ssad.  Au lieu de \u00e7a il persiste \u00e0 vouloir nous imposer la restriction des libert\u00e9s publiques, la \u00ab l\u00e9galisation \u00bb constitutionnelle d\u2019une d\u00e9rive autoritaire de l\u2019\u00c9tat : \u00ab\u00a0J\u2019ai annonc\u00e9 une r\u00e9vision de la Constitution pour donner un fondement incontestable au recours \u00e0 l\u2019\u00e9tat d\u2019urgence lorsqu\u2019un p\u00e9ril imminent nous fait face et pour d\u00e9choir de la nationalit\u00e9 fran\u00e7aise les individus condamn\u00e9s d\u00e9finitivement pour crime terroriste. Il revient d\u00e9sormais au Parlement de prendre ses responsabilit\u00e9s. Le d\u00e9bat est l\u00e9gitime\u00a0\u00bb mais la France \u00ab\u00a0doit prendre les bonnes d\u00e9cisions au-del\u00e0 des clivages partisans\u00a0\u00bb.    Avant de se renier, son Mentor, Fran\u00e7ois Mitterrand avait caract\u00e9ris\u00e9 la constitution de la 5\u00e8me r\u00e9publique de \u00ab coup d\u2019\u00c9tat permanent \u00bb, lui se propose de la hisser au statut de \u00ab dictature constitutionnelle \u00bb.  6 Professions de foi m\u00e9prisable  Fran\u00e7ois Hollande a affirm\u00e9 que la lutte contre le ch\u00f4mage restait sa \u00ab\u00a0premi\u00e8re priorit\u00e9\u00a0\u00bb et a d\u00e9voil\u00e9 le nombre des futures nouvelles formations qui seront mise en place pour ce faire : 500 000.  Autre priorit\u00e9: l&rsquo;apprentissage, car \u00ab l&rsquo;effort en faveur de la g\u00e9n\u00e9ration qui vient, c&rsquo;est un devoir sacr\u00e9 \u00bb. \u00ab Je fixe l&rsquo;objectif qu&rsquo;aucun apprenti ne soit sans employeur et qu&rsquo;aucun employeur ne demeure sans apprenti. \u00bb Il a demand\u00e9 aussi au gouvernement d&rsquo;engager \u00ab\u00a0par \u00e9tapes\u00a0\u00bb, la \u00ab\u00a0g\u00e9n\u00e9ralisation\u00a0\u00bb du service civique.  Des formations ! Des apprentis ! Pour occuper quels emplois ?  Pour faire reculer le ch\u00f4mage il faut cr\u00e9er des emplois, il faut cesser de \u00ab d\u00e9localiser \u00bb, il faut r\u00e9industrialiser. Et l\u00e0 pas une seule proposition. Le discours de Fran\u00e7ois Hollande est en la mati\u00e8re un tissu de mensonge et de professions de foi m\u00e9prisables : Des formations, des apprentis, la g\u00e9n\u00e9ralisation du service civique pour masquer la progression r\u00e9elle du ch\u00f4mage, pour tronquer les chiffres et tromper les fran\u00e7ais.  7 Fuite en avant budg\u00e9taire  Quant au \u00ab programme de grands travaux\u00a0\u00bb pour la \u00ab\u00a0croissance verte\u00a0\u00bb, qu\u2019il annonce en se f\u00e9licitant de l&rsquo;accord conclu \u00e0 l&rsquo;issue de la COP21 qui s&rsquo;est tenue \u00e0 Paris. Il s\u2019agit de l\u2019une de ces vieilles recettes \u00e9cul\u00e9es que l\u2019on appelle \u00ab plan de relance \u00bb, un soutien artificiel \u00e0 l\u2019activit\u00e9 \u00e9conomique de nature \u00e0 creuser un peu plus les d\u00e9ficits des comptes publics.  9 Et le retour aux vieilles \u00ab valeurs \u00bb qui furent cause de tant de sang vers\u00e9 et de tant de malheurs pour le peuple.  Souvenez-vous, il n\u2019y a pas si longtemps, l\u2019Europe, l\u2019espace Schengen, la zone euros ! On bousculait les fronti\u00e8res, on abolissait les Patries et les Nations, on marchait vers une Europe supranationale, gage de paix et de prosp\u00e9rit\u00e9. C\u2019est avec ces arguments que l\u2019on a tromp\u00e9 la jeunesse d\u2019alors qui vota majoritairement pour l\u2019adoption du trait\u00e9 de Maastricht.   Aujourd\u2019hui la majorit\u00e9 des pays de la zone euros sont accabl\u00e9s par la dette, par le ch\u00f4mage de masse et la g\u00e9n\u00e9ralisation de la pr\u00e9carit\u00e9 de l\u2019emploi. La guerre est \u00e0 nos portes, et l\u2019Europe est un vecteur puissant de l\u2019embrasement de nombreux conflits dans le monde, les flux migratoires mettent en p\u00e9ril la coh\u00e9sion sociale, et le danger terroriste grandit.  Alors, les voil\u00e0 qui \u00ab changent leur fusil d\u2019\u00e9paule \u00bb, en reviennent aux vieilles recettes \u00e9cul\u00e9es de grand papa,pour la d\u00e9fense, ou la pr\u00e9tendue grandeur, desquelles furent vers\u00e9es tant de larmes et de sang. \u00ab\u00a0La patrie, c&rsquo;est le fil invisible qui nous relie tous\u00a0\u00bb, \u00ab\u00a0elle est au c\u0153ur de mon engagement\u00a0\u00bb, a poursuivi le pr\u00e9sident de la R\u00e9publique. Tient donc ! La R\u00e9publique, La la\u00efcit\u00e9, puis crescendo : La \u00ab Nation \u00bb, \u00ab la Patrie \u00bb, le drapeau tricolore, la Marseillaise, \u00ab la d\u00e9ch\u00e9ance de nationalit\u00e9 \u00bb,  Et tant pis si reprenant \u00e0 leur compte ces antiennes qui sont du pain b\u00e9ni pour le Front National, ils contribuent sans \u00e9tats d\u2019\u00e2me \u00e0 d\u00e9rouler le tapis rouge sous les pas de Marine Le Pen.  DES V\u0152UX ?   \u00ab On-en-a pas fini avec le terrorisme. \u00bb Fran\u00e7ois Hollande creuse un peu plus le lit de la guerre et promet les souffrances in\u00e9vitables qui l\u2019accompagnent. Il promet une R\u00e9publique autoritaire, des emplois fictifs pour masquer le ch\u00f4mage end\u00e9mique, la poursuite de la politique \u00e9conomique antisociale et du d\u00e9 tricotage de tous les droits sociaux. Sans vergogne il creuse le lit du Front National. NON CE NE SONT PAS DES V\u0152UX, CE SONT DES \u0152UFS POURRIS qu\u2019il offre aux Fran\u00e7ais.  Patrick Seignon. \u00ab lavoiedessansvoix.fr \u00bb. Dimanche 3 janvier 2016.<\/p>\n","protected":false},"excerpt":{"rendered":"<p>LES \u0152UFS POURRIS DU PR\u00c9SIDENT Depuis le salon Napol\u00e9on III de l\u2019\u00c9lys\u00e9e, qu\u2019il affectionne apparemment, Fran\u00e7ois Hollande a pr\u00e9sent\u00e9 ses [&hellip;]<\/p>\n","protected":false},"author":1,"featured_media":4691,"comment_status":"open","ping_status":"open","sticky":false,"template":"","format":"standard","meta":{"sfsi_plus_gutenberg_text_before_share":"","sfsi_plus_gutenberg_show_text_before_share":"","sfsi_plus_gutenberg_icon_type":"","sfsi_plus_gutenberg_icon_alignemt":"","sfsi_plus_gutenburg_max_per_row":"","site-sidebar-layout":"default","site-content-layout":"","ast-site-content-layout":"default","site-content-style":"default","site-sidebar-style":"default","ast-global-header-display":"","ast-banner-title-visibility":"","ast-main-header-display":"","ast-hfb-above-header-display":"","ast-hfb-below-header-display":"","ast-hfb-mobile-header-display":"","site-post-title":"","ast-breadcrumbs-content":"","ast-featured-img":"","footer-sml-layout":"","ast-disable-related-posts":"","theme-transparent-header-meta":"","adv-header-id-meta":"","stick-header-meta":"","header-above-stick-meta":"","header-main-stick-meta":"","header-below-stick-meta":"","astra-migrate-meta-layouts":"default","ast-page-background-enabled":"default","ast-page-background-meta":{"desktop":{"background-color":"var(--ast-global-color-4)","background-image":"","background-repeat":"repeat","background-position":"center center","background-size":"auto","background-attachment":"scroll","background-type":"","background-media":"","overlay-type":"","overlay-color":"","overlay-opacity":"","overlay-gradient":""},"tablet":{"background-color":"","background-image":"","background-repeat":"repeat","background-position":"center center","background-size":"auto","background-attachment":"scroll","background-type":"","background-media":"","overlay-type":"","overlay-color":"","overlay-opacity":"","overlay-gradient":""},"mobile":{"background-color":"","background-image":"","background-repeat":"repeat","background-position":"center center","background-size":"auto","background-attachment":"scroll","background-type":"","background-media":"","overlay-type":"","overlay-color":"","overlay-opacity":"","overlay-gradient":""}},"ast-content-background-meta":{"desktop":{"background-color":"var(--ast-global-color-5)","background-image":"","background-repeat":"repeat","background-position":"center center","background-size":"auto","background-attachment":"scroll","background-type":"","background-media":"","overlay-type":"","overlay-color":"","overlay-opacity":"","overlay-gradient":""},"tablet":{"background-color":"var(--ast-global-color-5)","background-image":"","background-repeat":"repeat","background-position":"center center","background-size":"auto","background-attachment":"scroll","background-type":"","background-media":"","overlay-type":"","overlay-color":"","overlay-opacity":"","overlay-gradient":""},"mobile":{"background-color":"var(--ast-global-color-5)","background-image":"","background-repeat":"repeat","background-position":"center center","background-size":"auto","background-attachment":"scroll","background-type":"","background-media":"","overlay-type":"","overlay-color":"","overlay-opacity":"","overlay-gradient":""}},"footnotes":""},"categories":[16],"tags":[],"class_list":["post-1035","post","type-post","status-publish","format-standard","has-post-thumbnail","hentry","category-archives-cms"],"_links":{"self":[{"href":"https:\/\/lavoiedessansvoix.fr\/lavoie\/wp-json\/wp\/v2\/posts\/1035","targetHints":{"allow":["GET"]}}],"collection":[{"href":"https:\/\/lavoiedessansvoix.fr\/lavoie\/wp-json\/wp\/v2\/posts"}],"about":[{"href":"https:\/\/lavoiedessansvoix.fr\/lavoie\/wp-json\/wp\/v2\/types\/post"}],"author":[{"embeddable":true,"href":"https:\/\/lavoiedessansvoix.fr\/lavoie\/wp-json\/wp\/v2\/users\/1"}],"replies":[{"embeddable":true,"href":"https:\/\/lavoiedessansvoix.fr\/lavoie\/wp-json\/wp\/v2\/comments?post=1035"}],"version-history":[{"count":1,"href":"https:\/\/lavoiedessansvoix.fr\/lavoie\/wp-json\/wp\/v2\/posts\/1035\/revisions"}],"predecessor-version":[{"id":4692,"href":"https:\/\/lavoiedessansvoix.fr\/lavoie\/wp-json\/wp\/v2\/posts\/1035\/revisions\/4692"}],"wp:featuredmedia":[{"embeddable":true,"href":"https:\/\/lavoiedessansvoix.fr\/lavoie\/wp-json\/wp\/v2\/media\/4691"}],"wp:attachment":[{"href":"https:\/\/lavoiedessansvoix.fr\/lavoie\/wp-json\/wp\/v2\/media?parent=1035"}],"wp:term":[{"taxonomy":"category","embeddable":true,"href":"https:\/\/lavoiedessansvoix.fr\/lavoie\/wp-json\/wp\/v2\/categories?post=1035"},{"taxonomy":"post_tag","embeddable":true,"href":"https:\/\/lavoiedessansvoix.fr\/lavoie\/wp-json\/wp\/v2\/tags?post=1035"}],"curies":[{"name":"wp","href":"https:\/\/api.w.org\/{rel}","templated":true}]}}