{"id":1033,"date":"2016-01-10T05:13:00","date_gmt":"2016-01-10T04:13:00","guid":{"rendered":"https:\/\/lavoiedessansvoix.fr\/lavoie\/2016\/01\/10\/archive-hollande-en-pelerinage-a-jarnac\/"},"modified":"2026-04-26T22:02:44","modified_gmt":"2026-04-26T20:02:44","slug":"archive-hollande-en-pelerinage-a-jarnac","status":"publish","type":"post","link":"https:\/\/lavoiedessansvoix.fr\/lavoie\/2016\/01\/10\/archive-hollande-en-pelerinage-a-jarnac\/","title":{"rendered":"HOLLANDE EN P\u00c8LERINAGE A JARNAC"},"content":{"rendered":"<p>HOLLANDE EN P\u00c8LERINAGE A JARNAC   La symbolique est un moyen de communication favori de tous les pouvoirs. Fran\u00e7ois Mitterrand, on se souvient de sa c\u00e9r\u00e9monie d\u2019investiture le 21 mai 1981, la rose d\u00e9pos\u00e9e au panth\u00e9on sur les tombes de Jean Jaur\u00e8s et Jean Moulin, son hommage \u00e0 L\u00e9on Blum, \u00e9tait un maitre du genre. Quand on veut ou pr\u00e9tends marcher dans les pas de ce maitre en \u00ab illusions \u00bb il convient donc de sacrifier \u00e0 la symbolique. C\u2019est l\u2019exercice auquel s\u2019est \u00ab gauchement \u00bb pr\u00eat\u00e9 Fran\u00e7ois Hollande. Il voulait marquer sa filiation \u00e0 son Mentor, c\u2019est parfaitement r\u00e9ussi, mais pas exactement de la mani\u00e8re ni dans l\u2019esprit qu\u2019il imaginait.   Fran\u00e7ois Mitterrand qui \u00e9tait n\u00e9 et voulu \u00ab reposer \u00bb \u00e0 Jarnac, avait usurp\u00e9 la confiance populaire. Au nom du Parti socialiste (PS), avatar de la SFIO moribonde, refond\u00e9 \u00e0 Epinay en 1971, et dont il \u00e9tait devenu le premier secr\u00e9taire, il signa en 1972, avec le Parti communiste fran\u00e7ais et le mouvement des radicaux de gauche (MRG) \u00ab  un programme commun de gouvernement \u00bb. Ainsi v\u00eatu depuis des oripeaux du mouvement socialiste et de l\u2019histoire sociale et ouvri\u00e8re de la France, le politicien de droite v\u00e9reux de la 4\u00e8me R\u00e9publique, put se faire passer pour un homme de gauche et s\u2019ouvrir la plus haute carri\u00e8re dans la 5\u00e8me R\u00e9publique. En guise \u00ab d\u2019avenir socialiste de la France \u00bb que promettait \u00ab le programme commun \u00bb, ainsi qu\u2019il \u00e9tait commun\u00e9ment d\u00e9sign\u00e9,  il d\u00e9sarma moralement et politiquement la gauche et la classe ouvri\u00e8re fran\u00e7aise, transforma l\u2019une en suppl\u00e9tif du pouvoir du capital au nom de \u00ab la culture de gouvernement \u00bb (celle qu\u2019au comptoir du bistro du coin on nomme \u00ab \u00e0 nous la bonne soupe \u00bb), et refoula l\u2019autre, un si\u00e8cle et demi en arri\u00e8re, en une masse informe sans conscience politique propre.  La symbolique de Fran\u00e7ois Mitterrand fonctionnait comme un miroir sans tain derri\u00e8re lequel le maitre excellait surtout en tromperie et illusionnisme. N\u2019\u00e9tait-ce pas de sa part un ultime clin d\u2019\u0153il \u00e0 l\u2019histoire accompagn\u00e9 d\u2019un rire sarcastique adress\u00e9 \u00e0 la post\u00e9rit\u00e9, que son v\u0153u  d\u2019\u00eatre enterr\u00e9 \u00e0 \u00ab j\u2019arnaque \u00bb ?  En se rendant en p\u00e8lerinage sur la tombe de son illustre pr\u00e9d\u00e9cesseur pour en recueillir ce qui reste d\u2019h\u00e9ritage politique bienfaisant, n\u2019est-ce pas en v\u00e9rit\u00e9 \u00e0 cette tradition \u00ab d\u2019arnaqueur \u00bb que Fran\u00e7ois Hollande sera parvenu \u00e0 confirmer sa filiation ?  Patrick Seignon. \u00ab lavoiedessansvoix.fr. Dimanche 10 janvier 2016.<\/p>\n","protected":false},"excerpt":{"rendered":"<p>HOLLANDE EN P\u00c8LERINAGE A JARNAC La symbolique est un moyen de communication favori de tous les pouvoirs. Fran\u00e7ois Mitterrand, on [&hellip;]<\/p>\n","protected":false},"author":1,"featured_media":4687,"comment_status":"open","ping_status":"open","sticky":false,"template":"","format":"standard","meta":{"sfsi_plus_gutenberg_text_before_share":"","sfsi_plus_gutenberg_show_text_before_share":"","sfsi_plus_gutenberg_icon_type":"","sfsi_plus_gutenberg_icon_alignemt":"","sfsi_plus_gutenburg_max_per_row":"","site-sidebar-layout":"default","site-content-layout":"","ast-site-content-layout":"default","site-content-style":"default","site-sidebar-style":"default","ast-global-header-display":"","ast-banner-title-visibility":"","ast-main-header-display":"","ast-hfb-above-header-display":"","ast-hfb-below-header-display":"","ast-hfb-mobile-header-display":"","site-post-title":"","ast-breadcrumbs-content":"","ast-featured-img":"","footer-sml-layout":"","ast-disable-related-posts":"","theme-transparent-header-meta":"","adv-header-id-meta":"","stick-header-meta":"","header-above-stick-meta":"","header-main-stick-meta":"","header-below-stick-meta":"","astra-migrate-meta-layouts":"default","ast-page-background-enabled":"default","ast-page-background-meta":{"desktop":{"background-color":"var(--ast-global-color-4)","background-image":"","background-repeat":"repeat","background-position":"center center","background-size":"auto","background-attachment":"scroll","background-type":"","background-media":"","overlay-type":"","overlay-color":"","overlay-opacity":"","overlay-gradient":""},"tablet":{"background-color":"","background-image":"","background-repeat":"repeat","background-position":"center center","background-size":"auto","background-attachment":"scroll","background-type":"","background-media":"","overlay-type":"","overlay-color":"","overlay-opacity":"","overlay-gradient":""},"mobile":{"background-color":"","background-image":"","background-repeat":"repeat","background-position":"center center","background-size":"auto","background-attachment":"scroll","background-type":"","background-media":"","overlay-type":"","overlay-color":"","overlay-opacity":"","overlay-gradient":""}},"ast-content-background-meta":{"desktop":{"background-color":"var(--ast-global-color-5)","background-image":"","background-repeat":"repeat","background-position":"center center","background-size":"auto","background-attachment":"scroll","background-type":"","background-media":"","overlay-type":"","overlay-color":"","overlay-opacity":"","overlay-gradient":""},"tablet":{"background-color":"var(--ast-global-color-5)","background-image":"","background-repeat":"repeat","background-position":"center center","background-size":"auto","background-attachment":"scroll","background-type":"","background-media":"","overlay-type":"","overlay-color":"","overlay-opacity":"","overlay-gradient":""},"mobile":{"background-color":"var(--ast-global-color-5)","background-image":"","background-repeat":"repeat","background-position":"center center","background-size":"auto","background-attachment":"scroll","background-type":"","background-media":"","overlay-type":"","overlay-color":"","overlay-opacity":"","overlay-gradient":""}},"footnotes":""},"categories":[16],"tags":[],"class_list":["post-1033","post","type-post","status-publish","format-standard","has-post-thumbnail","hentry","category-archives-cms"],"_links":{"self":[{"href":"https:\/\/lavoiedessansvoix.fr\/lavoie\/wp-json\/wp\/v2\/posts\/1033","targetHints":{"allow":["GET"]}}],"collection":[{"href":"https:\/\/lavoiedessansvoix.fr\/lavoie\/wp-json\/wp\/v2\/posts"}],"about":[{"href":"https:\/\/lavoiedessansvoix.fr\/lavoie\/wp-json\/wp\/v2\/types\/post"}],"author":[{"embeddable":true,"href":"https:\/\/lavoiedessansvoix.fr\/lavoie\/wp-json\/wp\/v2\/users\/1"}],"replies":[{"embeddable":true,"href":"https:\/\/lavoiedessansvoix.fr\/lavoie\/wp-json\/wp\/v2\/comments?post=1033"}],"version-history":[{"count":1,"href":"https:\/\/lavoiedessansvoix.fr\/lavoie\/wp-json\/wp\/v2\/posts\/1033\/revisions"}],"predecessor-version":[{"id":4688,"href":"https:\/\/lavoiedessansvoix.fr\/lavoie\/wp-json\/wp\/v2\/posts\/1033\/revisions\/4688"}],"wp:featuredmedia":[{"embeddable":true,"href":"https:\/\/lavoiedessansvoix.fr\/lavoie\/wp-json\/wp\/v2\/media\/4687"}],"wp:attachment":[{"href":"https:\/\/lavoiedessansvoix.fr\/lavoie\/wp-json\/wp\/v2\/media?parent=1033"}],"wp:term":[{"taxonomy":"category","embeddable":true,"href":"https:\/\/lavoiedessansvoix.fr\/lavoie\/wp-json\/wp\/v2\/categories?post=1033"},{"taxonomy":"post_tag","embeddable":true,"href":"https:\/\/lavoiedessansvoix.fr\/lavoie\/wp-json\/wp\/v2\/tags?post=1033"}],"curies":[{"name":"wp","href":"https:\/\/api.w.org\/{rel}","templated":true}]}}