{"id":1031,"date":"2016-01-14T16:38:00","date_gmt":"2016-01-14T15:38:00","guid":{"rendered":"https:\/\/lavoiedessansvoix.fr\/lavoie\/2016\/01\/14\/archive-syrie-l-eloquence-des-paroles-et-des-actes\/"},"modified":"2026-04-26T22:02:25","modified_gmt":"2026-04-26T20:02:25","slug":"archive-syrie-l-eloquence-des-paroles-et-des-actes","status":"publish","type":"post","link":"https:\/\/lavoiedessansvoix.fr\/lavoie\/2016\/01\/14\/archive-syrie-l-eloquence-des-paroles-et-des-actes\/","title":{"rendered":"SYRIE : L\u2019\u00c9LOQUENCE DES PAROLES ET DES ACTES"},"content":{"rendered":"<p>SYRIE : L\u2019\u00c9LOQUENCE DES PAROLES ET DES ACTES   \u00a0\u00bb Lors d&rsquo;une r\u00e9union officielle tenue le 12 janvier, le pr\u00e9sident turc Recep Tayyip Erdogan a d\u00e9clar\u00e9 que la Russie d\u00e9ployait des efforts pour cr\u00e9er sa propre zone (un quasi-\u00c9tat?) englobant la province syrienne de Lattaqui\u00e9 et les r\u00e9gions limitrophes. \u00bb (Sources Sputniknews) Monsieur Erdogan trahit de la sorte sa vision des choses et ses intentions cach\u00e9es : la partition, le d\u00e9pe\u00e7age de la Syrie, et il tente de justifier ses propres app\u00e9tits en accusant la Russie d\u2019en avoir de semblables.   La diplomatie russe proteste : \u00ab Cette assertion semble absurde pour quiconque suit attentivement la position invariable de Moscou concernant l&rsquo;unit\u00e9 et l&rsquo;int\u00e9grit\u00e9 territoriale de la Syrie \u00bb. \u00c7a s\u2019\u00e9tait pour la r\u00e9ponse \u00e9crite.  Mais il y a eu depuis une autre r\u00e9ponse, factuelle celle-l\u00e0 et symbolique \u00e0 la foi. Et quel symbole mon colon ! \u00ab Des MiG-29 syriens ont pour la premi\u00e8re fois assur\u00e9 (aujourd\u2019hui) la protection d&rsquo;avions russes d&rsquo;attaque au sol lors d&rsquo;une sortie de combat. \u00bb.(source Sputniknews) N\u2019est-ce pas dire de fa\u00e7on tout \u00e0 fait claire et incontestable que Moscou n\u2019a d\u2019autre ambition que de rendre \u00e0 l\u2019arm\u00e9e l\u00e9gale syrienne la maitrise du ciel syrien condition indispensable et pr\u00e9alable au r\u00e9tablissement de l\u2019int\u00e9grit\u00e9 territoriale et de l\u2019unit\u00e9 de la nation syrienne.  Alors, bravo Messieurs pour votre \u00e9loquence.  Patrick Seignon. \u00ab lavoiedessansvoix.fr \u00bb. Jeudi 14 janvier 2016.<\/p>\n","protected":false},"excerpt":{"rendered":"<p>SYRIE : L\u2019\u00c9LOQUENCE DES PAROLES ET DES ACTES \u00a0\u00bb Lors d&rsquo;une r\u00e9union officielle tenue le 12 janvier, le pr\u00e9sident turc [&hellip;]<\/p>\n","protected":false},"author":1,"featured_media":4683,"comment_status":"open","ping_status":"open","sticky":false,"template":"","format":"standard","meta":{"sfsi_plus_gutenberg_text_before_share":"","sfsi_plus_gutenberg_show_text_before_share":"","sfsi_plus_gutenberg_icon_type":"","sfsi_plus_gutenberg_icon_alignemt":"","sfsi_plus_gutenburg_max_per_row":"","site-sidebar-layout":"default","site-content-layout":"","ast-site-content-layout":"default","site-content-style":"default","site-sidebar-style":"default","ast-global-header-display":"","ast-banner-title-visibility":"","ast-main-header-display":"","ast-hfb-above-header-display":"","ast-hfb-below-header-display":"","ast-hfb-mobile-header-display":"","site-post-title":"","ast-breadcrumbs-content":"","ast-featured-img":"","footer-sml-layout":"","ast-disable-related-posts":"","theme-transparent-header-meta":"","adv-header-id-meta":"","stick-header-meta":"","header-above-stick-meta":"","header-main-stick-meta":"","header-below-stick-meta":"","astra-migrate-meta-layouts":"default","ast-page-background-enabled":"default","ast-page-background-meta":{"desktop":{"background-color":"var(--ast-global-color-4)","background-image":"","background-repeat":"repeat","background-position":"center center","background-size":"auto","background-attachment":"scroll","background-type":"","background-media":"","overlay-type":"","overlay-color":"","overlay-opacity":"","overlay-gradient":""},"tablet":{"background-color":"","background-image":"","background-repeat":"repeat","background-position":"center center","background-size":"auto","background-attachment":"scroll","background-type":"","background-media":"","overlay-type":"","overlay-color":"","overlay-opacity":"","overlay-gradient":""},"mobile":{"background-color":"","background-image":"","background-repeat":"repeat","background-position":"center center","background-size":"auto","background-attachment":"scroll","background-type":"","background-media":"","overlay-type":"","overlay-color":"","overlay-opacity":"","overlay-gradient":""}},"ast-content-background-meta":{"desktop":{"background-color":"var(--ast-global-color-5)","background-image":"","background-repeat":"repeat","background-position":"center center","background-size":"auto","background-attachment":"scroll","background-type":"","background-media":"","overlay-type":"","overlay-color":"","overlay-opacity":"","overlay-gradient":""},"tablet":{"background-color":"var(--ast-global-color-5)","background-image":"","background-repeat":"repeat","background-position":"center center","background-size":"auto","background-attachment":"scroll","background-type":"","background-media":"","overlay-type":"","overlay-color":"","overlay-opacity":"","overlay-gradient":""},"mobile":{"background-color":"var(--ast-global-color-5)","background-image":"","background-repeat":"repeat","background-position":"center center","background-size":"auto","background-attachment":"scroll","background-type":"","background-media":"","overlay-type":"","overlay-color":"","overlay-opacity":"","overlay-gradient":""}},"footnotes":""},"categories":[16],"tags":[],"class_list":["post-1031","post","type-post","status-publish","format-standard","has-post-thumbnail","hentry","category-archives-cms"],"_links":{"self":[{"href":"https:\/\/lavoiedessansvoix.fr\/lavoie\/wp-json\/wp\/v2\/posts\/1031","targetHints":{"allow":["GET"]}}],"collection":[{"href":"https:\/\/lavoiedessansvoix.fr\/lavoie\/wp-json\/wp\/v2\/posts"}],"about":[{"href":"https:\/\/lavoiedessansvoix.fr\/lavoie\/wp-json\/wp\/v2\/types\/post"}],"author":[{"embeddable":true,"href":"https:\/\/lavoiedessansvoix.fr\/lavoie\/wp-json\/wp\/v2\/users\/1"}],"replies":[{"embeddable":true,"href":"https:\/\/lavoiedessansvoix.fr\/lavoie\/wp-json\/wp\/v2\/comments?post=1031"}],"version-history":[{"count":1,"href":"https:\/\/lavoiedessansvoix.fr\/lavoie\/wp-json\/wp\/v2\/posts\/1031\/revisions"}],"predecessor-version":[{"id":4684,"href":"https:\/\/lavoiedessansvoix.fr\/lavoie\/wp-json\/wp\/v2\/posts\/1031\/revisions\/4684"}],"wp:featuredmedia":[{"embeddable":true,"href":"https:\/\/lavoiedessansvoix.fr\/lavoie\/wp-json\/wp\/v2\/media\/4683"}],"wp:attachment":[{"href":"https:\/\/lavoiedessansvoix.fr\/lavoie\/wp-json\/wp\/v2\/media?parent=1031"}],"wp:term":[{"taxonomy":"category","embeddable":true,"href":"https:\/\/lavoiedessansvoix.fr\/lavoie\/wp-json\/wp\/v2\/categories?post=1031"},{"taxonomy":"post_tag","embeddable":true,"href":"https:\/\/lavoiedessansvoix.fr\/lavoie\/wp-json\/wp\/v2\/tags?post=1031"}],"curies":[{"name":"wp","href":"https:\/\/api.w.org\/{rel}","templated":true}]}}