{"id":1029,"date":"2016-01-22T10:33:00","date_gmt":"2016-01-22T09:33:00","guid":{"rendered":"https:\/\/lavoiedessansvoix.fr\/lavoie\/2016\/01\/22\/archive-les-coups-foireux-de-francois-hollande\/"},"modified":"2026-04-26T22:02:08","modified_gmt":"2026-04-26T20:02:08","slug":"archive-les-coups-foireux-de-francois-hollande","status":"publish","type":"post","link":"https:\/\/lavoiedessansvoix.fr\/lavoie\/2016\/01\/22\/archive-les-coups-foireux-de-francois-hollande\/","title":{"rendered":"LES COUPS FOIREUX DE FRAN\u00c7OIS HOLLANDE"},"content":{"rendered":"<p>LES COUPS FOIREUX DE FRAN\u00c7OIS HOLLANDE   Fran\u00e7ois Hollande doit tenir les r\u00eanes de l\u2019Etat encore quinze mois. Or il est \u00e0 bout de souffle. Il ne sait plus quoi inventer pour exister politiquement, pour maintenir l\u2019autorit\u00e9 de la fonction pr\u00e9sidentielle. Tous les coups qu\u2019il tente tournent en eau de boudin.  *  \u00ab Le coup de Jarnac \u00bb. Afin de se ressourcer il nous a r\u00e9cemment fait un petit p\u00e8lerinage sur la tombe de son illustre pr\u00e9d\u00e9cesseur, \u00ab le premier Pr\u00e9sident socialiste de la cinqui\u00e8me R\u00e9publique \u00bb, qu\u2019ils disent, (Appartenir \u00e0 un parti qui n\u2019a de socialiste que le nom ne saurait faire un socialiste de qui que ce soit.) Et les journalistes serviles de commenter : \u00ab Fran\u00e7ois Mitterrand aussi \u00e9tait au plus bas dans l\u2019opinion pourtant il fut largement r\u00e9\u00e9lu en 1988 \u00bb, du pr\u00e9 m\u00e2ch\u00e9, exactement ce que l\u2019on attendait d\u2019eux. Or, le \u00ab coup de Jarnac \u00bb de Fran\u00e7ois hollande s\u2019est r\u00e9v\u00e9l\u00e9 \u00eatre une \u00ab botte foireuse \u00bb. Certes Fran\u00e7ois Mitterrand reste une figure tut\u00e9laire pour le PS \u00ab parti de gouvernement \u00bb. Mais il est entr\u00e9 dans l\u2019histoire. Sa figure de pr\u00e9tendu socialiste et homme de gauche a fait long feu. Plus personne n\u2019y croit, except\u00e9 un dernier carr\u00e9 de militants socialistes \u00e9nucl\u00e9\u00e9s.  Il n\u2019y a plus aucun int\u00e9r\u00eat \u00e0 s\u2019identifier \u00e0 ce Mentor et pas le moindre b\u00e9n\u00e9fice \u00e0 en attendre, pour qui veut ravauder son image \u00ab d\u2019homme de gauche \u00bb. C\u2019est m\u00eame l\u2019inverse qui est vrai. La r\u00e9f\u00e9rence \u00e0 Fran\u00e7ois Mitterrand est \u00ab contreproductive \u00bb. Elle dessert celui qui l\u2019invoque en l\u2019entachant de l\u2019image d\u2019arnaqueur. Car telle est la vraie m\u00e9moire qu\u2019a laiss\u00e9 \u00ab le maitre \u00bb \u00e0 la post\u00e9rit\u00e9.  Le p\u00e8re danger ?  Attentats du 13 novembre \u00e0 Paris, 130 morts. Dans la foul\u00e9e, des sondeurs menteurs et manipulateurs veulent nous faire croire que la cote de popularit\u00e9 du pr\u00e9sident a \u00ab bondit \u00bb, plus de 25 points, passant au-dessus de la barre des 50 %. Nous ne sommes pas dupes, nous avions \u00e9crit : \u00a0\u00bb C\u2019est bien s\u00fbr impossible, c\u2019est de l\u2019enfumage d\u2019opinion, et il faut \u00eatre pay\u00e9 cher pour donner foi \u00e0 de pareilles sornettes. \u00bb (\u00c7A SUE LE MENSONGE ET LA MANIPULATION. Mercredi 2 d\u00e9cembre2015). Et l\u2019explication de ce paradoxe serait selon les commentateurs que Fran\u00e7ois hollande, tellement d\u00e9cri\u00e9 par ailleurs excellerait dans le r\u00f4le de \u00ab protecteur \u00bb de \u00ab p\u00e8re de la nation \u00bb. L\u2019ann\u00e9e tourn\u00e9e \u00e0 peine et la c\u00f4te de popularit\u00e9 de Fran\u00e7ois Hollande rechute. Bien entendu ! Il faut bien un jour ou l\u2019autre retourner \u00e0 la r\u00e9alit\u00e9, puisque les chiffres pr\u00e9c\u00e9dents n\u2019\u00e9taient qu\u2019illusion et mensonge. Mais surtout, un sondage voulu par le journal \u00ab Le Point \u00bb Nous apprend que les Fran\u00e7ais ont d\u2019avantage peur du maintien au pouvoir de Fran\u00e7ois hollande 44 % des votants que de des menaces de\u00ab Daesch \u00bb 37 %. Ce qui prouve que les Fran\u00e7ais ne sont pas dupes non plus, ils ont bien identifi\u00e9 l\u2019origine du vrai danger. Ils ont compris que la mont\u00e9e du risque terroriste \u00e9tait en lien de causalit\u00e9 \u00e9troite avec la d\u00e9sastreuse politique internationale de Fran\u00e7ois Hollande, que c\u2019\u00e9tait lui \u00a0\u00bb le p\u00e8re danger de la France \u00a0\u00bb , pire danger comme nous l\u2019avions \u00e9crit aussi dans un pr\u00e9c\u00e9dent article. Les fran\u00e7ais aspirent \u00e0 s\u2019\u00e9manciper de ce p\u00e8re indigne.  Menteur, arnaqueur, traitre et tricheur. L\u2019homme qui a trahit toutes ses promesses jusqu\u2019\u00e0 vendre son \u00e2me \u00e0 \u00ab l\u2019ennemie \u00bb qu\u2019il s\u2019\u00e9tait lui-m\u00eame d\u00e9sign\u00e9, peut-il vraiment en tenir une seule ? Fran\u00e7ois Hollande s\u2019accroche obstin\u00e9ment \u00e0 l\u2019id\u00e9e d\u2019une \u00ab inversion de la courbe du ch\u00f4mage \u00bb avant la fin de son mandat. Mais les \u00ab rem\u00e8des \u00bb qu\u2019il nous concocte \u00e0 cette fin sont tant calamiteux qu\u2019avant m\u00eame qu\u2019ils ne soient administr\u00e9 tout le monde a d\u00e9j\u00e0 compris qu\u2019il ne s\u2019agissait que de poudre de perlimpinpin \u00e0 moins que ce ne soit de \u00ab la poudre aux yeux \u00bb. Qu\u2019il ne s\u2019agit que d\u2019une volont\u00e9 d\u00e9lib\u00e9r\u00e9e de d\u00e9gonfler artificiellement, ou pour utiliser des mots plus durs parce que plus justes, maquiller les chiffres du ch\u00f4mage.  Hollande triche, il triche ouvertement sans retenu et sans pudeur.  Patrick Seignon. \u00ab lavoiedessansvoix.fr \u00bb. Vendredi 22 janvier 2016.<\/p>\n","protected":false},"excerpt":{"rendered":"<p>LES COUPS FOIREUX DE FRAN\u00c7OIS HOLLANDE Fran\u00e7ois Hollande doit tenir les r\u00eanes de l\u2019Etat encore quinze mois. Or il est [&hellip;]<\/p>\n","protected":false},"author":1,"featured_media":4679,"comment_status":"open","ping_status":"open","sticky":false,"template":"","format":"standard","meta":{"sfsi_plus_gutenberg_text_before_share":"","sfsi_plus_gutenberg_show_text_before_share":"","sfsi_plus_gutenberg_icon_type":"","sfsi_plus_gutenberg_icon_alignemt":"","sfsi_plus_gutenburg_max_per_row":"","site-sidebar-layout":"default","site-content-layout":"","ast-site-content-layout":"default","site-content-style":"default","site-sidebar-style":"default","ast-global-header-display":"","ast-banner-title-visibility":"","ast-main-header-display":"","ast-hfb-above-header-display":"","ast-hfb-below-header-display":"","ast-hfb-mobile-header-display":"","site-post-title":"","ast-breadcrumbs-content":"","ast-featured-img":"","footer-sml-layout":"","ast-disable-related-posts":"","theme-transparent-header-meta":"","adv-header-id-meta":"","stick-header-meta":"","header-above-stick-meta":"","header-main-stick-meta":"","header-below-stick-meta":"","astra-migrate-meta-layouts":"default","ast-page-background-enabled":"default","ast-page-background-meta":{"desktop":{"background-color":"var(--ast-global-color-4)","background-image":"","background-repeat":"repeat","background-position":"center center","background-size":"auto","background-attachment":"scroll","background-type":"","background-media":"","overlay-type":"","overlay-color":"","overlay-opacity":"","overlay-gradient":""},"tablet":{"background-color":"","background-image":"","background-repeat":"repeat","background-position":"center center","background-size":"auto","background-attachment":"scroll","background-type":"","background-media":"","overlay-type":"","overlay-color":"","overlay-opacity":"","overlay-gradient":""},"mobile":{"background-color":"","background-image":"","background-repeat":"repeat","background-position":"center center","background-size":"auto","background-attachment":"scroll","background-type":"","background-media":"","overlay-type":"","overlay-color":"","overlay-opacity":"","overlay-gradient":""}},"ast-content-background-meta":{"desktop":{"background-color":"var(--ast-global-color-5)","background-image":"","background-repeat":"repeat","background-position":"center center","background-size":"auto","background-attachment":"scroll","background-type":"","background-media":"","overlay-type":"","overlay-color":"","overlay-opacity":"","overlay-gradient":""},"tablet":{"background-color":"var(--ast-global-color-5)","background-image":"","background-repeat":"repeat","background-position":"center center","background-size":"auto","background-attachment":"scroll","background-type":"","background-media":"","overlay-type":"","overlay-color":"","overlay-opacity":"","overlay-gradient":""},"mobile":{"background-color":"var(--ast-global-color-5)","background-image":"","background-repeat":"repeat","background-position":"center center","background-size":"auto","background-attachment":"scroll","background-type":"","background-media":"","overlay-type":"","overlay-color":"","overlay-opacity":"","overlay-gradient":""}},"footnotes":""},"categories":[16],"tags":[],"class_list":["post-1029","post","type-post","status-publish","format-standard","has-post-thumbnail","hentry","category-archives-cms"],"_links":{"self":[{"href":"https:\/\/lavoiedessansvoix.fr\/lavoie\/wp-json\/wp\/v2\/posts\/1029","targetHints":{"allow":["GET"]}}],"collection":[{"href":"https:\/\/lavoiedessansvoix.fr\/lavoie\/wp-json\/wp\/v2\/posts"}],"about":[{"href":"https:\/\/lavoiedessansvoix.fr\/lavoie\/wp-json\/wp\/v2\/types\/post"}],"author":[{"embeddable":true,"href":"https:\/\/lavoiedessansvoix.fr\/lavoie\/wp-json\/wp\/v2\/users\/1"}],"replies":[{"embeddable":true,"href":"https:\/\/lavoiedessansvoix.fr\/lavoie\/wp-json\/wp\/v2\/comments?post=1029"}],"version-history":[{"count":1,"href":"https:\/\/lavoiedessansvoix.fr\/lavoie\/wp-json\/wp\/v2\/posts\/1029\/revisions"}],"predecessor-version":[{"id":4680,"href":"https:\/\/lavoiedessansvoix.fr\/lavoie\/wp-json\/wp\/v2\/posts\/1029\/revisions\/4680"}],"wp:featuredmedia":[{"embeddable":true,"href":"https:\/\/lavoiedessansvoix.fr\/lavoie\/wp-json\/wp\/v2\/media\/4679"}],"wp:attachment":[{"href":"https:\/\/lavoiedessansvoix.fr\/lavoie\/wp-json\/wp\/v2\/media?parent=1029"}],"wp:term":[{"taxonomy":"category","embeddable":true,"href":"https:\/\/lavoiedessansvoix.fr\/lavoie\/wp-json\/wp\/v2\/categories?post=1029"},{"taxonomy":"post_tag","embeddable":true,"href":"https:\/\/lavoiedessansvoix.fr\/lavoie\/wp-json\/wp\/v2\/tags?post=1029"}],"curies":[{"name":"wp","href":"https:\/\/api.w.org\/{rel}","templated":true}]}}