{"id":1028,"date":"2016-01-23T08:27:00","date_gmt":"2016-01-23T07:27:00","guid":{"rendered":"https:\/\/lavoiedessansvoix.fr\/lavoie\/2016\/01\/23\/archive-sarkozy-la-france-c-est-finie\/"},"modified":"2026-04-26T22:01:59","modified_gmt":"2026-04-26T20:01:59","slug":"archive-sarkozy-la-france-c-est-finie","status":"publish","type":"post","link":"https:\/\/lavoiedessansvoix.fr\/lavoie\/2016\/01\/23\/archive-sarkozy-la-france-c-est-finie\/","title":{"rendered":"SARKOZY : La France c\u2019est finie"},"content":{"rendered":"<p>SARKOZY : La France c\u2019est fini    C\u2019est un \u00e9v\u00e8nement consid\u00e9rable, Nicolas Sarkozy a \u00e9crit un livre !?  Un journaliste de t\u00e9l\u00e9, je n\u2019ai pas not\u00e9 lequel, nous a dit hier \u00ab qu\u2019il avait repris sa plume \u00bb !??  L\u2019expression, y avez-vous song\u00e9, est \u00e0 double sens. Sarkozy \u00e0 \u00ab rembaucher sa plume \u00bb ai-je pour ma part compris.  Esp\u00e9rons pour lui, ai-je song\u00e9 aussi, qu\u2019il n\u2019a pas repris \u00e0 son  service celle, ou plus exactement celui, qui le faisait parler \u00ab petit n\u00e8gre \u00bb comme on pense encore, m\u00eame si on ne le dit plus, dans la soci\u00e9t\u00e9 de la \u00ab Fran\u00e7afric \u00bb.  Son livre, vous nous pardonnerez de ne l\u2019avoir point lu, il vient juste de sortir. Vous nous pardonnerez aussi cette excuse \u00ab faux-cul \u00bb, c\u2019\u00e9tait juste une plaisanterie. Car bien entendu nous ne le lirons jamais. Il y a trop de livres passionnants ou indispensables pour perdre son temps \u00e0 lire le manifeste en trompe l\u2019\u0153il d\u2019un ostrogot qui voudrait, juste pour soigner son \u00e9go, redevenir Pr\u00e9sident.  Ce que nous savons de ce livre, nous le confessons sans honte, c\u2019est ce qu\u2019en ont dit les journalistes de t\u00e9l\u00e9vision.  Sarko \u00ab fait son mea-culpa \u00ab ! \u00ab Nicolas le Petit \u00bb \u00ab fait acte de contrition \u00bb : Avec sa saillie du salon de l\u2019agriculture de 2008, il a \u00ab rabaiss\u00e9 la fonction Pr\u00e9sidentielle \u00bb.   C\u2019est ce que nous avions \u00e9crit imm\u00e9diatement apr\u00e8s les faits, et encore en 2012 dans notre article \u00ab ALORS, CASS\u2019TOI PAUV\u2019\u2026 SARKO \u00bb 2 avril 2012) \u00ab  Par cette conduite inqualifiable, Nicolas Sarkozy a plus qu\u2019abaiss\u00e9 la fonction pr\u00e9sidentielle il l\u2019a souill\u00e9e, il a mis le rouge au front des Fran\u00e7ais et humili\u00e9e la France. \u00bb   Ni Sarkozy ni ses conseillers, ne visitent r\u00e9guli\u00e8rement \u00ab la voie des sans voix \u00bb. Ils ont tort, en voil\u00e0 la preuve : S\u2019ils le faisaient, l\u2019abominable aurait pu se livrer \u00e0 cet exercice d\u2019autocritique quelques ann\u00e9es plus t\u00f4t et cela en aurait paru plus sinc\u00e8re.  En reconnaissant, un peu tard sa faute, l\u2019ancien Pr\u00e9sident avoue son incapacit\u00e9 \u00e0 assurer de si hautes fonctions d\u00e9stabilisant ainsi, jusqu\u2019au dernier carr\u00e9 de ses fid\u00e8les qui ne voulait pas se rendre \u00e0 l\u2019\u00e9vidence que nous avions d\u00e9duite nous il y a fort longtemps : \u00ab De ce seul fait d\u00e9j\u00e0 il eut m\u00e9rit\u00e9 d\u2019\u00eatre imm\u00e9diatement d\u00e9missionn\u00e9. \u00bb     On nous dit que Sarko a \u00e9crit un livre pour \u00ab renouer le fil avec les fran\u00e7ais. \u00bb Nous l\u2019affirmons tout net et sans attendre \u00ab le bilan officiel \u00bb, c\u2019est compl\u00e8tement loup\u00e9.   Le livre de Nicolas Sarkozy a pour titre \u00ab La France pour la vie \u00bb. La France lui r\u00e9pond : \u00ab Sarko c\u2019est fini ! \u00bb.    Patrick Seignon. \u00ab lavoiedessansvoix.fr \u00bb Samedi 23 janvier 2018.AnnexesNous ajoutons en annexe, ce jour dimanche 24 janvier, deux articles paru dans la premi\u00e8re p\u00e9riode de \u00ab\u00a0La voie des sans voix\u00a0\u00bb (chez un pr\u00e9c\u00e9dent h\u00e9bergeur), que pour cette raison la plupart des membres et lecteurs actuels de notre site ne connaissent pas. Ils ont outre la valeur de leur analyse qui n&rsquo;a pas pris une ride, celle du t\u00e9moignage.  ALORS, CASS\u2019TOI PAUV\u2019\u2026 SARKOSARKOZY C\u2019EST LES DIX PLAIES D\u2019EGYPTE A LUI TOUT SEUL A pr\u00e9sent, pourtant, il voudrait se pr\u00e9senter en homme d\u2019exp\u00e9rience et en sauveur. Sous son mandat, la dette publique de la France 12OO milliards d\u2019Euros soit 64 % du PIB en 2007, c\u2019est accrue, de 5OO milliards pour atteindre 1700 milliards, soit 85 % du PIB fin 2011, le nombre officiel des ch\u00f4meurs, pass\u00e9 sous la barre des 2 millions en novembre 2007 a atteint les environs de 2 millions 900 mille fin 2011, soit presque 1 million de plus approximativement 1000 par jours. 500 000 emplois industriels ont \u00e9t\u00e9 d\u00e9truits. Le d\u00e9ficit de la balance commerciale a quasiment doubl\u00e9 en 4 ans (39 Milliards en 2007, 69,5 en 2011). \u00ab Dans deux ans &#8211; avait-il dit en 2006 &#8211; plus personne ne dormira dans la rue \u00bb, or le nombre des sans-abris, 100 000 semble-t-il, n\u2019a cess\u00e9 d\u2019augmenter sous sa mandature. 25 % des salari\u00e9s gagnent moins de 750 euros par mois. Les \u00ab petits boulots \u00bb ont explos\u00e9, ainsi que le nombre des Fran\u00e7ais vivants en dessous du seuil de pauvret\u00e9 SARKOZY PROC\u00c8DE COMME LES INQUISITEURS, C\u2019EST POUR SAUVER LES \u00c2MES QU\u2019IL MEURTRIT LES CORPS. Avec un tel bilan, il ose l\u2019impudent, nous dire qu\u2019il veut que les Fran\u00e7ais lui renouvellent leur confiance, car il ne veut pas que la France subisse le m\u00eame sort que la Gr\u00e8ce. Mais ne nous avait-il pas dit que lui-m\u00eame (et madame Merkel) avait sauv\u00e9 la Gr\u00e8ce ? Sauv\u00e9 la Gr\u00e8ce, mais de quoi au juste ? Mais comment ? En l\u2019accablant ! En la plongeant pour de longues ann\u00e9es dans la r\u00e9cession, en ponctionnant d\u2019un quart ou plus les salaires et les retraites. Est-ce ainsi qu\u2019il entend sauver la France ? En affamant les Fran\u00e7ais ? Bien s\u00fbr pas tous, ceux du peuple seulement, l\u2019\u00e9crasante majorit\u00e9, pendant que ses potes les plus riches se gavent comme des porcs. Alors non-merci, nous ne tenons pas monsieur, mais pas le moins du monde \u00e0 \u00eatre sauv\u00e9 par vous.\u00ab C\u2019est pas moi &#8211; nous dit-il &#8211; c\u2019est la faute \u00e0 la crise \u00bb. Elle a bon dos la crise. Mais soit, admettons cela un instant, \u00ab la crise est mondiale et nul ne peut rien \u00e0 la crise \u00bb. Comment, alors, peut-il dire \u00e0 la fois &#8211; qu\u2019il ne peut rien \u00e0 la crise et qu\u2019il va nous sauver.- comment tout simplement peut-il avoir l\u2019outrecuidance de pr\u00e9tendre \u00eatre l\u2019homme de la situation lui qui a acquis en cinq ans la r\u00e9putation sulfureuse de \u00ab calamit\u00e9 \u00bb de la France ?L\u2019HOMME QUI ABAISSA LA FRANCE. Notre fi\u00e8re Nation s\u2019\u00e9tait, avec la force de dissuasion nucl\u00e9aire, donn\u00e9e sous la conduite du G\u00e9n\u00e9ral de Gaulle, une orientation de politique \u00e9trang\u00e8re qui lui assurait un certain rayonnement international. Tous les successeurs du G\u00e9n\u00e9ral avaient, avec plus ou moins de bonheur, maintenu \u00ab grosso modo \u00bb cette ligne g\u00e9n\u00e9rale de notre diplomatie. Sarkozy, lui, a r\u00e9ussi sur ce seul point la \u00ab rupture \u00bb sous le signe de laquelle il s\u2019\u00e9tait fait \u00e9lire en 2007. Il a d\u00e9finitivement liquid\u00e9 l\u2019H\u00e9ritage gaulliste. Il a abaiss\u00e9 la France au r\u00f4le de nation mercenaire et de simple suppl\u00e9tive de la diplomatie anglo-saxonne, nous a acquises de nombreuses inimiti\u00e9s dans le monde entier, arabo-musulman bien s\u00fbr, mais aussi en Europe de l\u2019Est, en Afrique noire, en Asie et m\u00eame en Am\u00e9rique latine. Plusieurs de nos ressortissants ont d\u00e9j\u00e0 pay\u00e9 de leurs vies ou de leur libert\u00e9, les errements de cette politique internationale agressive, aventuriste et fourbe. Il a tant d\u00e9consid\u00e9r\u00e9 la diplomatie fran\u00e7aise dans le monde, qu\u2019il faudra probablement de nombreuses ann\u00e9es et beaucoup d\u2019efforts pour effacer les stigmates de son passage.ON AURAIT PU \u00c9VITER PAREIL FIASCO si nos institutions avaient pr\u00e9vu le cas de manquement grave \u00e0 la dignit\u00e9 de la fonction pr\u00e9sidentielle, en le cong\u00e9diant \u00ab pour faute lourde \u00bb, d\u00e8s 2008C\u2019\u00e9tait il ya quatre ans seulement, au salon de l\u2019agriculture, dans la foule, \u00e0 un homme qui l\u2019admonestait, il fit, devant les cam\u00e9ras de t\u00e9l\u00e9vision, cette r\u00e9partie cinglante et honteuse : \u00ab Alors, casse toi pauv\u2019con ! \u00bb. Cette saillie grossi\u00e8re l\u2019aurait-on pardonn\u00e9e \u00e0 un adolescent ou \u00e0 l\u2019une de ces \u00ab racailles \u00bb qu\u2019il se proposait un peu plus t\u00f4t de \u00ab karch\u00e9riser \u00bb ? Comment la pardonnerait-on au premier magistrat de la r\u00e9publique, \u00e0 celui-l\u00e0 m\u00eame qui pr\u00f4nait le retour des le\u00e7ons de morale \u00e0 l\u2019\u00e9cole ?Par cette conduite inqualifiable, Nicolas Sarkozy a plus qu\u2019abaiss\u00e9 la fonction pr\u00e9sidentielle il l\u2019a souill\u00e9e, il a mis le rouge au front des Fran\u00e7ais et humili\u00e9e la France. De ce seul fait d\u00e9j\u00e0 il eut m\u00e9rit\u00e9 d\u2019\u00eatre imm\u00e9diatement d\u00e9missionn\u00e9. Or ce ne fut pas la seule des inconduites que s\u2019autorisa l\u2019Ostrogot. Au Guilvinec avec les ouvriers il la joua sur le ton de l\u2019algarade. \u00c0 Bruxelles, il hurle et insulte Manuel Barroso, pr\u00e9sident de la commission europ\u00e9enne, \u00e0 Lisbonne, au sommet de l\u2019OTAN, il injurie les journalistes, il humilie le Mexique avec l\u2019affaire Florence Cassez, insulte la Turquie avec la loi de p\u00e9nalisation m\u00e9morielle du g\u00e9nocide arm\u00e9nien, humilie la Gr\u00e8ce et ses dirigeants. Alors, malgr\u00e9 ses frasques, tout de m\u00eame parvenu au terme de son mandat par la gr\u00e2ce des institutions, n\u2019est-il pas temps, puisque l\u2019occasion leur en est donn\u00e9e, que les Fran\u00e7ais le remercient enfin ? : \u00ab Casse-toi donc pauv\u2019\u2026.Sarko ! \u00bb    13 avril 2011  \u00c9BAUCHE DE BILAN DU QUINQUENNAT DE NICOLAS SARKOZY   \u00ab Pr\u00e9sident devenu, il crut respirer un air d\u2019Olympe. Oh terrible m\u00e9prise ! Il \u00e9tait dans l\u2019\u00c9lys\u00e9e. \u00bb  Patrick Seignon \u2013 11 avril 2011.  On se souvient qu\u2019au soir du 2\u00e8me tour des \u00e9lections pr\u00e9sidentielles de 2007, dress\u00e9 sur ses ergots, le petit coq que la France s\u2019\u00e9tait \u00e9lu pouvait \u00e9lucubrer des cocoricos de victoire, se d\u00e9cerner des autosatisf\u00e9cits. N\u2019\u00e9tait-il pas, le petit malin plus que tous, celui qui venait de r\u00e9concilier les Fran\u00e7ais avec la politique ainsi qu\u2019en t\u00e9moignait le taux record (85 %) de participation ? Avec plus de 56 % des suffrages n\u2019\u00e9tait-il pas le mieux \u00e9lu des Pr\u00e9sidents de la 5\u00e8me r\u00e9publique, mieux m\u00eame que \u00ab le grand Charles \u00bb ? N\u2019avait-il pas en siphonnant son \u00e9lectorat, tu\u00e9 le \u00ab Front national \u00bb ?  Il se croyait plus fort que tout le monde, jetait l\u2019opprobre sur l\u2019immobilisme de l\u2019\u00e8re Chirac, il serait le pr\u00e9sident de la rupture. Avec lui la France allait bouger. Il allait d\u00e9poussi\u00e9rer la fonction \u00ab pr\u00e9sidentielle \u00bb.  Les circonstances lui offraient de s\u2019illusionner sur sa propre intelligence et le niveau de ses aptitudes intellectuelles. Il voulait croire que tout le m\u00e9rite de ces succ\u00e8s lui revenait. Devenu \u00ab Pr\u00e9sident \u00bb dans un tel contexte, lui le \u00ab Tartarin \u00bb au narcisse d\u00e9mesur\u00e9, ne tarda gu\u00e8re \u00e0 se laisser abuser par l\u2019hypertrophie de son ego. Et ce n\u2019est pas, bien s\u00fbr, dans la garde rapproch\u00e9e des flatteurs qui collent au pouvoir, comme les mouches \u00e0 la confiture, qu\u2019il aurait pu trouver un antidote salutaire. La d\u00e9rive dans ces conditions \u00e9tait probable.  Car la r\u00e9alit\u00e9 \u00e9tait tout autre. Ce qui avait fait Sarkozy, plus que ses qualit\u00e9s intrins\u00e8ques, s\u2019\u00e9tait un syst\u00e8me, une machine \u00e9lectorale et m\u00e9diatique, des institutions et une toile de fond politique circonstancielle. En fait, ce qu\u2019il oubliait, s\u00fbr qu\u2019il \u00e9tait de modeler lui-m\u00eame les choses les \u00eatres et l\u2019avenir, c\u2019est que tous autant que nous sommes, simples citoyens lambda ou Pr\u00e9sidents, nous ne sommes que \u00ab des r\u00e9sultats \u00bb. Il avait eu la chance, bien qu\u2019il ne la mesura gu\u00e8re, que Charles de Gaulle et Michel Debr\u00e9, mais aussi Fran\u00e7ois Mitterrand et Jacques Chirac, soient n\u00e9s avant lui et qu\u2019ils aient patiemment compos\u00e9 l\u2019h\u00e9ritage institutionnel et politique, dont il eut l\u2019heur de recueillir les b\u00e9n\u00e9fices.  La contenance de cet h\u00e9ritage peut se d\u00e9cliner ainsi :   &#8211;         Ex\u00e9cutif fort,  &#8211;         Bipolarisation de la vie politique  &#8211;         Professionnalisation (ENA) de la fonction politique  &#8211;         \u00c9lection du Pr\u00e9sident de la R\u00e9publique au suffrage universel  &#8211;         Fonctionnement de l\u2019alternance politique  &#8211;         Int\u00e9gration syndicale  &#8211;         Bipartisme  &#8211;         Raccourcissement du mandat pr\u00e9sidentiel \u00e0 5 ans, ouvrant la voie \u00e0 un v\u00e9ritable \u00ab r\u00e9gime pr\u00e9sidentiel \u00bb  Tout cela pr\u00e9existait et \u00e9tait l\u2019\u0153uvre, souvent mal ais\u00e9e, de ses pr\u00e9d\u00e9cesseurs, qui avaient cr\u00e9\u00e9 les conditions objectives sans lesquelles lui, avec sa personnalit\u00e9 propre, n\u2019aurait pu aspirer, jamais, \u00e0 la fonction politique \u00e0 laquelle il venait d\u2019acc\u00e9der. Mais \u00e0 cette toile de fond institutionnelle, il convient aussi d\u2019ajouter deux r\u00e9alit\u00e9s plus circonstancielles :   &#8211;         La machine m\u00e9diatique enti\u00e8rement contr\u00f4l\u00e9e par le capital financier et mise \u00e0 sa disposition   &#8211;         une autre plus politique, d\u00e9coulant du \u00ab traumatisme du 21 avril 2002 dont voici les termes.   A l\u2019issu d\u2019un septennat difficile de Jacques Chirac, bouscul\u00e9 par \u00ab les affaires \u00bb et au plus bas dans les sondages, Lionel Jospin \u00e9tait donn\u00e9 \u00e9lu, tant par les sondages que par tous les observateurs et politologues*. \u00c0 tel point que \u00ab l\u2019\u00e9preuve \u00bb des urnes aurait pu paraitre alors comme une formalit\u00e9 inutile. Or, au soir du premier tour des \u00e9lections pr\u00e9sidentielles de 2002, Lionel Jospin, avec seulement 16 % des suffrages exprim\u00e9s, n\u2019\u00e9tait pas m\u00eame qualifi\u00e9 pour le second tour, s\u2019\u00e9tait Jean-Marie Le Pen qui lui soufflait la place. C\u2019\u00e9tait tout \u00e0 coup l\u2019\u0153uvre de Fran\u00e7ois Mitterrand pour faire du PS un parti de gouvernement et l\u2019un des membres incontournables de \u00ab l\u2019Alternance politique \u00bb, qui paraissait \u00eatre r\u00e9duite \u00e0 n\u00e9ant.   Cela fit l\u2019effet d\u2019une bombe psychologique dans cette France qui commen\u00e7ait \u00e0 se familiariser avec le \u00ab bipartisme \u00bb bien que celui-ci en ce temps ne fut pas totalement acquis (l\u2019UMP, comme parti unique de la droite traditionnelle n\u2019existait pas encore). Les \u00e9lecteurs, qui pour beaucoup s\u2019\u00e9taient abstenus ou avaient port\u00e9 leurs voix sur l\u2019un des nombreux autres candidats pr\u00e9sents au premier tour, ressentirent un \u00ab saisissement \u00bb. Ils rendaient la dispersion des voix responsable de la situation. Ils culpabilisaient. N\u2019eut-il pas fallu qu\u2019ils s\u2019interdisent d\u00e8s le premier tour, de voter selon leur conscience pour assurer la qualification au second tour du candidat oblig\u00e9 du bin\u00f4me institutionnel ? L\u2019effet d\u2019\u00e9lectrochoc que ressentit l\u2019\u00e9lectorat, fut encore accr\u00fbt par les cris d\u2019Orfraie de toute la classe politique r\u00e9unie, qui appelait (extr\u00eame gauche comprise) au vote r\u00e9publicain pour faire barrage \u00e0 Le Pen. Cela, on s\u2019en souvient, eut pour effet de donner aux r\u00e9sultats \u00e9lectoraux du second tour des pr\u00e9sidentielles de 2002, des allures dignes (ou plut\u00f4t indignes) d\u2019une r\u00e9publique banani\u00e8re. \u00ab Marianne \u00bb \u00e9tait sauve et Le Pen humili\u00e9. Mais les choses ne devaient pas en rester l\u00e0. Cette circonstance historique allait avoir deux autres prolongements.  &#8211;         Pour sa part, la classe politique tira comme le\u00e7on de cet \u00e9pisode, que le retard pris dans la construction d\u2019un parti unique de la droite, premier membre du bin\u00f4me, faisait courir un grave danger \u00e0 l\u2019\u00e9quilibre institutionnel. Il fallait aboutir au plus vite \u00e0 la constitution d\u2019un tel parti, ce qui conduisit, sous l\u2019impulsion de Jacques Chirac et d\u2019Alain Jupp\u00e9, \u00e0 la constitution de l\u2019UMP (r\u00e9union essentiellement des ex RPR et UDF).  &#8211;         Enfin, en 2007, de nombreux \u00e9lecteurs qui ne voulaient pas voir se reproduire la situation de 2002 choisirent de voter d\u2019embl\u00e9e pour les deux candidats investis du \u00ab bin\u00f4me institutionnel \u00bb. En quelque sorte le syndrome \u00ab du vote utile \u00bb d\u00e9s le premier tour. C\u2019est cela qui provoqua l\u2019\u00e9rosion importante de l\u2019\u00e9lectorat FN et la marginalisation accrue de tous les \u00ab petits candidats \u00bb, mais aussi, et surtout le \u00ab rebond \u00bb du bipartisme institutionnel que le deuxi\u00e8me tour des pr\u00e9sidentielles de 2002 avait si mal men\u00e9. L\u2019\u00e9rosion de l\u2019\u00e9lectorat du FN on le voit donc, tenait plus de la pression institutionnelle que des \u00ab savantes \u00bb compromissions id\u00e9ologiques de Sarkozy. Le Front national fut d\u2019autant plus victime de ce ph\u00e9nom\u00e8ne que, l\u2019incapacit\u00e9 de Jean-Marie Le Pen, \u00e0 \u00e9largir sa base \u00e9lectorale au second tour, avait convaincu son \u00e9lectorat de \u00ab l\u2019inutilit\u00e9 \u00bb d\u2019un tel vote puisque m\u00eame qualifi\u00e9 au premier tour, celui-ci, d\u2019\u00e9vidence ; n\u2019aurait jamais les moyens d\u2019acc\u00e9der, par la vertu du suffrage universel, \u00e0 la magistrature supr\u00eame.  C\u2019est de tout cela qu\u2019a b\u00e9n\u00e9fici\u00e9 la candidature de Nicolas Sarkozy en 2007, qui lui a enfl\u00e9 la t\u00eate, persuad\u00e9 qu\u2019il fut de ne devoir qu\u2019\u00e0 son \u00ab g\u00e9nie \u00bb ce qui \u00e9tait en v\u00e9rit\u00e9 le r\u00e9sultat d\u2019un pass\u00e9 et de nombreuses circonstances cumul\u00e9es. Auxquelles d\u2019ailleurs il conviendrait d\u2019ajouter le soutien ind\u00e9fectible des milieux d\u2019affaires press\u00e9s d\u2019en finir avec \u00ab le mod\u00e8le social fran\u00e7ais \u00bb et probablement l\u2019intercession de la diplomatie, voire m\u00eame des services secrets anglo-saxons (affaire Clearstream).  Quoi qu&rsquo;il en soit, il devenait titulaire de la magistrature supr\u00eame. Allait-il \u00eatre \u00e0 la hauteur de la tache qui l\u2019attendait ? Nicolas Sarkozy fut le premier pr\u00e9sident de la 5\u00e8me R\u00e9publique, nouvellement \u00e9lu pour un mandat de 5 ans. Il lui revenait d\u2019ouvrir d\u2019\u00e8re de \u00ab La r\u00e9publique pr\u00e9sidentielle \u00bb.  Il r\u00e9v\u00e9la tr\u00e8s vite son incapacit\u00e9 \u00e0 se hisser au niveau des exigences de la fonction. Les nombreux travers de sa personnalit\u00e9 (narcissique, \u00e9gocentrique, col\u00e9rique, h\u00e2bleuse outrecuidante) et les insuffisances de sa formation (d\u00e9ficiences culturelles, carence du discernement,) lui rendaient ces \u00ab sommets \u00bb inaccessibles. Non seulement il a g\u00e2ch\u00e9, l\u2019immense faveur que lui avait faite l\u2019histoire, mais la R\u00e9publique du \u00ab p\u00e8re Debr\u00e9 \u00bb elle-m\u00eame, la poussant au bord de la crise institutionnelle.   Nicolas Sarkozy a :  &#8211;         D\u00e9cr\u00e9dibilis\u00e9e la fonction pr\u00e9sidentielle.  &#8211;         Affaiblit la coh\u00e9sion sociale.  &#8211;         Humili\u00e9 la France et la diplomatie fran\u00e7aise en faisant acte de subordination \u00e0 la diplomatie am\u00e9ricaine, les a contraint \u00e0 franchir le Rubicon pour les transformer en simples suppl\u00e9tifs de la politique internationale des USA.   &#8211;         Il, pr\u00e9tendait avoir tu\u00e9 le \u00ab Front national\u00bb, il a en v\u00e9rit\u00e9, permis \u00e0 celui-ci de trouver un second souffle  &#8211;         Enfin, il d\u00e9tricote ce que ses pr\u00e9d\u00e9cesseurs ont eu tant de mal \u00e0 tricoter. Ce serait en effet une erreur de ne voir dans le d\u00e9part des centristes sociaux de Jean-Louis Borloo qu\u2019une man\u0153uvre dilatoire, la volont\u00e9 de \u00ab ratisser large \u00bb pour assurer le moment venu la victoire du candidat \u00ab naturel \u00bb de l\u2019UMP. En v\u00e9rit\u00e9, qu\u2019on le veuille ou non, cette s\u00e9paration marque surtout la fin de l\u2019UMP, parti unique de la droite. Il s\u2019agit d\u2019un recul consid\u00e9rable dans la r\u00e9alisation du bipartisme \u00e0 la fran\u00e7aise, qui nous ram\u00e8ne plusieurs ann\u00e9es en arri\u00e8re.  Nicolas Sarkozy se r\u00eavait \u00ab le Pr\u00e9sident qui a r\u00e9form\u00e9 la France \u00bb. Son bilan sera tout autre celui : \u00ab du pr\u00e9sident qui a conduit la 5\u00e8me R\u00e9publique au bord du d\u00e9sastre.  P.S.<\/p>\n","protected":false},"excerpt":{"rendered":"<p>SARKOZY : La France c\u2019est fini C\u2019est un \u00e9v\u00e8nement consid\u00e9rable, Nicolas Sarkozy a \u00e9crit un livre !? Un journaliste de [&hellip;]<\/p>\n","protected":false},"author":1,"featured_media":4677,"comment_status":"open","ping_status":"open","sticky":false,"template":"","format":"standard","meta":{"sfsi_plus_gutenberg_text_before_share":"","sfsi_plus_gutenberg_show_text_before_share":"","sfsi_plus_gutenberg_icon_type":"","sfsi_plus_gutenberg_icon_alignemt":"","sfsi_plus_gutenburg_max_per_row":"","site-sidebar-layout":"default","site-content-layout":"","ast-site-content-layout":"default","site-content-style":"default","site-sidebar-style":"default","ast-global-header-display":"","ast-banner-title-visibility":"","ast-main-header-display":"","ast-hfb-above-header-display":"","ast-hfb-below-header-display":"","ast-hfb-mobile-header-display":"","site-post-title":"","ast-breadcrumbs-content":"","ast-featured-img":"","footer-sml-layout":"","ast-disable-related-posts":"","theme-transparent-header-meta":"","adv-header-id-meta":"","stick-header-meta":"","header-above-stick-meta":"","header-main-stick-meta":"","header-below-stick-meta":"","astra-migrate-meta-layouts":"default","ast-page-background-enabled":"default","ast-page-background-meta":{"desktop":{"background-color":"var(--ast-global-color-4)","background-image":"","background-repeat":"repeat","background-position":"center center","background-size":"auto","background-attachment":"scroll","background-type":"","background-media":"","overlay-type":"","overlay-color":"","overlay-opacity":"","overlay-gradient":""},"tablet":{"background-color":"","background-image":"","background-repeat":"repeat","background-position":"center center","background-size":"auto","background-attachment":"scroll","background-type":"","background-media":"","overlay-type":"","overlay-color":"","overlay-opacity":"","overlay-gradient":""},"mobile":{"background-color":"","background-image":"","background-repeat":"repeat","background-position":"center center","background-size":"auto","background-attachment":"scroll","background-type":"","background-media":"","overlay-type":"","overlay-color":"","overlay-opacity":"","overlay-gradient":""}},"ast-content-background-meta":{"desktop":{"background-color":"var(--ast-global-color-5)","background-image":"","background-repeat":"repeat","background-position":"center center","background-size":"auto","background-attachment":"scroll","background-type":"","background-media":"","overlay-type":"","overlay-color":"","overlay-opacity":"","overlay-gradient":""},"tablet":{"background-color":"var(--ast-global-color-5)","background-image":"","background-repeat":"repeat","background-position":"center center","background-size":"auto","background-attachment":"scroll","background-type":"","background-media":"","overlay-type":"","overlay-color":"","overlay-opacity":"","overlay-gradient":""},"mobile":{"background-color":"var(--ast-global-color-5)","background-image":"","background-repeat":"repeat","background-position":"center center","background-size":"auto","background-attachment":"scroll","background-type":"","background-media":"","overlay-type":"","overlay-color":"","overlay-opacity":"","overlay-gradient":""}},"footnotes":""},"categories":[16],"tags":[],"class_list":["post-1028","post","type-post","status-publish","format-standard","has-post-thumbnail","hentry","category-archives-cms"],"_links":{"self":[{"href":"https:\/\/lavoiedessansvoix.fr\/lavoie\/wp-json\/wp\/v2\/posts\/1028","targetHints":{"allow":["GET"]}}],"collection":[{"href":"https:\/\/lavoiedessansvoix.fr\/lavoie\/wp-json\/wp\/v2\/posts"}],"about":[{"href":"https:\/\/lavoiedessansvoix.fr\/lavoie\/wp-json\/wp\/v2\/types\/post"}],"author":[{"embeddable":true,"href":"https:\/\/lavoiedessansvoix.fr\/lavoie\/wp-json\/wp\/v2\/users\/1"}],"replies":[{"embeddable":true,"href":"https:\/\/lavoiedessansvoix.fr\/lavoie\/wp-json\/wp\/v2\/comments?post=1028"}],"version-history":[{"count":1,"href":"https:\/\/lavoiedessansvoix.fr\/lavoie\/wp-json\/wp\/v2\/posts\/1028\/revisions"}],"predecessor-version":[{"id":4678,"href":"https:\/\/lavoiedessansvoix.fr\/lavoie\/wp-json\/wp\/v2\/posts\/1028\/revisions\/4678"}],"wp:featuredmedia":[{"embeddable":true,"href":"https:\/\/lavoiedessansvoix.fr\/lavoie\/wp-json\/wp\/v2\/media\/4677"}],"wp:attachment":[{"href":"https:\/\/lavoiedessansvoix.fr\/lavoie\/wp-json\/wp\/v2\/media?parent=1028"}],"wp:term":[{"taxonomy":"category","embeddable":true,"href":"https:\/\/lavoiedessansvoix.fr\/lavoie\/wp-json\/wp\/v2\/categories?post=1028"},{"taxonomy":"post_tag","embeddable":true,"href":"https:\/\/lavoiedessansvoix.fr\/lavoie\/wp-json\/wp\/v2\/tags?post=1028"}],"curies":[{"name":"wp","href":"https:\/\/api.w.org\/{rel}","templated":true}]}}