{"id":1025,"date":"2016-02-23T01:44:00","date_gmt":"2016-02-23T00:44:00","guid":{"rendered":"https:\/\/lavoiedessansvoix.fr\/lavoie\/2016\/02\/23\/archive-le-degout-et-la-colere-ne-doivent-pas-annihiler-la-raison-a-jean-pierre\/"},"modified":"2026-04-26T22:01:30","modified_gmt":"2026-04-26T20:01:30","slug":"archive-le-degout-et-la-colere-ne-doivent-pas-annihiler-la-raison-a-jean-pierre","status":"publish","type":"post","link":"https:\/\/lavoiedessansvoix.fr\/lavoie\/2016\/02\/23\/archive-le-degout-et-la-colere-ne-doivent-pas-annihiler-la-raison-a-jean-pierre\/","title":{"rendered":"LE D\u00c9GO\u00dbT ET LA COL\u00c8RE NE DOIVENT PAS ANNIHILER LA RAISON. A Jean-Pierre"},"content":{"rendered":"<p>LE D\u00c9GO\u00dbT ET LA COL\u00c8RE NE DOIVENT PAS ANNIHILER LA RAISON. (A Jean-Pierre)(Republi\u00e9*)  J\u2019ai trouv\u00e9 ce texte sur la page \u00ab Facebook \u00bb de mon ami Jean-Pierre, qui a suscit\u00e9 ma r\u00e9action \u00e9motive, mais aussi la r\u00e9ponse raisonn\u00e9e qui suit.  Afin que le lecteur soit tout \u00e0 fait \u00e9difi\u00e9, je publie ici d\u2019abord le texte de Jean-Pierre et mon commentaire \u00e0 la suite.  *  24 janvier, 19:39 \u00b7 (Page Facebook de Jean-Pierre) :\u00ab La gauche, en tant qu\u2019avant-garde de la droite, est le laboratoire de recherche du Capital qui permet de donner une aur\u00e9ole d\u2019humanitude \u00e0 ce qui est le plus d\u00e9vastateur.  La gauche, repr\u00e9sentante du progr\u00e8s de la raison mercantile, est le meilleur serviteur du melting-pot mondialiste qui aspire \u00e0 cr\u00e9er cet homme hors-sol, h\u00e9b\u00e9t\u00e9, nomade et vagabond qui n\u2019a plus pour seul rep\u00e8re que les grandes surfaces de la possession, l\u00e0 o\u00f9 l\u2019existence se mesure exclusivement \u00e0 l\u2019aune des calculs du f\u00e9tichisme marchand, de l\u2019errance narcissique et du coloriage stupide de la vie fausse.  La gauche trace pour la droite les chemins les plus novateurs de la socialisation ali\u00e9natoire et aujourd\u2019hui, dans la fusion idol\u00e2tre de l\u2019\u00e9conomie et de la politique, les mafias de gauche et de droite ont fini par professionnellement se fondre et se confondre dans un magma excr\u00e9mentiel fraternel tout entier soumis aux imp\u00e9ratifs du mondialisme de la marchandise.Il y a bien longtemps que les \u00c9tats Europ\u00e9ens lamin\u00e9s de l\u2019int\u00e9rieur sont devenus de simples provinces des USA.Le fonctionnement de la dialectique de la marchandisation cosmopolite a ainsi fait de nous des am\u00e9ricains.  Il est donc normal que notre mis\u00e9rable sur-vie sans qualit\u00e9 ressemble de plus en plus au temps si mis\u00e9rable des USA, de son ab\u00eatissement, de ses mangeoires industrielles, de la drogue, de ses mafias, de son urbanisme ghetto\u00efque et de son insipide multi-culture fonci\u00e8rement multi-conflictuelle.Tous les projets de nouvelle croissance, de nouvelle \u00e9conomie, de nouvelle politique, et de nouvelle d\u00e9mocratie renvoient par-del\u00e0 leurs r\u00eaves, leurs ambitions, leurs ignorances et leurs peurs \u00e0 cette vieille permanence irr\u00e9aliste de l\u2019id\u00e9ologie du \u00ab moindre mal \u00bb qui en nous offrant de sur-vivre autrement dans le monde du march\u00e9 du travail, nous condamne finalement \u00e0 un voyage sans fin au bout de cette sinistre nuit o\u00f9 l\u2019on ne trouve que l\u2019exploitation et la domination.La seule perspective humaine consiste \u00e0 liquider les lois de l\u2019\u00e9conomie sur la vie de l\u2019\u00eatre.  Les \u00eatres humains n\u2019ont rien \u00e0 se r\u00e9approprier de cette merde qui sacralise la domination des objets sur les hommes.Le pire du capitalisme, ce ne sont pas les vraies nuisances de ses exc\u00e8s, ce sont les suppos\u00e9s bienfaits de sa marche paisible qui r\u00e9duit les \u00eatres d\u00e9s-humanis\u00e9s \u00e0 n\u2019\u00eatre que de simples spectateurs fig\u00e9s par l\u2019\u00e9conomie narcissique de l\u2019acqu\u00e9rir.  Le vrai d\u00e9sir humain ne peut s\u2019opposer \u00e0 l\u2019\u00e9conomie politique que sur le terrain r\u00e9volutionnaire de l\u2019anti-\u00e9conomie et de l\u2019anti-politique. \u00bb    Commentaire de Patrick S :  LE D\u00c9GO\u00dbT ET LA COL\u00c8RE NE DOIVENT PAS ANNIHILER LA RAISON.A Jean-Pierre.Bon, \u00e7a y est, j\u2019ai pris le temps de lire.Je ne sais qui a \u00e9crit ce texte, est-ce toi Jean-Pierre ? Il va droit dans mon cerveau, on eut dit autrefois droit au c\u0153ur, exciter les zones sensibles de l\u2019\u00e9motion.Quelle insondable col\u00e8re, quelle immense indignation, de quelle terrible naus\u00e9e cela t\u00e9moigne, provoqu\u00e9es par ces gens \u00ab du syst\u00e8me \u00bb, roue droite et gauche de la m\u00eame charrette.Je partage ton ire. Oui, il faut se d\u00e9barrasser au plus vite de ces gens-l\u00e0 et du syst\u00e8me qu\u2019ils servent.Mais la r\u00e9ponse propos\u00e9e, \u00ab anti-\u00e9conomie, anti-politique \u00bb, si elle prolonge le d\u00e9go\u00fbt du \u00ab cri \u00bb qui pr\u00e9c\u00e8de, est totalement inadapt\u00e9e. Elle n\u2019est en v\u00e9rit\u00e9 que r\u00e9signation et d\u00e9mission.L\u2019\u00e9conomie qui domine l\u2019homme est certes nuisible, mais il n\u2019y a pas d\u2019humanit\u00e9 sans \u00ab \u00e9conomie \u00bb. Le propos ne saurait-\u00eatre \u00ab l\u2019anti-\u00e9conomie \u00bb, ce doit-\u00eatre la r\u00e9appropriation de l\u2019\u00e9conomie par l\u2019homme, l\u2019\u00e9conomie au service de l\u2019humain. Quant \u00e0 l\u2019anti-politique \u00bb c\u2019est tout aussi inop\u00e9rant, c\u2019est de la d\u00e9mission, c\u2019est de la d\u00e9sertion. Il faut s\u2019emparer des leviers de commande politique, ou plus exactement d\u00e9truire les leurs pour en cr\u00e9er d\u2019autres au service de la politique et de l\u2019\u00e9conomie domin\u00e9e que l\u2019on veut. Pour cela il faut un outil, un parti politique, porteur de ce projet.Le syst\u00e8me politique, cens\u00e9 assurer la p\u00e9rennit\u00e9 de la domination mercantile du capitalisme, est fond\u00e9 sur le bipartisme et l\u2019alternance. Il op\u00e8re comme un pi\u00e8ge \u00e0 m\u00e2choires sur le pr\u00e9tendu fonctionnement d\u00e9mocratique des institutions. Pour avoir la chance de rassembler un parti vraiment alternatif il faut d\u2019abord \u00e9chapper \u00e0 ce pi\u00e8ge r\u00e9ducteur de la vie politique.C\u2019est pourquoi la premi\u00e8re des choses dans les semaines et mois avenir, est de combattre l\u2019id\u00e9e m\u00eame \u00ab des primaires \u00bb, de droite et de gauche, car elles ne sont qu\u2019un stratag\u00e8me pour boucler d\u00e9finitivement \u00ab le bipartisme \u00bb \u00e0 la fran\u00e7aise, et faire taire en les assimilant toute vell\u00e9it\u00e9 de contestation.Il existe \u00e0 la gauche du PS et dans certains partis et groupes p\u00e9riph\u00e9riques, un mouvement qui milite pour \u00ab des primaires de toute la gauche \u00bb. Celui-ci, sous pr\u00e9texte peut-\u00eatre de contester le leadership de la tro\u00efka \u00ab Hollande, Valls, Macron \u00bb va au-devant du pire danger. M\u00e2che le travail des strat\u00e8ges politiciens qui depuis plusieurs ann\u00e9es d\u00e9j\u00e0 r\u00eavent d\u2019aboutir \u00e0 un pareil bouclage de l\u2019expression politique. Sous pr\u00e9texte de \u00ab D\u00e9mocratie \u00bb, ils \u0153uvrent \u00e0 tuer les derniers espaces d\u2019expression d\u00e9mocratique.  Patrick Seignon. \u00ab lavoiedessansvoix.fr \u00bb Dimanche 31 janvier 2016.*Cet article qui avait disparu des \u00e9crans le 22 f\u00e9vrier \u00e0 la suite d&rsquo;une manipulation malencontreuse de notre h\u00e9bergeur a \u00e9t\u00e9 republi\u00e9 le 23 f\u00e9vrier.<\/p>\n","protected":false},"excerpt":{"rendered":"<p>LE D\u00c9GO\u00dbT ET LA COL\u00c8RE NE DOIVENT PAS ANNIHILER LA RAISON. (A Jean-Pierre)(Republi\u00e9*) J\u2019ai trouv\u00e9 ce texte sur la page [&hellip;]<\/p>\n","protected":false},"author":1,"featured_media":4671,"comment_status":"open","ping_status":"open","sticky":false,"template":"","format":"standard","meta":{"sfsi_plus_gutenberg_text_before_share":"","sfsi_plus_gutenberg_show_text_before_share":"","sfsi_plus_gutenberg_icon_type":"","sfsi_plus_gutenberg_icon_alignemt":"","sfsi_plus_gutenburg_max_per_row":"","site-sidebar-layout":"default","site-content-layout":"","ast-site-content-layout":"default","site-content-style":"default","site-sidebar-style":"default","ast-global-header-display":"","ast-banner-title-visibility":"","ast-main-header-display":"","ast-hfb-above-header-display":"","ast-hfb-below-header-display":"","ast-hfb-mobile-header-display":"","site-post-title":"","ast-breadcrumbs-content":"","ast-featured-img":"","footer-sml-layout":"","ast-disable-related-posts":"","theme-transparent-header-meta":"","adv-header-id-meta":"","stick-header-meta":"","header-above-stick-meta":"","header-main-stick-meta":"","header-below-stick-meta":"","astra-migrate-meta-layouts":"default","ast-page-background-enabled":"default","ast-page-background-meta":{"desktop":{"background-color":"var(--ast-global-color-4)","background-image":"","background-repeat":"repeat","background-position":"center center","background-size":"auto","background-attachment":"scroll","background-type":"","background-media":"","overlay-type":"","overlay-color":"","overlay-opacity":"","overlay-gradient":""},"tablet":{"background-color":"","background-image":"","background-repeat":"repeat","background-position":"center center","background-size":"auto","background-attachment":"scroll","background-type":"","background-media":"","overlay-type":"","overlay-color":"","overlay-opacity":"","overlay-gradient":""},"mobile":{"background-color":"","background-image":"","background-repeat":"repeat","background-position":"center center","background-size":"auto","background-attachment":"scroll","background-type":"","background-media":"","overlay-type":"","overlay-color":"","overlay-opacity":"","overlay-gradient":""}},"ast-content-background-meta":{"desktop":{"background-color":"var(--ast-global-color-5)","background-image":"","background-repeat":"repeat","background-position":"center center","background-size":"auto","background-attachment":"scroll","background-type":"","background-media":"","overlay-type":"","overlay-color":"","overlay-opacity":"","overlay-gradient":""},"tablet":{"background-color":"var(--ast-global-color-5)","background-image":"","background-repeat":"repeat","background-position":"center center","background-size":"auto","background-attachment":"scroll","background-type":"","background-media":"","overlay-type":"","overlay-color":"","overlay-opacity":"","overlay-gradient":""},"mobile":{"background-color":"var(--ast-global-color-5)","background-image":"","background-repeat":"repeat","background-position":"center center","background-size":"auto","background-attachment":"scroll","background-type":"","background-media":"","overlay-type":"","overlay-color":"","overlay-opacity":"","overlay-gradient":""}},"footnotes":""},"categories":[16],"tags":[],"class_list":["post-1025","post","type-post","status-publish","format-standard","has-post-thumbnail","hentry","category-archives-cms"],"_links":{"self":[{"href":"https:\/\/lavoiedessansvoix.fr\/lavoie\/wp-json\/wp\/v2\/posts\/1025","targetHints":{"allow":["GET"]}}],"collection":[{"href":"https:\/\/lavoiedessansvoix.fr\/lavoie\/wp-json\/wp\/v2\/posts"}],"about":[{"href":"https:\/\/lavoiedessansvoix.fr\/lavoie\/wp-json\/wp\/v2\/types\/post"}],"author":[{"embeddable":true,"href":"https:\/\/lavoiedessansvoix.fr\/lavoie\/wp-json\/wp\/v2\/users\/1"}],"replies":[{"embeddable":true,"href":"https:\/\/lavoiedessansvoix.fr\/lavoie\/wp-json\/wp\/v2\/comments?post=1025"}],"version-history":[{"count":1,"href":"https:\/\/lavoiedessansvoix.fr\/lavoie\/wp-json\/wp\/v2\/posts\/1025\/revisions"}],"predecessor-version":[{"id":4672,"href":"https:\/\/lavoiedessansvoix.fr\/lavoie\/wp-json\/wp\/v2\/posts\/1025\/revisions\/4672"}],"wp:featuredmedia":[{"embeddable":true,"href":"https:\/\/lavoiedessansvoix.fr\/lavoie\/wp-json\/wp\/v2\/media\/4671"}],"wp:attachment":[{"href":"https:\/\/lavoiedessansvoix.fr\/lavoie\/wp-json\/wp\/v2\/media?parent=1025"}],"wp:term":[{"taxonomy":"category","embeddable":true,"href":"https:\/\/lavoiedessansvoix.fr\/lavoie\/wp-json\/wp\/v2\/categories?post=1025"},{"taxonomy":"post_tag","embeddable":true,"href":"https:\/\/lavoiedessansvoix.fr\/lavoie\/wp-json\/wp\/v2\/tags?post=1025"}],"curies":[{"name":"wp","href":"https:\/\/api.w.org\/{rel}","templated":true}]}}