{"id":1023,"date":"2016-02-23T02:14:00","date_gmt":"2016-02-23T01:14:00","guid":{"rendered":"https:\/\/lavoiedessansvoix.fr\/lavoie\/2016\/02\/23\/archive-melenchon-candidat-primaires-patatras\/"},"modified":"2026-04-26T22:01:11","modified_gmt":"2026-04-26T20:01:11","slug":"archive-melenchon-candidat-primaires-patatras","status":"publish","type":"post","link":"https:\/\/lavoiedessansvoix.fr\/lavoie\/2016\/02\/23\/archive-melenchon-candidat-primaires-patatras\/","title":{"rendered":"MELENCHON CANDIDAT, PRIMAIRES PATATRAS"},"content":{"rendered":"<p>MELENCHON CANDIDAT, PRIMAIRES PATATRAS (Republi\u00e9*)  Voil\u00e0 plusieurs jours que je voulais r\u00e9agir \u00e0 la candidature d\u00e9clar\u00e9e de Jean-Luc M\u00e9lenchon \u00e0 l&rsquo;\u00e9lection pr\u00e9sidentielle de 2017. Un article paru dans \u00ab\u00a0leplusnouvelobs\u00a0\u00bb, et que j\u2019ai d\u00e9couvert ce matin sur la page \u00ab Facebook \u00bb d\u2019un ami, m&rsquo;en donne l&rsquo;occasion et la mati\u00e8re.    Une cohorte de \u00ab\u00a0petits fut\u00e9s\u00a0\u00bb s&rsquo;est mise en mouvement qui au nom d&rsquo;une d\u00e9mocratie formelle et vide entend promouvoir des \u00ab\u00a0\u00e9lections primaires\u00a0\u00bb dites de \u00ab\u00a0toute la gauche\u00a0\u00bb. Ceux-l\u00e0 se croient bien malins. Ne jouent-ils pas de la sorte un bon tour \u00e0 Fran\u00e7ois Hollande en remettant en cause la \u00ab\u00a0primaut\u00e9 de candidature, \u00e0 un deuxi\u00e8me mandat, du pr\u00e9sident sortant\u00a0\u00bb. Mais en v\u00e9rit\u00e9, \u00e0 leur insu pour une part d\u2019entre eux, ils \u0153uvrent comme la \u00ab\u00a0cinqui\u00e8me colonne\u00a0\u00bb du syst\u00e8me.     Apr\u00e8s avoir acc\u00e9d\u00e9 \u00e0 l\u2019alternance et au bipartisme de facto, \u00ab le syst\u00e8me \u00bb aspire \u00e0 pr\u00e9sent \u00e0 parfaire sa \u00ab m\u00e9canique institutionnelle \u00bb. La r\u00e9alisation du quinquennat en \u00e9tait une condition indispensable, l\u2019autre est d\u2019enfermer pour la r\u00e9duire toute l\u2019expression politique dans ces tenailles mortif\u00e8res. Les partisans des \u00e9lections primaires, de droite ou de gauche, et qu\u2019elles que soient leurs motivations cach\u00e9es, militent indiff\u00e9remment pour imposer dans notre pays une \u00ab d\u00e9mocratie am\u00e9ricaine \u00bb aussi idiote que formelle. Deux partis, quel que soit leur nom (Droite\/Gauche, UMP\/Socialiste, R\u00e9publicain\/D\u00e9mocrate),  et leurs contours, qui enferment et tuent toute possibilit\u00e9 de contestation du \u00ab\u00a0syst\u00e8me\u00a0\u00bb. Voil\u00e0 le dessein, le grand le terrible danger imm\u00e9diat qui nous guette et auquel il est n\u00e9cessaire de faire face pour le circonvenir si possible.    Les digressions de Philippe Marli\u00e8re, l&rsquo;auteur de l&rsquo;article du \u00ab\u00a0Plusnouvelobs\u00a0\u00bb, politologue de son \u00e9tat, concernant le sens, selon lui, de la d\u00e9marche de Jean-Luc M\u00e9lenchon et qui se veulent manifestement d\u00e9sobligeantes \u00e0 l&rsquo;\u00e9gard de celui-ci, ont pour but de la d\u00e9cr\u00e9dibiliser car l&rsquo;auteur de l&rsquo;article lui-m\u00eame milite en v\u00e9rit\u00e9 pour nous imposer les dites \u00ab primaires de toute la gauche \u00bb : \u00ab Jean-Luc M\u00e9lenchon- \u00e9crit-il &#8211;  pourrait pourtant \u00eatre utile en mettant son exp\u00e9rience et ses id\u00e9es au service de son camp. Il pourrait, dans la confrontation des id\u00e9es, l\u2019aider \u00e0 se doter d\u2019un programme et d\u2019un-e candidat-e qui permettront \u00e0 la gauche de transformation sociale de sortir de l\u2019impasse dans laquelle elle se trouve. \u00bb Utile \u00e0 son camp ? M\u00e9lenchon croyez-vous est-il v\u00e9ritablement du m\u00eame camp que Hollande Valls ou Macron ? Utile \u00e0 son camp pour l\u2019aider \u00e0 mieux verrouiller la cage d\u2019enfermement Kafka\u00efen de la contestation sociale ? Non vraiment, merci Monsieur Marli\u00e8re.  \u00ab La gauche de transformation sociale \u00bb ? Mais c\u2019est quoi donc que ce machin ? N\u2019est-ce pas \u00ab une tendance \u00bb ou \u00ab une fraction \u00bb, \u00ab un courant \u00bb comme ils pr\u00e9f\u00e8rent dire, inclusif de ce qu\u2019ils osent encore appeler \u00ab la Gauche \u00bb. N\u2019est-ce pas celle qui se couche docilement au parlement  devant le gouvernement au nom \u00ab de la r\u00e9ussite de toute la gauche \u00bb ? Ce n\u2019est qu\u2019un \u00ab r\u00e2teau \u00e9lectoral \u00bb \u00ab un app\u00e2t pour prendre les m\u00e9contents au pi\u00e8ge de l\u2019alternance et du bipartisme. On vote tous ensemble dans des primaires, proposent-elle pour couvrir \u00ab le candidat du syst\u00e8me \u00bb de la l\u00e9gitimit\u00e9 de \u00ab toute la gauche \u00bb et celui-ci, s\u2019il est \u00e9lu, fort des attributs pr\u00e9sidentialistes de sa fonction, n\u2019en fait qu\u2019\u00e0 sa t\u00eate, ou plus exactement \u00e0 la t\u00eate de ses v\u00e9ritables mandants, le capital et la haute finance. Les \u00ab primaires \u00bb ne constituent pas un \u00ab progr\u00e8s d\u00e9mocratique, c\u2019est un jeu de bonneteau o\u00f9 \u00ab le syst\u00e8me \u00bb est toujours gagnant, c\u2019est une mascarade, un outil d\u2019ab\u00eatissement suppl\u00e9mentaire de \u00bb la d\u00e9mocratie r\u00e9elle.   La \u00ab Gauche \u00bb est un pi\u00e8ge diabolique qui a priv\u00e9 la classe ouvri\u00e8re et les couches populaires de toute expression politique ind\u00e9pendante. Le titre de l\u2019article de Philippe Marli\u00e8re \u00ab M\u00e9lenchon candidat \u00e0 la pr\u00e9sidentielle tourne le dos \u00e0 l\u2019Histoire de la gauche \u00bb, traduit bien ce que sont les angoisses de l\u2019auteur, que le pi\u00e8ge soit cass\u00e9 et que les couches populaires retrouvent le chemin d\u2019une expression politique conforme \u00e0 leurs int\u00e9r\u00eats. M\u00e9lenchon tourne le dos \u00e0 la Gauche ? Enfin ! Dirons-nous. Nous militons depuis des ann\u00e9es, voire des d\u00e9cennies pour que cela advienne, nous ne pouvons donc que nous r\u00e9jouir et assurer Jean-Luc M\u00e9lenchon de notre soutien et de notre renfort.    Pour notre part nous ne savons pas encore\u00a0\u00bb s&rsquo;il convient de qualifier de \u00ab\u00a0souverainiste\u00a0\u00bb, \u00ab\u00a0patriotique\u00a0\u00bb ou \u00ab\u00a0cocardi\u00e8re\u00a0\u00bb, \u00ab\u00a0dans l&rsquo;esprit de la 5\u00e8me R\u00e9publique\u00a0\u00bb, la d\u00e9claration de candidature de Mr M\u00e9lenchon. Mais ce que nous savons c&rsquo;est qu&rsquo;elle hypoth\u00e8que lourdement la r\u00e9ussite de l&rsquo;op\u00e9ration \u00ab\u00a0primaires de toute la gauche\u00a0\u00bb, qu\u2019elle d\u00e9t\u00e9riore le fonctionnement du pi\u00e8ge qui est tendu \u00e0 l\u2019opinion, et que pour cette raison au moins elle doit \u00eatre accueillie favorablement et soutenue largement.    Patrick Seignon. \u00ab lavoiedessansvoix.fr \u00bb. Samedi 20 f\u00e9vier 2016.* Cet article qui avait disparu des \u00e9crans le 22 f\u00e9vrier \u00e0 la suite d&rsquo;une manipulation malencontreuse de notre h\u00e9bergeur a \u00e9t\u00e9 republi\u00e9 le 234 f\u00e9vrier.<\/p>\n","protected":false},"excerpt":{"rendered":"<p>MELENCHON CANDIDAT, PRIMAIRES PATATRAS (Republi\u00e9*) Voil\u00e0 plusieurs jours que je voulais r\u00e9agir \u00e0 la candidature d\u00e9clar\u00e9e de Jean-Luc M\u00e9lenchon \u00e0 [&hellip;]<\/p>\n","protected":false},"author":1,"featured_media":4667,"comment_status":"open","ping_status":"open","sticky":false,"template":"","format":"standard","meta":{"sfsi_plus_gutenberg_text_before_share":"","sfsi_plus_gutenberg_show_text_before_share":"","sfsi_plus_gutenberg_icon_type":"","sfsi_plus_gutenberg_icon_alignemt":"","sfsi_plus_gutenburg_max_per_row":"","site-sidebar-layout":"default","site-content-layout":"","ast-site-content-layout":"default","site-content-style":"default","site-sidebar-style":"default","ast-global-header-display":"","ast-banner-title-visibility":"","ast-main-header-display":"","ast-hfb-above-header-display":"","ast-hfb-below-header-display":"","ast-hfb-mobile-header-display":"","site-post-title":"","ast-breadcrumbs-content":"","ast-featured-img":"","footer-sml-layout":"","ast-disable-related-posts":"","theme-transparent-header-meta":"","adv-header-id-meta":"","stick-header-meta":"","header-above-stick-meta":"","header-main-stick-meta":"","header-below-stick-meta":"","astra-migrate-meta-layouts":"default","ast-page-background-enabled":"default","ast-page-background-meta":{"desktop":{"background-color":"var(--ast-global-color-4)","background-image":"","background-repeat":"repeat","background-position":"center center","background-size":"auto","background-attachment":"scroll","background-type":"","background-media":"","overlay-type":"","overlay-color":"","overlay-opacity":"","overlay-gradient":""},"tablet":{"background-color":"","background-image":"","background-repeat":"repeat","background-position":"center center","background-size":"auto","background-attachment":"scroll","background-type":"","background-media":"","overlay-type":"","overlay-color":"","overlay-opacity":"","overlay-gradient":""},"mobile":{"background-color":"","background-image":"","background-repeat":"repeat","background-position":"center center","background-size":"auto","background-attachment":"scroll","background-type":"","background-media":"","overlay-type":"","overlay-color":"","overlay-opacity":"","overlay-gradient":""}},"ast-content-background-meta":{"desktop":{"background-color":"var(--ast-global-color-5)","background-image":"","background-repeat":"repeat","background-position":"center center","background-size":"auto","background-attachment":"scroll","background-type":"","background-media":"","overlay-type":"","overlay-color":"","overlay-opacity":"","overlay-gradient":""},"tablet":{"background-color":"var(--ast-global-color-5)","background-image":"","background-repeat":"repeat","background-position":"center center","background-size":"auto","background-attachment":"scroll","background-type":"","background-media":"","overlay-type":"","overlay-color":"","overlay-opacity":"","overlay-gradient":""},"mobile":{"background-color":"var(--ast-global-color-5)","background-image":"","background-repeat":"repeat","background-position":"center center","background-size":"auto","background-attachment":"scroll","background-type":"","background-media":"","overlay-type":"","overlay-color":"","overlay-opacity":"","overlay-gradient":""}},"footnotes":""},"categories":[16],"tags":[],"class_list":["post-1023","post","type-post","status-publish","format-standard","has-post-thumbnail","hentry","category-archives-cms"],"_links":{"self":[{"href":"https:\/\/lavoiedessansvoix.fr\/lavoie\/wp-json\/wp\/v2\/posts\/1023","targetHints":{"allow":["GET"]}}],"collection":[{"href":"https:\/\/lavoiedessansvoix.fr\/lavoie\/wp-json\/wp\/v2\/posts"}],"about":[{"href":"https:\/\/lavoiedessansvoix.fr\/lavoie\/wp-json\/wp\/v2\/types\/post"}],"author":[{"embeddable":true,"href":"https:\/\/lavoiedessansvoix.fr\/lavoie\/wp-json\/wp\/v2\/users\/1"}],"replies":[{"embeddable":true,"href":"https:\/\/lavoiedessansvoix.fr\/lavoie\/wp-json\/wp\/v2\/comments?post=1023"}],"version-history":[{"count":1,"href":"https:\/\/lavoiedessansvoix.fr\/lavoie\/wp-json\/wp\/v2\/posts\/1023\/revisions"}],"predecessor-version":[{"id":4668,"href":"https:\/\/lavoiedessansvoix.fr\/lavoie\/wp-json\/wp\/v2\/posts\/1023\/revisions\/4668"}],"wp:featuredmedia":[{"embeddable":true,"href":"https:\/\/lavoiedessansvoix.fr\/lavoie\/wp-json\/wp\/v2\/media\/4667"}],"wp:attachment":[{"href":"https:\/\/lavoiedessansvoix.fr\/lavoie\/wp-json\/wp\/v2\/media?parent=1023"}],"wp:term":[{"taxonomy":"category","embeddable":true,"href":"https:\/\/lavoiedessansvoix.fr\/lavoie\/wp-json\/wp\/v2\/categories?post=1023"},{"taxonomy":"post_tag","embeddable":true,"href":"https:\/\/lavoiedessansvoix.fr\/lavoie\/wp-json\/wp\/v2\/tags?post=1023"}],"curies":[{"name":"wp","href":"https:\/\/api.w.org\/{rel}","templated":true}]}}