{"id":1021,"date":"2016-02-23T03:24:00","date_gmt":"2016-02-23T02:24:00","guid":{"rendered":"https:\/\/lavoiedessansvoix.fr\/lavoie\/2016\/02\/23\/archive-kerry-ou-la-mauvaise-foi-criminelle\/"},"modified":"2026-04-26T22:00:55","modified_gmt":"2026-04-26T20:00:55","slug":"archive-kerry-ou-la-mauvaise-foi-criminelle","status":"publish","type":"post","link":"https:\/\/lavoiedessansvoix.fr\/lavoie\/2016\/02\/23\/archive-kerry-ou-la-mauvaise-foi-criminelle\/","title":{"rendered":"KERRY OU LA MAUVAISE FOI CRIMINELLE"},"content":{"rendered":"<p>KERRY OU LA MAUVAISE FOI CRIMINELLE*  John Kerry dit \u00ab craindre la disparition pure et simple de l\u2019\u00c9tat syrien \u00bb. Mais pourquoi Le chef de la diplomatie Am\u00e9ricaine craindrait-il la disparition de l\u2019\u00c9tat syrien que son administration, depuis 5 ans, s\u2019efforce pr\u00e9cis\u00e9ment de faire exploser par tous et n\u2019importe quel moyen ?  Voil\u00e0 5 ans bient\u00f4t que les USA \u2026\u2026. Second\u00e9s par la France et en alliance \u00e9troite avec l\u2019Arabie Saoudite et le Qatar tirent les ficelles de cette guerre terrible qu\u2019ils nomment \u00ab guerre civile \u00bb pour masquer qu\u2019il s\u2019agit en v\u00e9rit\u00e9 d\u2019une agression ext\u00e9rieure contre l\u2019\u00c9tat et la nation syrienne.   260 000 morts ? 12 millions de personnes d\u00e9plac\u00e9es ? Des dizaines de milliers de bless\u00e9s ? Des destructions massives ? Ils ont une explication facile, trop facile, c\u2019est la faute \u00e0 Bachar. Alors certes Bachar Al Assad et l\u2019\u00c9tat l\u00e9gal syrien ont leur part de responsabilit\u00e9 dans ce bilan catastrophique puisqu\u2019ils se d\u00e9fendent. Mais les attaquants, les agresseurs, les groupes Djihadistes et leurs commanditaires, n\u2019ont-ils pas aussi leur part de responsabilit\u00e9 ? Et probablement la plus grande puisqu\u2019ils sont les agresseurs ? Or monsieur Kerry chef de guerre inavou\u00e9 certes mais non moins r\u00e9el, se d\u00e9couvre r\u00e9cemment un int\u00e9r\u00eat pour \u00ab la paix \u00bb : \u00ab La guerre, c&rsquo;est toujours de nouveaux r\u00e9fugi\u00e9s, de nouveaux extr\u00e9mistes, de nouvelles destructions, et m\u00eame, peut-\u00eatre, une destruction totale de l&rsquo;Etat syrien. Voici pourquoi conclure la paix est mieux que poursuivre la guerre \u00bb, a d\u00e9clar\u00e9 le chef de la diplomatie am\u00e9ricaine, cit\u00e9 par Associated Press. Mais de quoi, de quelle paix parle donc Monsieur Kerry ?  Face \u00e0 l\u2019offensive conjointe de l\u2019aviation russe et de l\u2019arm\u00e9e syrienne, les groupes de combattants qui ont mis la Syrie \u00e0 feu et \u00e0 sang, sont en grande difficult\u00e9, alors, comme des gosses \u00e0 la r\u00e9cr\u00e9 ils crient \u00ab poussi ! poussi ! \u00bb. Ils se tournent vers leurs protecteurs am\u00e9ricains et demandent un cessez le feu.   Un cessez le feu ? Pourquoi faire ? Pour se ressaisir et se red\u00e9ployer, ou pour aboutir \u00e0 une situation de statuquo de facto o\u00f9 chacune des forces en pr\u00e9sence conserverait les portions de territoire qu\u2019elles contr\u00f4lent ? Faire cesser l\u2019offensive Russo-Syrienne pour fixer la situation existante, c\u2019est-\u00e0-dire la partition, l\u2019\u00e9clatement de la Syrie. Mais cela est impossible du point de vue du pouvoir l\u00e9gal et de ses alli\u00e9s Russes et Iraniens, car cela \u00e9quivaudrait ni plus ni moins \u00e0 une capitulation, une d\u00e9faite en rase campagne.  Les paroles fi\u00e9leuses de John Kerry ne sont donc pas les paroles de regrets d\u2019un homme soucieux de la sauvegarde de l\u2019\u00c9tat et de\u2019 l\u2019int\u00e9grit\u00e9 territoriale de la Syrie. Ce sont en v\u00e9rit\u00e9 des menaces \u00e0 peine voil\u00e9, un odieux chantage : \u00ab Faisons la paix, propose-t-il, sur les bases de la situation pr\u00e9sente, faisons la paix pour \u00e9viter que vous n\u2019infligiez une d\u00e9faite totale \u00e0 vos ennemis nos amis,  d\u00e9pe\u00e7ons la Syrie, chacun sa part, Bachar et ses amis Russes auront la leur, la Syrie \u00ab toujours \u00bb amput\u00e9s de plus de 70 % de son territoire, mais la Syrie tout de m\u00eame puisque vous y tenez tant. Et si vous ne voulez pas de ce partage, de ce compromis, alors la guerre se poursuivra et vous perdrez tout. Il n\u2019y aura plus de Syrie du tout, nous et nos alli\u00e9s la d\u00e9truiront. Voil\u00e0 la raison criminelle et dans quelle mesure John Kerry pr\u00e9tend craindre \u00ab la disparition pure et simple de la Syrie \u00bb  Patrick Seignon. \u00ab lavoiedessansvoix.fr \u00bb Lundi 21 f\u00e9vrier 2016* Cet article devait \u00eatre publi\u00e9 dimanche soir 21 f\u00e9vrier, quand survint l&rsquo;incident de migration de notre Site sur un nouveau serveur. C&rsquo;est pourquoi nous le publions avec 2 jours de retard.<\/p>\n","protected":false},"excerpt":{"rendered":"<p>KERRY OU LA MAUVAISE FOI CRIMINELLE* John Kerry dit \u00ab craindre la disparition pure et simple de l\u2019\u00c9tat syrien \u00bb. [&hellip;]<\/p>\n","protected":false},"author":1,"featured_media":4663,"comment_status":"open","ping_status":"open","sticky":false,"template":"","format":"standard","meta":{"sfsi_plus_gutenberg_text_before_share":"","sfsi_plus_gutenberg_show_text_before_share":"","sfsi_plus_gutenberg_icon_type":"","sfsi_plus_gutenberg_icon_alignemt":"","sfsi_plus_gutenburg_max_per_row":"","site-sidebar-layout":"default","site-content-layout":"","ast-site-content-layout":"default","site-content-style":"default","site-sidebar-style":"default","ast-global-header-display":"","ast-banner-title-visibility":"","ast-main-header-display":"","ast-hfb-above-header-display":"","ast-hfb-below-header-display":"","ast-hfb-mobile-header-display":"","site-post-title":"","ast-breadcrumbs-content":"","ast-featured-img":"","footer-sml-layout":"","ast-disable-related-posts":"","theme-transparent-header-meta":"","adv-header-id-meta":"","stick-header-meta":"","header-above-stick-meta":"","header-main-stick-meta":"","header-below-stick-meta":"","astra-migrate-meta-layouts":"default","ast-page-background-enabled":"default","ast-page-background-meta":{"desktop":{"background-color":"var(--ast-global-color-4)","background-image":"","background-repeat":"repeat","background-position":"center center","background-size":"auto","background-attachment":"scroll","background-type":"","background-media":"","overlay-type":"","overlay-color":"","overlay-opacity":"","overlay-gradient":""},"tablet":{"background-color":"","background-image":"","background-repeat":"repeat","background-position":"center center","background-size":"auto","background-attachment":"scroll","background-type":"","background-media":"","overlay-type":"","overlay-color":"","overlay-opacity":"","overlay-gradient":""},"mobile":{"background-color":"","background-image":"","background-repeat":"repeat","background-position":"center center","background-size":"auto","background-attachment":"scroll","background-type":"","background-media":"","overlay-type":"","overlay-color":"","overlay-opacity":"","overlay-gradient":""}},"ast-content-background-meta":{"desktop":{"background-color":"var(--ast-global-color-5)","background-image":"","background-repeat":"repeat","background-position":"center center","background-size":"auto","background-attachment":"scroll","background-type":"","background-media":"","overlay-type":"","overlay-color":"","overlay-opacity":"","overlay-gradient":""},"tablet":{"background-color":"var(--ast-global-color-5)","background-image":"","background-repeat":"repeat","background-position":"center center","background-size":"auto","background-attachment":"scroll","background-type":"","background-media":"","overlay-type":"","overlay-color":"","overlay-opacity":"","overlay-gradient":""},"mobile":{"background-color":"var(--ast-global-color-5)","background-image":"","background-repeat":"repeat","background-position":"center center","background-size":"auto","background-attachment":"scroll","background-type":"","background-media":"","overlay-type":"","overlay-color":"","overlay-opacity":"","overlay-gradient":""}},"footnotes":""},"categories":[16],"tags":[],"class_list":["post-1021","post","type-post","status-publish","format-standard","has-post-thumbnail","hentry","category-archives-cms"],"_links":{"self":[{"href":"https:\/\/lavoiedessansvoix.fr\/lavoie\/wp-json\/wp\/v2\/posts\/1021","targetHints":{"allow":["GET"]}}],"collection":[{"href":"https:\/\/lavoiedessansvoix.fr\/lavoie\/wp-json\/wp\/v2\/posts"}],"about":[{"href":"https:\/\/lavoiedessansvoix.fr\/lavoie\/wp-json\/wp\/v2\/types\/post"}],"author":[{"embeddable":true,"href":"https:\/\/lavoiedessansvoix.fr\/lavoie\/wp-json\/wp\/v2\/users\/1"}],"replies":[{"embeddable":true,"href":"https:\/\/lavoiedessansvoix.fr\/lavoie\/wp-json\/wp\/v2\/comments?post=1021"}],"version-history":[{"count":1,"href":"https:\/\/lavoiedessansvoix.fr\/lavoie\/wp-json\/wp\/v2\/posts\/1021\/revisions"}],"predecessor-version":[{"id":4664,"href":"https:\/\/lavoiedessansvoix.fr\/lavoie\/wp-json\/wp\/v2\/posts\/1021\/revisions\/4664"}],"wp:featuredmedia":[{"embeddable":true,"href":"https:\/\/lavoiedessansvoix.fr\/lavoie\/wp-json\/wp\/v2\/media\/4663"}],"wp:attachment":[{"href":"https:\/\/lavoiedessansvoix.fr\/lavoie\/wp-json\/wp\/v2\/media?parent=1021"}],"wp:term":[{"taxonomy":"category","embeddable":true,"href":"https:\/\/lavoiedessansvoix.fr\/lavoie\/wp-json\/wp\/v2\/categories?post=1021"},{"taxonomy":"post_tag","embeddable":true,"href":"https:\/\/lavoiedessansvoix.fr\/lavoie\/wp-json\/wp\/v2\/tags?post=1021"}],"curies":[{"name":"wp","href":"https:\/\/api.w.org\/{rel}","templated":true}]}}