{"id":1020,"date":"2016-02-25T01:45:00","date_gmt":"2016-02-25T00:45:00","guid":{"rendered":"https:\/\/lavoiedessansvoix.fr\/lavoie\/2016\/02\/25\/archive-loitravailnonmerci-un-million-de-signatures-c-est-possible\/"},"modified":"2026-04-26T22:00:46","modified_gmt":"2026-04-26T20:00:46","slug":"archive-loitravailnonmerci-un-million-de-signatures-c-est-possible","status":"publish","type":"post","link":"https:\/\/lavoiedessansvoix.fr\/lavoie\/2016\/02\/25\/archive-loitravailnonmerci-un-million-de-signatures-c-est-possible\/","title":{"rendered":"#loitravailnonmerci  UN MILLION DE SIGNATURES C\u2019EST POSSIBLE !"},"content":{"rendered":"<p>#loitravailnonmerci  UN MILLION DE SIGNATURES C\u2019EST POSSIBLE !   J\u2019ai bien s\u00fbr sign\u00e9e d\u00e8s que j\u2019en eu connaissance, et des deux mains, la p\u00e9tition initi\u00e9 sur \u00ab Change.org \u00bb par Caroline De Haas pour demander \u00e0 Mme Myriam El Khomri, nouveau Ministre du travail, de bien vouloir retirer son projet de loi destructeur.  Je vous invite \u00e0 en faire tout autant et \u00e0 user de tous les moyens dont vous disposez pour faire connaitre cette initiative et inviter vos contacts et amis \u00e0 se joindre aux signataires d\u00e9j\u00e0 nombreux.  Lorsque j\u2019ai sign\u00e9 il y a d\u00e9j\u00e0 deux ou trois jours, 160 000 avant moi l\u2019avaient d\u00e9j\u00e0 fait. J\u2019ai appel\u00e9 un ami hier pour attirer son attention. Lorsqu\u2019il a sign\u00e9 480 000 l\u2019avaient fait. Le chiffre de 500 000 signatures sera sans nul doute d\u00e9pass\u00e9 aujourd\u2019hui. Cette loi projet\u00e9e, liquidatrice du \u00ab Code du travail \u00bb, se propose de passer \u00e0 la trappe les r\u00e9sultats cumul\u00e9s d\u2019un si\u00e8cle et demi de luttes sociales. Il s\u2019agit l\u00e0 d\u2019un sujet tr\u00e8s grave qui concerne la totalit\u00e9 des salari\u00e9s de ce pays, c\u2019est-\u00e0-dire plus de 20 millions d\u2019actifs. R\u00e9unir 1 million de signatures ou plus, oui c\u2019est possible.     Mais il convient de ne se faire aucune illusion, m\u00eame deux millions de signatures n\u2019arr\u00eaterons pas \u00ab le char \u00bb du gouvernement. C\u2019est une mobilisation sociale qu\u2019il faut, c\u2019est une puissante gr\u00e8ve de semonce. Oui il faut r\u00e9unir 1 million de signatures ou plus,  non comme une fin en soi, mais comme un moyen de faire m\u00fbrir la mobilisation sociale n\u00e9cessaire.  Patrick Seignon. \u00ab lavoiedessansvoix.fr \u00bb. Jeudi 25 f\u00e9vrier 2016<\/p>\n","protected":false},"excerpt":{"rendered":"<p>#loitravailnonmerci UN MILLION DE SIGNATURES C\u2019EST POSSIBLE ! J\u2019ai bien s\u00fbr sign\u00e9e d\u00e8s que j\u2019en eu connaissance, et des deux [&hellip;]<\/p>\n","protected":false},"author":1,"featured_media":4661,"comment_status":"open","ping_status":"open","sticky":false,"template":"","format":"standard","meta":{"sfsi_plus_gutenberg_text_before_share":"","sfsi_plus_gutenberg_show_text_before_share":"","sfsi_plus_gutenberg_icon_type":"","sfsi_plus_gutenberg_icon_alignemt":"","sfsi_plus_gutenburg_max_per_row":"","site-sidebar-layout":"default","site-content-layout":"","ast-site-content-layout":"default","site-content-style":"default","site-sidebar-style":"default","ast-global-header-display":"","ast-banner-title-visibility":"","ast-main-header-display":"","ast-hfb-above-header-display":"","ast-hfb-below-header-display":"","ast-hfb-mobile-header-display":"","site-post-title":"","ast-breadcrumbs-content":"","ast-featured-img":"","footer-sml-layout":"","ast-disable-related-posts":"","theme-transparent-header-meta":"","adv-header-id-meta":"","stick-header-meta":"","header-above-stick-meta":"","header-main-stick-meta":"","header-below-stick-meta":"","astra-migrate-meta-layouts":"default","ast-page-background-enabled":"default","ast-page-background-meta":{"desktop":{"background-color":"var(--ast-global-color-4)","background-image":"","background-repeat":"repeat","background-position":"center center","background-size":"auto","background-attachment":"scroll","background-type":"","background-media":"","overlay-type":"","overlay-color":"","overlay-opacity":"","overlay-gradient":""},"tablet":{"background-color":"","background-image":"","background-repeat":"repeat","background-position":"center center","background-size":"auto","background-attachment":"scroll","background-type":"","background-media":"","overlay-type":"","overlay-color":"","overlay-opacity":"","overlay-gradient":""},"mobile":{"background-color":"","background-image":"","background-repeat":"repeat","background-position":"center center","background-size":"auto","background-attachment":"scroll","background-type":"","background-media":"","overlay-type":"","overlay-color":"","overlay-opacity":"","overlay-gradient":""}},"ast-content-background-meta":{"desktop":{"background-color":"var(--ast-global-color-5)","background-image":"","background-repeat":"repeat","background-position":"center center","background-size":"auto","background-attachment":"scroll","background-type":"","background-media":"","overlay-type":"","overlay-color":"","overlay-opacity":"","overlay-gradient":""},"tablet":{"background-color":"var(--ast-global-color-5)","background-image":"","background-repeat":"repeat","background-position":"center center","background-size":"auto","background-attachment":"scroll","background-type":"","background-media":"","overlay-type":"","overlay-color":"","overlay-opacity":"","overlay-gradient":""},"mobile":{"background-color":"var(--ast-global-color-5)","background-image":"","background-repeat":"repeat","background-position":"center center","background-size":"auto","background-attachment":"scroll","background-type":"","background-media":"","overlay-type":"","overlay-color":"","overlay-opacity":"","overlay-gradient":""}},"footnotes":""},"categories":[16],"tags":[],"class_list":["post-1020","post","type-post","status-publish","format-standard","has-post-thumbnail","hentry","category-archives-cms"],"_links":{"self":[{"href":"https:\/\/lavoiedessansvoix.fr\/lavoie\/wp-json\/wp\/v2\/posts\/1020","targetHints":{"allow":["GET"]}}],"collection":[{"href":"https:\/\/lavoiedessansvoix.fr\/lavoie\/wp-json\/wp\/v2\/posts"}],"about":[{"href":"https:\/\/lavoiedessansvoix.fr\/lavoie\/wp-json\/wp\/v2\/types\/post"}],"author":[{"embeddable":true,"href":"https:\/\/lavoiedessansvoix.fr\/lavoie\/wp-json\/wp\/v2\/users\/1"}],"replies":[{"embeddable":true,"href":"https:\/\/lavoiedessansvoix.fr\/lavoie\/wp-json\/wp\/v2\/comments?post=1020"}],"version-history":[{"count":1,"href":"https:\/\/lavoiedessansvoix.fr\/lavoie\/wp-json\/wp\/v2\/posts\/1020\/revisions"}],"predecessor-version":[{"id":4662,"href":"https:\/\/lavoiedessansvoix.fr\/lavoie\/wp-json\/wp\/v2\/posts\/1020\/revisions\/4662"}],"wp:featuredmedia":[{"embeddable":true,"href":"https:\/\/lavoiedessansvoix.fr\/lavoie\/wp-json\/wp\/v2\/media\/4661"}],"wp:attachment":[{"href":"https:\/\/lavoiedessansvoix.fr\/lavoie\/wp-json\/wp\/v2\/media?parent=1020"}],"wp:term":[{"taxonomy":"category","embeddable":true,"href":"https:\/\/lavoiedessansvoix.fr\/lavoie\/wp-json\/wp\/v2\/categories?post=1020"},{"taxonomy":"post_tag","embeddable":true,"href":"https:\/\/lavoiedessansvoix.fr\/lavoie\/wp-json\/wp\/v2\/tags?post=1020"}],"curies":[{"name":"wp","href":"https:\/\/api.w.org\/{rel}","templated":true}]}}