{"id":1018,"date":"2016-02-25T04:05:00","date_gmt":"2016-02-25T03:05:00","guid":{"rendered":"https:\/\/lavoiedessansvoix.fr\/lavoie\/2016\/02\/25\/archive-l-insipide-tambouille-de-francois-hollande\/"},"modified":"2026-04-26T22:00:29","modified_gmt":"2026-04-26T20:00:29","slug":"archive-l-insipide-tambouille-de-francois-hollande","status":"publish","type":"post","link":"https:\/\/lavoiedessansvoix.fr\/lavoie\/2016\/02\/25\/archive-l-insipide-tambouille-de-francois-hollande\/","title":{"rendered":"L\u2019INSIPIDE \u00ab TAMBOUILLE \u00bb  DE FRAN\u00c7OIS HOLLANDE"},"content":{"rendered":"<p>L\u2019INSIPIDE \u00ab TAMBOUILLE \u00bb  DE FRAN\u00c7OIS HOLLANDE  Il n\u2019\u00e9tait d\u00e9j\u00e0 pas en odeur de saintet\u00e9 \u00bb avec 19 % seulement d\u2019opinions favorables et 74 % d\u2019opinion d\u00e9favorables. Apr\u00e8s son dernier tripatouillage minist\u00e9riel et sa ridicule prestation  t\u00e9l\u00e9vis\u00e9e du soir,  il va pourtant encore chuter dans les sondages. Fran\u00e7ois Hollande prend les Fran\u00e7ais pour des billes. Les fran\u00e7ais le lui feront payer.  Surfant maladroitement sur la vague g\u00e9ante des attentats du 13 novembre 2015, il se voyait en \u00ab sauveur supr\u00eame \u00bb, en \u00ab protecteur du peuple \u00bb, en \u00ab p\u00e8re de la nation \u00bb. Il en appelait \u00ab \u00e0 l\u2019Union Nationale \u00bb. La vague l\u2019a submerg\u00e9. A d\u00e9faut d\u2019unit\u00e9 nationale il tente de nous bidouiller une alliance de fortune en d\u00e9bauchant quelques \u00ab verts soupophages \u00bb all\u00e9ch\u00e9s par le \u00ab bon fumet \u00bb du pouvoir et de l\u2019argent et \u00e9peronn\u00e9s par les exigences de leur \u00e9go surdimensionn\u00e9.   Objectif : masquer son isolement, faire oublier un temps avec les promesses d\u2019une \u00e9quipe revisit\u00e9e, le terrible naufrage de sa politique dans tous ses aspects. R\u00e9sultats : quelques manipulations naus\u00e9abondes qui font douter des aptitudes intellectuelles du Pr\u00e9sident de la R\u00e9publique.  \u00ab L\u2019homme qui se prenait pour Dieu \u00bb et hurlait \u00e0 tous vents \u00ab Assad d\u00e9gage ! \u00bb C\u2019est lui, qui  \u00ab d\u00e9gage \u00bb. L\u2019inimitable Laurent Fabius qui incarnait au Quai d\u2019Orsay l\u2019intransigeance et la duplicit\u00e9 de la diplomatie Fran\u00e7aise. ! \u00bb. Oh certes, ce n\u2019est pas vraiment un d\u00e9saveu. Fran\u00e7ois Hollande a proc\u00e9d\u00e9 en la mati\u00e8re comme il est de tradition dans l\u2019administration fran\u00e7aise ou dans certain \u00ab corps constitu\u00e9s \u00bb de masquer la sanction par une promotion dans \u00ab un placard dor\u00e9 \u00bb. Ce sera pour Laurent le \u00ab conseil constitutionnel \u00bb, dont il devient m\u00eame le Pr\u00e9sident \u00e0 la place de Jean-Louis Debr\u00e9. Cet homme aigri, aux hallucinations prom\u00e9th\u00e9ennes dont la mauvaise foi n\u2019est plus \u00e0 d\u00e9montrer veillera au respect de la constitution ? C\u2019est \u00e0 vous glacer les sangs et \u00e7a n\u2019est pas de nature \u00e0 valoriser son mentor.  La nomination \u00e0 un poste minist\u00e9riel de Jean-Vincent Plac\u00e9, \u00ab l\u2019astre qui se prenait pour le nombril du monde \u00bb (\u2026\u2026) est du m\u00eame tonneau. Elle ne t\u00e9moigne pas davantage de la perspicacit\u00e9 ni de la puret\u00e9 des intentions du chef de l\u2019Etat qui l\u2019a intronis\u00e9.  Naufrage :  1 &#8211; Naufrage de la politique de l\u2019emploi ? Certes l\u2019expression est impropre, il n\u2019y a jamais eu de politique de l\u2019emploi, mais une politique fond\u00e9e sur le ch\u00f4mage de masse comme moyen de peser lourdement sur les salaires afin d\u2019accroitre \u00ab la RENTABILIT\u00c9 \u00bb du capital. A tel point qu\u2019il en est r\u00e9duit, pour tenter encore d\u2019atteindre son objectif propagandiste d\u2019inversion de la courbe du ch\u00f4mage, \u00e0 des manipulations grossi\u00e8res et sans fard de plan de \u00ab formation \u00bb sens\u00e9s maquiller la r\u00e9alit\u00e9 des chiffres.  2 &#8211; Naufrage de la politique environnementale que, ni le pr\u00e9tendu succ\u00e8s de \u00ab la cop21 \u00bb, ni la rescousse d\u2019\u00e9cologistes f\u00e9lons, ne peuvent dissimuler.  3 &#8211; Naufrage de la politique internationale, que la r\u00e9it\u00e9ration insens\u00e9 des exigences de d\u00e9part de Bachar Al Assad, ni les assertions insultantes \u00e0 l\u2019endroit de celui-ci (\u00ab Bachar Al Assad avance en massacrant son peuple \u00bb) ne peuvent masquer. Depuis le d\u00e9but de l\u2019intervention de l\u2019aviation Russe qui a compl\u00e9tement boulevers\u00e9 la donne, la France en Syrie n\u2019est plus en mesure d\u2019exiger quoique ce soit.  4 &#8211; Naufrage des valeurs. La France \u00ab terre d\u2019asile \u00bb et responsable au premier chef des calamit\u00e9s qui s\u2019abattent sur les populations du Moyen-Orient en g\u00e9n\u00e9ral de la Syrie en particulier, n\u2019a re\u00e7u qu\u2019un nombre d\u00e9risoire de r\u00e9fugi\u00e9s. La France \u00ab de la libert\u00e9 ch\u00e9rie \u00bb et des libert\u00e9s individuelles, se claquemure dans le bunker de la dictature polici\u00e8re constitutionnelle \u00ab de l\u2019\u00e9tat d\u2019urgence \u00bb. La France \u00ab Patrie des droits de l\u2019homme \u00bb foule aux pieds \u00ab le droit du sol \u00bb et les droits fondamentaux de l\u2019homme en \u00e9dictant une loi nouvelle sur la d\u00e9ch\u00e9ance de la nationalit\u00e9.   5 \u2013 Naufrage de la politique agricole. L\u00e0 encore le terme est impropre. Il s\u2019agit plut\u00f4t du naufrage ou plus exactement m\u00eame de l\u2019\u00e9chouage maniganc\u00e9 de l\u2019agriculture traditionnelle. Le monde agricole est en col\u00e8re et revendique le droit simple de vivre de son travail. Le probl\u00e8me est celui des prix de vente insuffisants des produits agricoles, de la concurrence europ\u00e9enne et mondiale, de la dictature tarifaire des centrales d\u2019achat et des grandes surfaces de la distribution, de l\u2019industrialisation de l\u2019agriculture qui tue l\u2019exploitation familiale classique. La r\u00e9ponse de Hollande, qu\u2019elle est-elle ? Non pas des mesures de correction des calamiteuses lois du march\u00e9 afin de r\u00e9tablir un niveau de prix juste permettant aux agriculteurs de vivre de leur travail, mais des exon\u00e9rations de \u00ab charges sociales \u00bb. Or qu\u2019est-ce les charges sociales ? C\u2019est une part du revenu agricole redistribu\u00e9e aux agriculteurs eux-m\u00eames et \u00e0 leurs salari\u00e9s. En r\u00e9duisant celles-ci Fran\u00e7ois Hollande dans un premier temps appauvrit donc encore \u00ab le monde agricole \u00bb. Or, les charges sociales baissant ce seront par suite les co\u00fbts de production des denr\u00e9es agricoles qui baisseront.  La gabegie m\u00eame, \u00e0 une logique,  et au bout du compte de \u00ab la logique de march\u00e9 \u00bb, qui reste pleinement op\u00e9rante, ce sont les prix qui seront ainsi promis \u00e0 de nouvelles baisses. En r\u00e9sum\u00e9, Hollande propose donc aux agriculteurs de se payer eux-m\u00eames avec une part de leur revenu en creusant encore un peu la tombe de l\u2019agriculture traditionnelle.    Or, sur cette toile de fond, voil\u00e0  qu\u2019arrive \u00ab\u00a0la cerise du g\u00e2teau\u00a0\u00bb,  l\u2019apoth\u00e9ose de la l\u2019indignit\u00e9, le projet de loi port\u00e9 par Mme Khomeri nouveau ministre du travail, qui veut d\u00e9manteler du code du travail, passer \u00e0 la trappe les r\u00e9sultats cumul\u00e9s d\u2019un si\u00e8cle et demi de longues et p\u00e9nibles luttes ouvri\u00e8res.  Il faut faire baisser leur caquet \u00e0 l\u2019\u00e9quipe Hollande Valls, Macron.  Debout France ! Rel\u00e8ves-toi toi-m\u00eame !  Patrick Seignon. \u00ab lavoiedessansvoix.fr \u00bb. Mardi 25 f\u00e9vrier 2016.<\/p>\n","protected":false},"excerpt":{"rendered":"<p>L\u2019INSIPIDE \u00ab TAMBOUILLE \u00bb DE FRAN\u00c7OIS HOLLANDE Il n\u2019\u00e9tait d\u00e9j\u00e0 pas en odeur de saintet\u00e9 \u00bb avec 19 % seulement [&hellip;]<\/p>\n","protected":false},"author":1,"featured_media":4657,"comment_status":"open","ping_status":"open","sticky":false,"template":"","format":"standard","meta":{"sfsi_plus_gutenberg_text_before_share":"","sfsi_plus_gutenberg_show_text_before_share":"","sfsi_plus_gutenberg_icon_type":"","sfsi_plus_gutenberg_icon_alignemt":"","sfsi_plus_gutenburg_max_per_row":"","site-sidebar-layout":"default","site-content-layout":"","ast-site-content-layout":"default","site-content-style":"default","site-sidebar-style":"default","ast-global-header-display":"","ast-banner-title-visibility":"","ast-main-header-display":"","ast-hfb-above-header-display":"","ast-hfb-below-header-display":"","ast-hfb-mobile-header-display":"","site-post-title":"","ast-breadcrumbs-content":"","ast-featured-img":"","footer-sml-layout":"","ast-disable-related-posts":"","theme-transparent-header-meta":"","adv-header-id-meta":"","stick-header-meta":"","header-above-stick-meta":"","header-main-stick-meta":"","header-below-stick-meta":"","astra-migrate-meta-layouts":"default","ast-page-background-enabled":"default","ast-page-background-meta":{"desktop":{"background-color":"var(--ast-global-color-4)","background-image":"","background-repeat":"repeat","background-position":"center center","background-size":"auto","background-attachment":"scroll","background-type":"","background-media":"","overlay-type":"","overlay-color":"","overlay-opacity":"","overlay-gradient":""},"tablet":{"background-color":"","background-image":"","background-repeat":"repeat","background-position":"center center","background-size":"auto","background-attachment":"scroll","background-type":"","background-media":"","overlay-type":"","overlay-color":"","overlay-opacity":"","overlay-gradient":""},"mobile":{"background-color":"","background-image":"","background-repeat":"repeat","background-position":"center center","background-size":"auto","background-attachment":"scroll","background-type":"","background-media":"","overlay-type":"","overlay-color":"","overlay-opacity":"","overlay-gradient":""}},"ast-content-background-meta":{"desktop":{"background-color":"var(--ast-global-color-5)","background-image":"","background-repeat":"repeat","background-position":"center center","background-size":"auto","background-attachment":"scroll","background-type":"","background-media":"","overlay-type":"","overlay-color":"","overlay-opacity":"","overlay-gradient":""},"tablet":{"background-color":"var(--ast-global-color-5)","background-image":"","background-repeat":"repeat","background-position":"center center","background-size":"auto","background-attachment":"scroll","background-type":"","background-media":"","overlay-type":"","overlay-color":"","overlay-opacity":"","overlay-gradient":""},"mobile":{"background-color":"var(--ast-global-color-5)","background-image":"","background-repeat":"repeat","background-position":"center center","background-size":"auto","background-attachment":"scroll","background-type":"","background-media":"","overlay-type":"","overlay-color":"","overlay-opacity":"","overlay-gradient":""}},"footnotes":""},"categories":[16],"tags":[],"class_list":["post-1018","post","type-post","status-publish","format-standard","has-post-thumbnail","hentry","category-archives-cms"],"_links":{"self":[{"href":"https:\/\/lavoiedessansvoix.fr\/lavoie\/wp-json\/wp\/v2\/posts\/1018","targetHints":{"allow":["GET"]}}],"collection":[{"href":"https:\/\/lavoiedessansvoix.fr\/lavoie\/wp-json\/wp\/v2\/posts"}],"about":[{"href":"https:\/\/lavoiedessansvoix.fr\/lavoie\/wp-json\/wp\/v2\/types\/post"}],"author":[{"embeddable":true,"href":"https:\/\/lavoiedessansvoix.fr\/lavoie\/wp-json\/wp\/v2\/users\/1"}],"replies":[{"embeddable":true,"href":"https:\/\/lavoiedessansvoix.fr\/lavoie\/wp-json\/wp\/v2\/comments?post=1018"}],"version-history":[{"count":1,"href":"https:\/\/lavoiedessansvoix.fr\/lavoie\/wp-json\/wp\/v2\/posts\/1018\/revisions"}],"predecessor-version":[{"id":4658,"href":"https:\/\/lavoiedessansvoix.fr\/lavoie\/wp-json\/wp\/v2\/posts\/1018\/revisions\/4658"}],"wp:featuredmedia":[{"embeddable":true,"href":"https:\/\/lavoiedessansvoix.fr\/lavoie\/wp-json\/wp\/v2\/media\/4657"}],"wp:attachment":[{"href":"https:\/\/lavoiedessansvoix.fr\/lavoie\/wp-json\/wp\/v2\/media?parent=1018"}],"wp:term":[{"taxonomy":"category","embeddable":true,"href":"https:\/\/lavoiedessansvoix.fr\/lavoie\/wp-json\/wp\/v2\/categories?post=1018"},{"taxonomy":"post_tag","embeddable":true,"href":"https:\/\/lavoiedessansvoix.fr\/lavoie\/wp-json\/wp\/v2\/tags?post=1018"}],"curies":[{"name":"wp","href":"https:\/\/api.w.org\/{rel}","templated":true}]}}