{"id":1016,"date":"2016-02-26T08:21:00","date_gmt":"2016-02-26T07:21:00","guid":{"rendered":"https:\/\/lavoiedessansvoix.fr\/lavoie\/2016\/02\/26\/archive-de-la-petition-a-la-mobilisation-loitravailnonmerci\/"},"modified":"2026-04-26T22:00:06","modified_gmt":"2026-04-26T20:00:06","slug":"archive-de-la-petition-a-la-mobilisation-loitravailnonmerci","status":"publish","type":"post","link":"https:\/\/lavoiedessansvoix.fr\/lavoie\/2016\/02\/26\/archive-de-la-petition-a-la-mobilisation-loitravailnonmerci\/","title":{"rendered":"DE LA PETITION A LA MOBILISATION  (loitravailnonmerci)"},"content":{"rendered":"<p>DE LA P\u00c9TITION A LA MOBILISATION  (loitravailnonmerci)   D\u00e9j\u00e0 plus de 650 000 signatures pour exiger son retrait. Le d\u00e9bat enfle autour de l\u2019avant-projet de loi El-Khomri. Madame le Ministre a cru utile de r\u00e9pondre \u00e0 la p\u00e9tition \u00ab loitravailnonmerci \u00bb. Nous analyserons \u00e0 un autre moment le contenu de sa r\u00e9ponse. Pour l\u2019imm\u00e9diat nous la remercions. En r\u00e9pondant elle n\u2019a fait qu\u2019allumer le deuxi\u00e8me \u00e9tage de la fus\u00e9e. C\u2019est sans peine que la p\u00e9tition d\u00e9passera d\u00e8s-lors le million de signatures, et m\u00eame bien au-del\u00e0.  Les initiatives se multiplient. Le v\u0153u que nous formions que la p\u00e9tition ne soit qu\u2019un puissant vecteur de lancement d\u2019une v\u00e9ritable mobilisation populaire semble devoir se r\u00e9aliser. Des militants, nous les en remercions ont pris l\u2019initiative d\u2019un appel \u00e0 manifester le 9 mars \u00e0 Paris place de la R\u00e9publique. Nous appuyons cette initiative et les assurons de notre pr\u00e9sence. Mais il y a mieux. Cet appel avait surtout pour dessein de faire bouger les lignes syndicales et il semble que cela soit le cas.  Le grand succ\u00e8s de la p\u00e9tition, et nous ne sommes encore semble-t-il qu\u2019au d\u00e9but, a d\u00e9j\u00e0 produit un effet salvateur. Alors que s\u00e9vissait le pessimisme et la r\u00e9signation, la France salari\u00e9e c\u2019est mise \u00e0 bouillonner. Ce, \u00e0 quoi nous assistons ce sont les signes avant-coureurs d\u2019une mobilisation gigantesque.  A notre \u00e9chelle nous travaillerons \u00e0 la faire naitre, grandir et vaincre, mais pour l\u2019imm\u00e9diat il convient de poursuivre et d\u2019amplifier la campagne de signature.  Patrick Seignon. \u00ab lavoiedessansvoix.fr \u00bb Vendredi 26 f\u00e9vrier 2016. (14 heures 15.)<\/p>\n","protected":false},"excerpt":{"rendered":"<p>DE LA P\u00c9TITION A LA MOBILISATION (loitravailnonmerci) D\u00e9j\u00e0 plus de 650 000 signatures pour exiger son retrait. Le d\u00e9bat enfle [&hellip;]<\/p>\n","protected":false},"author":1,"featured_media":4653,"comment_status":"open","ping_status":"open","sticky":false,"template":"","format":"standard","meta":{"sfsi_plus_gutenberg_text_before_share":"","sfsi_plus_gutenberg_show_text_before_share":"","sfsi_plus_gutenberg_icon_type":"","sfsi_plus_gutenberg_icon_alignemt":"","sfsi_plus_gutenburg_max_per_row":"","site-sidebar-layout":"default","site-content-layout":"","ast-site-content-layout":"default","site-content-style":"default","site-sidebar-style":"default","ast-global-header-display":"","ast-banner-title-visibility":"","ast-main-header-display":"","ast-hfb-above-header-display":"","ast-hfb-below-header-display":"","ast-hfb-mobile-header-display":"","site-post-title":"","ast-breadcrumbs-content":"","ast-featured-img":"","footer-sml-layout":"","ast-disable-related-posts":"","theme-transparent-header-meta":"","adv-header-id-meta":"","stick-header-meta":"","header-above-stick-meta":"","header-main-stick-meta":"","header-below-stick-meta":"","astra-migrate-meta-layouts":"default","ast-page-background-enabled":"default","ast-page-background-meta":{"desktop":{"background-color":"var(--ast-global-color-4)","background-image":"","background-repeat":"repeat","background-position":"center center","background-size":"auto","background-attachment":"scroll","background-type":"","background-media":"","overlay-type":"","overlay-color":"","overlay-opacity":"","overlay-gradient":""},"tablet":{"background-color":"","background-image":"","background-repeat":"repeat","background-position":"center center","background-size":"auto","background-attachment":"scroll","background-type":"","background-media":"","overlay-type":"","overlay-color":"","overlay-opacity":"","overlay-gradient":""},"mobile":{"background-color":"","background-image":"","background-repeat":"repeat","background-position":"center center","background-size":"auto","background-attachment":"scroll","background-type":"","background-media":"","overlay-type":"","overlay-color":"","overlay-opacity":"","overlay-gradient":""}},"ast-content-background-meta":{"desktop":{"background-color":"var(--ast-global-color-5)","background-image":"","background-repeat":"repeat","background-position":"center center","background-size":"auto","background-attachment":"scroll","background-type":"","background-media":"","overlay-type":"","overlay-color":"","overlay-opacity":"","overlay-gradient":""},"tablet":{"background-color":"var(--ast-global-color-5)","background-image":"","background-repeat":"repeat","background-position":"center center","background-size":"auto","background-attachment":"scroll","background-type":"","background-media":"","overlay-type":"","overlay-color":"","overlay-opacity":"","overlay-gradient":""},"mobile":{"background-color":"var(--ast-global-color-5)","background-image":"","background-repeat":"repeat","background-position":"center center","background-size":"auto","background-attachment":"scroll","background-type":"","background-media":"","overlay-type":"","overlay-color":"","overlay-opacity":"","overlay-gradient":""}},"footnotes":""},"categories":[16],"tags":[],"class_list":["post-1016","post","type-post","status-publish","format-standard","has-post-thumbnail","hentry","category-archives-cms"],"_links":{"self":[{"href":"https:\/\/lavoiedessansvoix.fr\/lavoie\/wp-json\/wp\/v2\/posts\/1016","targetHints":{"allow":["GET"]}}],"collection":[{"href":"https:\/\/lavoiedessansvoix.fr\/lavoie\/wp-json\/wp\/v2\/posts"}],"about":[{"href":"https:\/\/lavoiedessansvoix.fr\/lavoie\/wp-json\/wp\/v2\/types\/post"}],"author":[{"embeddable":true,"href":"https:\/\/lavoiedessansvoix.fr\/lavoie\/wp-json\/wp\/v2\/users\/1"}],"replies":[{"embeddable":true,"href":"https:\/\/lavoiedessansvoix.fr\/lavoie\/wp-json\/wp\/v2\/comments?post=1016"}],"version-history":[{"count":1,"href":"https:\/\/lavoiedessansvoix.fr\/lavoie\/wp-json\/wp\/v2\/posts\/1016\/revisions"}],"predecessor-version":[{"id":4654,"href":"https:\/\/lavoiedessansvoix.fr\/lavoie\/wp-json\/wp\/v2\/posts\/1016\/revisions\/4654"}],"wp:featuredmedia":[{"embeddable":true,"href":"https:\/\/lavoiedessansvoix.fr\/lavoie\/wp-json\/wp\/v2\/media\/4653"}],"wp:attachment":[{"href":"https:\/\/lavoiedessansvoix.fr\/lavoie\/wp-json\/wp\/v2\/media?parent=1016"}],"wp:term":[{"taxonomy":"category","embeddable":true,"href":"https:\/\/lavoiedessansvoix.fr\/lavoie\/wp-json\/wp\/v2\/categories?post=1016"},{"taxonomy":"post_tag","embeddable":true,"href":"https:\/\/lavoiedessansvoix.fr\/lavoie\/wp-json\/wp\/v2\/tags?post=1016"}],"curies":[{"name":"wp","href":"https:\/\/api.w.org\/{rel}","templated":true}]}}