{"id":1015,"date":"2016-02-27T03:31:00","date_gmt":"2016-02-27T02:31:00","guid":{"rendered":"https:\/\/lavoiedessansvoix.fr\/lavoie\/2016\/02\/27\/archive-treve-en-syrie-les-intentions-cachees-de-la-diplomatie-us\/"},"modified":"2026-04-26T21:59:57","modified_gmt":"2026-04-26T19:59:57","slug":"archive-treve-en-syrie-les-intentions-cachees-de-la-diplomatie-us","status":"publish","type":"post","link":"https:\/\/lavoiedessansvoix.fr\/lavoie\/2016\/02\/27\/archive-treve-en-syrie-les-intentions-cachees-de-la-diplomatie-us\/","title":{"rendered":"TR\u00caVE EN SYRIE : LES INTENTIONS CACH\u00c9ES DE LA DIPLOMATIE US"},"content":{"rendered":"<p>TR\u00caVE EN SYRIE : LES INTENTIONS CACH\u00c9ES DE LA DIPLOMATIE US   Nous avions d\u00e9crypt\u00e9es le 21 f\u00e9vrier, dans les lamentations captieuses de John Kerry \u00e0 propos du risque de \u00ab disparition de la Syrie \u00bb, les intentions dissimul\u00e9es de la diplomatie US, dans sa conduite actuelle du dossier syrien. Nous en rendions compte de la sorte dans notre article \u00ab KERRY OU LA MAUVAISE FOI CRIMINELLE \u00bb: \u00ab Les paroles obs\u00e9quieuses de John Kerry ne sont donc pas les paroles de regrets d\u2019un homme soucieux de la sauvegarde de l\u2019Etat et de\u2019 l\u2019int\u00e9grit\u00e9 territoriale de la Syrie. Ce sont en v\u00e9rit\u00e9 des menaces \u00e0 peine voil\u00e9, un odieux chantage : \u00ab Faisons la paix, propose-t-il, sur les bases de la situation pr\u00e9sente, faisons la paix pour \u00e9viter que vous n\u2019infligiez une d\u00e9faite totale \u00e0 vos ennemis nos amis,  d\u00e9pe\u00e7ons la Syrie, chacun sa part, Bachar et ses amis Russes auront la leur, la Syrie \u00ab toujours \u00bb amput\u00e9s de plus de 70 % de son territoire, mais la Syrie tout de m\u00eame puisque vous y tenez tant. Et si vous ne voulez pas de ce partage, de ce compromis, alors la guerre se poursuivra et vous perdrez tout. Il n\u2019y aura plus de Syrie du tout, nous et nos alli\u00e9s la d\u00e9truiront. Voil\u00e0 la raison criminelle et dans quelle mesure John Kerry pr\u00e9tend craindre \u00ab la disparition pure et simple de la Syrie \u00bb.  Eh bien, \u00e0 l\u2019approche de la tr\u00eave partielle convenue entre russe et am\u00e9ricains pour le 26 f\u00e9vrier (hier soir), cette v\u00e9rit\u00e9 mal cach\u00e9e apparait de plus en plus clairement. J\u2019ai entendu hier \u00e0 plusieurs reprises, sur BFMTV le commentaire v\u00e9n\u00e9neux et infiniment confus d\u2019Ulysse Gosset qui expliquait que russes am\u00e9ricains, \u00ab opposition mod\u00e9r\u00e9e \u00bb et d\u2019autres souhaitaient s\u2019accorder dans la lutte contre \u00ab Daaecsh\u2019 \u00bb, mais que cela \u00e9tait impossible tant que Bachar El Assad \u00e9tait au pouvoir car c\u2019\u00e9tait lui la racine du mal.  O\u00f9 l\u2019on en revient \u00e0 la th\u00e8se Fabius\/ Yaalon selon laquelle Bachar c\u2019est pire que Daech et qu\u2019il y a donc lieu de pr\u00e9f\u00e9rer la victoire de Daech \u00e0 celle de Bachar. Or, dire cela, n\u2019est-ce pas convenir que la d\u00e9faite de Bachar doit pr\u00e9c\u00e9der, pour la rendre possible, celle de l\u2019EI ? Il faut convaincre les russes de cela disait Ulysse Gosset.   Depuis le d\u00e9but de l\u2019intervention de l\u2019aviation Russe en Syrie, \u00e0 la demande du Pr\u00e9sident Assad, les occidentaux ont adapt\u00e9 leur discours. Nous l\u2019avons expliqu\u00e9 pr\u00e9c\u00e9demment, ils ne pouvaient pas ignorer la nouvelle donne que cr\u00e9ait cette irruption de la Russie dans le conflit. L\u2019ajustement tournait autour de la question du maintien ou non d\u2019Assad au pouvoir en Syrie. Am\u00e9ricains d\u2019abord et fran\u00e7ais en trainant les pieds et maugr\u00e9ant, convinrent que la lutte contre Daesh \u00e9tait la priorit\u00e9 et que par voie de cons\u00e9quence la chute d\u2019Assad ne l\u2019\u00e9tait plus. Mais nous avions averti, d\u00e8s le d\u00e9but de \u00ab cette \u00e9volution \u00bb qu\u2019il ne s\u2019agissait que d\u2019une pr\u00e9caution s\u00e9mantique dans le discours diplomatique, que la politique syrienne des USA et de la France n\u2019avaient en v\u00e9rit\u00e9 pas vari\u00e9. Les USA et la France ne conviennent de l\u2019impossibilit\u00e9 d\u2019ignorer la Russie dans le r\u00e8glement du conflit syrien qu\u2019en esp\u00e9rant monnayer cette reconnaissance contre le l\u00e2chage par celle-ci de Bachar Al Assad. C\u2019est l\u2019histoire du fou et de l\u2019\u00e9lastique qu\u2019on racontait quand j\u2019\u00e9tais gosse. Au fond rien n\u2019a chang\u00e9, c\u2019est toujours la m\u00eame obstination dussent-ils \u00e0 cette fin \u00ab rayer la Syrie de la carte du monde. \u00bb  Ulysse Gosset c\u2019est Ulysse Gosset, ce n\u2019est ni Kerry ni Obama. Oui mais Ulysse Gosset c\u2019est cal\u00e9 sur les th\u00e8ses am\u00e9ricaines et se fait le porte-parole et le traducteur des intentions r\u00e9elles de l\u2019administration am\u00e9ricaine. Cela apparait clairement quand il affirme que, si Bachar reste et si donc la lutte coordonn\u00e9e contre l\u2019EI s\u2019av\u00e8re impossible, alors \u00ab la Syrie risque d\u2019exploser \u00bb.  Oui vous savez, la m\u00eame menace, la m\u00eame disparition de la Syrie que John Kerry disait craindre il y a quelques jours ? Propos dont nous avions d\u00e9nonc\u00e9 l\u2019ignominie et le ridicule (voir plus haut)  qui consistait \u00e0 proposer une sorte de partition imm\u00e9diate, c\u2019est-\u00e0-dire \u00ab d\u2019explosion \u00bb de la Syrie pour \u00e9viter qu\u2019elle n\u2019explose plus tard. L\u2019argument, odieux en soi est un marqueur qui ne trompe pas de l\u2019alignement sans \u00e9tats d\u2019\u00e2me d\u2019Ulysse Gosset sur la position am\u00e9ricaine.  Bon et avec \u00e7a on ne peut qu\u2019aboutir \u00e0 ce constat d\u00e9sesp\u00e9rant que \u00ab la tr\u00eave de ce jour qui n\u2019est en v\u00e9rit\u00e9, ainsi replac\u00e9e dans le contexte,  qu\u2019une arnaque diplomatique, n\u2019a aucun lendemain \u2018ce qui ne fait v\u00e9ritablement pas beaucoup. Car, on l\u2019a compris, la vrai priorit\u00e9 des USA quoiqu\u2019ils le disent diff\u00e9remment, n\u2019est pas la lutte contre Daesh mais bien le renversement d\u2019Assad.  La Russie, l\u2019Iran et le R\u00e9gime Syrien n\u2019ont aucun int\u00e9r\u00eat \u00e0 patauger trop longtemps dans cet imbroglio diplomatique dont le seul effet imm\u00e9diat recherch\u00e9 est d\u2019entraver l\u2019action militaire de la Russie et du r\u00e9gime l\u00e9gal syrien.      Patrick Seignon. \u00ab lavoiedessansvoix.fr \u00bb. Samedi 27 f\u00e9vrier 2016.<\/p>\n","protected":false},"excerpt":{"rendered":"<p>TR\u00caVE EN SYRIE : LES INTENTIONS CACH\u00c9ES DE LA DIPLOMATIE US Nous avions d\u00e9crypt\u00e9es le 21 f\u00e9vrier, dans les lamentations [&hellip;]<\/p>\n","protected":false},"author":1,"featured_media":4651,"comment_status":"open","ping_status":"open","sticky":false,"template":"","format":"standard","meta":{"sfsi_plus_gutenberg_text_before_share":"","sfsi_plus_gutenberg_show_text_before_share":"","sfsi_plus_gutenberg_icon_type":"","sfsi_plus_gutenberg_icon_alignemt":"","sfsi_plus_gutenburg_max_per_row":"","site-sidebar-layout":"default","site-content-layout":"","ast-site-content-layout":"default","site-content-style":"default","site-sidebar-style":"default","ast-global-header-display":"","ast-banner-title-visibility":"","ast-main-header-display":"","ast-hfb-above-header-display":"","ast-hfb-below-header-display":"","ast-hfb-mobile-header-display":"","site-post-title":"","ast-breadcrumbs-content":"","ast-featured-img":"","footer-sml-layout":"","ast-disable-related-posts":"","theme-transparent-header-meta":"","adv-header-id-meta":"","stick-header-meta":"","header-above-stick-meta":"","header-main-stick-meta":"","header-below-stick-meta":"","astra-migrate-meta-layouts":"default","ast-page-background-enabled":"default","ast-page-background-meta":{"desktop":{"background-color":"var(--ast-global-color-4)","background-image":"","background-repeat":"repeat","background-position":"center center","background-size":"auto","background-attachment":"scroll","background-type":"","background-media":"","overlay-type":"","overlay-color":"","overlay-opacity":"","overlay-gradient":""},"tablet":{"background-color":"","background-image":"","background-repeat":"repeat","background-position":"center center","background-size":"auto","background-attachment":"scroll","background-type":"","background-media":"","overlay-type":"","overlay-color":"","overlay-opacity":"","overlay-gradient":""},"mobile":{"background-color":"","background-image":"","background-repeat":"repeat","background-position":"center center","background-size":"auto","background-attachment":"scroll","background-type":"","background-media":"","overlay-type":"","overlay-color":"","overlay-opacity":"","overlay-gradient":""}},"ast-content-background-meta":{"desktop":{"background-color":"var(--ast-global-color-5)","background-image":"","background-repeat":"repeat","background-position":"center center","background-size":"auto","background-attachment":"scroll","background-type":"","background-media":"","overlay-type":"","overlay-color":"","overlay-opacity":"","overlay-gradient":""},"tablet":{"background-color":"var(--ast-global-color-5)","background-image":"","background-repeat":"repeat","background-position":"center center","background-size":"auto","background-attachment":"scroll","background-type":"","background-media":"","overlay-type":"","overlay-color":"","overlay-opacity":"","overlay-gradient":""},"mobile":{"background-color":"var(--ast-global-color-5)","background-image":"","background-repeat":"repeat","background-position":"center center","background-size":"auto","background-attachment":"scroll","background-type":"","background-media":"","overlay-type":"","overlay-color":"","overlay-opacity":"","overlay-gradient":""}},"footnotes":""},"categories":[16],"tags":[],"class_list":["post-1015","post","type-post","status-publish","format-standard","has-post-thumbnail","hentry","category-archives-cms"],"_links":{"self":[{"href":"https:\/\/lavoiedessansvoix.fr\/lavoie\/wp-json\/wp\/v2\/posts\/1015","targetHints":{"allow":["GET"]}}],"collection":[{"href":"https:\/\/lavoiedessansvoix.fr\/lavoie\/wp-json\/wp\/v2\/posts"}],"about":[{"href":"https:\/\/lavoiedessansvoix.fr\/lavoie\/wp-json\/wp\/v2\/types\/post"}],"author":[{"embeddable":true,"href":"https:\/\/lavoiedessansvoix.fr\/lavoie\/wp-json\/wp\/v2\/users\/1"}],"replies":[{"embeddable":true,"href":"https:\/\/lavoiedessansvoix.fr\/lavoie\/wp-json\/wp\/v2\/comments?post=1015"}],"version-history":[{"count":1,"href":"https:\/\/lavoiedessansvoix.fr\/lavoie\/wp-json\/wp\/v2\/posts\/1015\/revisions"}],"predecessor-version":[{"id":4652,"href":"https:\/\/lavoiedessansvoix.fr\/lavoie\/wp-json\/wp\/v2\/posts\/1015\/revisions\/4652"}],"wp:featuredmedia":[{"embeddable":true,"href":"https:\/\/lavoiedessansvoix.fr\/lavoie\/wp-json\/wp\/v2\/media\/4651"}],"wp:attachment":[{"href":"https:\/\/lavoiedessansvoix.fr\/lavoie\/wp-json\/wp\/v2\/media?parent=1015"}],"wp:term":[{"taxonomy":"category","embeddable":true,"href":"https:\/\/lavoiedessansvoix.fr\/lavoie\/wp-json\/wp\/v2\/categories?post=1015"},{"taxonomy":"post_tag","embeddable":true,"href":"https:\/\/lavoiedessansvoix.fr\/lavoie\/wp-json\/wp\/v2\/tags?post=1015"}],"curies":[{"name":"wp","href":"https:\/\/api.w.org\/{rel}","templated":true}]}}