{"id":1014,"date":"2016-02-27T17:30:00","date_gmt":"2016-02-27T16:30:00","guid":{"rendered":"https:\/\/lavoiedessansvoix.fr\/lavoie\/2016\/02\/27\/archive-l-insultante-prime-de-psa\/"},"modified":"2026-04-26T21:59:48","modified_gmt":"2026-04-26T19:59:48","slug":"archive-l-insultante-prime-de-psa","status":"publish","type":"post","link":"https:\/\/lavoiedessansvoix.fr\/lavoie\/2016\/02\/27\/archive-l-insultante-prime-de-psa\/","title":{"rendered":"L\u2019INSULTANTE PRIME DE PSA"},"content":{"rendered":"<p>L\u2019INSULTANTE PRIME DE PSA  \u00ab PSA repasse dans le vert en 2015 et verse une prime \u00e0 ses salari\u00e9s \u00bb titre \u00ab le Home \u00e9conomie du Figaro.fr. \u00ab Le constructeur automobile PSA Peugeot Citro\u00ebn a annonc\u00e9 mercredi \u00eatre repass\u00e9 dans le vert en 2015 en d\u00e9gageant un b\u00e9n\u00e9fice net de 1,2 milliard d&rsquo;euros, et avoir boucl\u00e9 en avance son plan de reconstruction. Cons\u00e9quence : le pr\u00e9sident du groupe, Carlos Tavares, a annonc\u00e9 que PSA allait verser \u00e0 ses salari\u00e9s une prime d&rsquo;int\u00e9ressement \u00ab\u00a0renforc\u00e9e\u00a0\u00bb de 2000 euros, soit l&rsquo;\u00e9quivalent \u00ab\u00a0d&rsquo;un peu plus d&rsquo;un mois de salaire\u00a0\u00bb, selon le dirigeant. \u00bb  L\u2019annonce pourrait paraitre g\u00e9n\u00e9reuse et la d\u00e9marche \u00e9quitable. Elle est en v\u00e9rit\u00e9 infantilisante pour ne pas dire insultante \u00e0 l\u2019\u00e9gard des salari\u00e9s.  15 000 emplois supprim\u00e9 x 12 mois  de salaires annuel non vers\u00e9s = 225 000 mois de salaires distribuables. C\u2019est avec la d\u00e9pouille de leurs amis camarades et coll\u00e8gues que PSA \u00ab r\u00e9compense \u00bb les salari\u00e9s qui ont eu la chance de s\u2019en tirer.   Infantilisation ou lois de la guerre ? C\u2019\u00e9tait comme \u00e7a dans les guerres d\u2019autrefois, sur la d\u00e9pouille de l\u2019ennemi ; \u00ab le butin \u00bb que l\u2019on payait les soudards. Tavares appliquerait-il ces pratiques anciennes \u00e0 \u00ab la guerre \u00e9conomique \u00bb qui est la sienne ? Mais les salari\u00e9s ne sont pas des mercenaires. Ils sont humili\u00e9s par cette posture de leur entreprise.  Ce que veulent les ouvriers ce n\u2019est pas manger la soupe sur le dos des victimes de la guerre \u00e9conomique que les patrons livrent aux salari\u00e9s, leurs fr\u00e8res et semblables, ils veulent seulement des salaires d\u00e9cents, la \u00ab juste \u00bb r\u00e9tribution de leur travail.  Patrick Seignon. \u00ab lavoiedessansvoix.fr \u00bb. Samedi 27 f\u00e9vrier 2016.<\/p>\n","protected":false},"excerpt":{"rendered":"<p>L\u2019INSULTANTE PRIME DE PSA \u00ab PSA repasse dans le vert en 2015 et verse une prime \u00e0 ses salari\u00e9s \u00bb [&hellip;]<\/p>\n","protected":false},"author":1,"featured_media":4649,"comment_status":"open","ping_status":"open","sticky":false,"template":"","format":"standard","meta":{"sfsi_plus_gutenberg_text_before_share":"","sfsi_plus_gutenberg_show_text_before_share":"","sfsi_plus_gutenberg_icon_type":"","sfsi_plus_gutenberg_icon_alignemt":"","sfsi_plus_gutenburg_max_per_row":"","site-sidebar-layout":"default","site-content-layout":"","ast-site-content-layout":"default","site-content-style":"default","site-sidebar-style":"default","ast-global-header-display":"","ast-banner-title-visibility":"","ast-main-header-display":"","ast-hfb-above-header-display":"","ast-hfb-below-header-display":"","ast-hfb-mobile-header-display":"","site-post-title":"","ast-breadcrumbs-content":"","ast-featured-img":"","footer-sml-layout":"","ast-disable-related-posts":"","theme-transparent-header-meta":"","adv-header-id-meta":"","stick-header-meta":"","header-above-stick-meta":"","header-main-stick-meta":"","header-below-stick-meta":"","astra-migrate-meta-layouts":"default","ast-page-background-enabled":"default","ast-page-background-meta":{"desktop":{"background-color":"var(--ast-global-color-4)","background-image":"","background-repeat":"repeat","background-position":"center center","background-size":"auto","background-attachment":"scroll","background-type":"","background-media":"","overlay-type":"","overlay-color":"","overlay-opacity":"","overlay-gradient":""},"tablet":{"background-color":"","background-image":"","background-repeat":"repeat","background-position":"center center","background-size":"auto","background-attachment":"scroll","background-type":"","background-media":"","overlay-type":"","overlay-color":"","overlay-opacity":"","overlay-gradient":""},"mobile":{"background-color":"","background-image":"","background-repeat":"repeat","background-position":"center center","background-size":"auto","background-attachment":"scroll","background-type":"","background-media":"","overlay-type":"","overlay-color":"","overlay-opacity":"","overlay-gradient":""}},"ast-content-background-meta":{"desktop":{"background-color":"var(--ast-global-color-5)","background-image":"","background-repeat":"repeat","background-position":"center center","background-size":"auto","background-attachment":"scroll","background-type":"","background-media":"","overlay-type":"","overlay-color":"","overlay-opacity":"","overlay-gradient":""},"tablet":{"background-color":"var(--ast-global-color-5)","background-image":"","background-repeat":"repeat","background-position":"center center","background-size":"auto","background-attachment":"scroll","background-type":"","background-media":"","overlay-type":"","overlay-color":"","overlay-opacity":"","overlay-gradient":""},"mobile":{"background-color":"var(--ast-global-color-5)","background-image":"","background-repeat":"repeat","background-position":"center center","background-size":"auto","background-attachment":"scroll","background-type":"","background-media":"","overlay-type":"","overlay-color":"","overlay-opacity":"","overlay-gradient":""}},"footnotes":""},"categories":[16],"tags":[],"class_list":["post-1014","post","type-post","status-publish","format-standard","has-post-thumbnail","hentry","category-archives-cms"],"_links":{"self":[{"href":"https:\/\/lavoiedessansvoix.fr\/lavoie\/wp-json\/wp\/v2\/posts\/1014","targetHints":{"allow":["GET"]}}],"collection":[{"href":"https:\/\/lavoiedessansvoix.fr\/lavoie\/wp-json\/wp\/v2\/posts"}],"about":[{"href":"https:\/\/lavoiedessansvoix.fr\/lavoie\/wp-json\/wp\/v2\/types\/post"}],"author":[{"embeddable":true,"href":"https:\/\/lavoiedessansvoix.fr\/lavoie\/wp-json\/wp\/v2\/users\/1"}],"replies":[{"embeddable":true,"href":"https:\/\/lavoiedessansvoix.fr\/lavoie\/wp-json\/wp\/v2\/comments?post=1014"}],"version-history":[{"count":1,"href":"https:\/\/lavoiedessansvoix.fr\/lavoie\/wp-json\/wp\/v2\/posts\/1014\/revisions"}],"predecessor-version":[{"id":4650,"href":"https:\/\/lavoiedessansvoix.fr\/lavoie\/wp-json\/wp\/v2\/posts\/1014\/revisions\/4650"}],"wp:featuredmedia":[{"embeddable":true,"href":"https:\/\/lavoiedessansvoix.fr\/lavoie\/wp-json\/wp\/v2\/media\/4649"}],"wp:attachment":[{"href":"https:\/\/lavoiedessansvoix.fr\/lavoie\/wp-json\/wp\/v2\/media?parent=1014"}],"wp:term":[{"taxonomy":"category","embeddable":true,"href":"https:\/\/lavoiedessansvoix.fr\/lavoie\/wp-json\/wp\/v2\/categories?post=1014"},{"taxonomy":"post_tag","embeddable":true,"href":"https:\/\/lavoiedessansvoix.fr\/lavoie\/wp-json\/wp\/v2\/tags?post=1014"}],"curies":[{"name":"wp","href":"https:\/\/api.w.org\/{rel}","templated":true}]}}