{"id":1013,"date":"2016-02-28T04:02:00","date_gmt":"2016-02-28T03:02:00","guid":{"rendered":"https:\/\/lavoiedessansvoix.fr\/lavoie\/2016\/02\/28\/archive-trois-petites-turpitudes-de-l-information-petites-digressions-pour-un-dimanche-m\/"},"modified":"2026-04-26T21:59:39","modified_gmt":"2026-04-26T19:59:39","slug":"archive-trois-petites-turpitudes-de-l-information-petites-digressions-pour-un-dimanche-m","status":"publish","type":"post","link":"https:\/\/lavoiedessansvoix.fr\/lavoie\/2016\/02\/28\/archive-trois-petites-turpitudes-de-l-information-petites-digressions-pour-un-dimanche-m\/","title":{"rendered":"TROIS PETITES TURPITUDES DE L\u2019INFORMATION  PETITES DIGRESSIONS POUR UN DIMANCHE MATIN"},"content":{"rendered":"<p>TROIS TURPITUDES DE L\u2019INFORMATION    (PETITES DIGRESSIONS POUR UN DIMANCHE MATIN)    1 &#8211; On entend une information, on est convaincu que c\u2019est un mensonge, de l\u2019intox, de la propagande, c\u2019est le cas avec les sautes d\u2019humeurs  pathologiques de l\u2019opinion auxquelles veulent nous faire croire les sondages qui font tour \u00e0 tour bondir ou plonger Fran\u00e7ois Hollande. Ce sont des chiffres, des manips d\u2019opinion av\u00e9r\u00e9es. Mais qu\u2019importe. Pendant qu\u2019ils saturent l\u2019espace m\u00e9diatique de celles-ci ils \u00e9chappent au devoir de v\u00e9rit\u00e9.  2 &#8211; Il y a m\u00eame, c\u2019est nouveau, la technique vient d\u2019en \u00eatre invent\u00e9, la vrai fausse information, qu\u2019ils diffusent comme telle. \u00ab Elle est fausse on s\u2019en doute mais on vous la refile tout de m\u00eame,  par d\u00e9faut \u00bb. \u00ab Forte baisse, inexpliqu\u00e9e, du ch\u00f4mage en janvier. \u00bb Quand il sera confirm\u00e9 qu\u2019elle \u00e9tait vraiment fausse, nul ne sera habilit\u00e9 \u00e0 leur en faire le reproche puisque pr\u00e9cis\u00e9ment ils avaient dit eux-m\u00eames, d\u00e8s sa premi\u00e8re diffusion, qu\u2019elle \u00e9tait sujette \u00e0 caution. Peut-\u00eatre m\u00eame exigerons-t-il qu\u2019on les f\u00e9licite de nous avoir donn\u00e9 \u00e0 entendre qu\u2019elle \u00e9tait probablement fausse. \u00c7a ne les aura pas emp\u00each\u00e9 durant plusieurs semaines d\u2019occuper le d\u00e9bat sur la question de l\u2019emploi, \u00e0 propos d\u2019une baisse du ch\u00f4mage dont ils savaient qu\u2019elle \u00e9tait bidon et d\u2019\u00e9viter ainsi de devoir s\u2019appesantir sur la calamiteuse r\u00e9alit\u00e9.  3 \u2013 Et puis il y a cette information que vous n\u2019entendez qu\u2019une fois par hasard, \u00e0 une heure inattendue, dans un bulletin d\u2019information improbable. Et pourtant celle-l\u00e0 vous savez tout de suite, instinctivement qu\u2019elle est vraie. Vous savez qu\u2019elle est vraie car il est des sujets avec lesquels on ne badine pas. Mais vous ne l\u2019entendrez plus. Il vous faudra fouiller la toile et mouiller la chemise pour en trouver confirmation. \u00ab\u00a0Agression antis\u00e9mite pr\u00e9sum\u00e9e \u00e0 Marseille: l&rsquo;enseignant se serait automutil\u00e9\u00a0\u00bb (l\u2019express.fr) \u00ab Marseille: Le professeur juif qui disait avoir \u00e9t\u00e9 victime d&rsquo;une agression antis\u00e9mite plac\u00e9 en garde \u00e0 vue pour \u00ab\u00a0d\u00e9nonciation mensong\u00e8re\u00a0\u00bb (La Provence). C\u2019\u00e9tait le 18 novembre 2015 aux lendemains des attentats de Paris. Des jeunes, maghr\u00e9bins de pr\u00e9f\u00e9rence, l\u2019avaient bouscul\u00e9, lui avait demand\u00e9 s\u2019il \u00e9tait juif, \u00e0 qu\u2019elle question, bravache, il avait r\u00e9pondu : \u00ab oui !\u00bb, Alors les agresseurs l\u2019avaient taillad\u00e9 avec un couteau\u2026. Il avait tout invent\u00e9.   La question de l\u2019antis\u00e9mitisme est une question sensible. Les citoyens doivent rester prudents avec les informations sur le sujet. Trop de  mythomanes, de d\u00e9s\u00e9quilibr\u00e9s sont disponibles pour les pires cabales, trop de m\u00e9dias s\u2019en empare eu m\u00e9pris de l\u2019\u00e9thique sans v\u00e9rification de l\u2019information, trop de ministres s\u2019en \u00e9meuvent pr\u00e9cipitamment car \u00e7a sert de justification \u00e0 leurs errements dirigistes, trop de gouvernements menacent les libert\u00e9s et l\u00e9gif\u00e8rent l\u2019histoire et la conscience collective, trop de lobbys isra\u00e9liens et sioniste s\u2019en emparent et les exploitent pour faire taire la raison.  Patrick Seignon. \u00ab lavoiedessansvoix.fr \u00bb Dimanche 28 f\u00e9vrier 2016.<\/p>\n","protected":false},"excerpt":{"rendered":"<p>TROIS TURPITUDES DE L\u2019INFORMATION (PETITES DIGRESSIONS POUR UN DIMANCHE MATIN) 1 &#8211; On entend une information, on est convaincu que [&hellip;]<\/p>\n","protected":false},"author":1,"featured_media":4647,"comment_status":"open","ping_status":"open","sticky":false,"template":"","format":"standard","meta":{"sfsi_plus_gutenberg_text_before_share":"","sfsi_plus_gutenberg_show_text_before_share":"","sfsi_plus_gutenberg_icon_type":"","sfsi_plus_gutenberg_icon_alignemt":"","sfsi_plus_gutenburg_max_per_row":"","site-sidebar-layout":"default","site-content-layout":"","ast-site-content-layout":"default","site-content-style":"default","site-sidebar-style":"default","ast-global-header-display":"","ast-banner-title-visibility":"","ast-main-header-display":"","ast-hfb-above-header-display":"","ast-hfb-below-header-display":"","ast-hfb-mobile-header-display":"","site-post-title":"","ast-breadcrumbs-content":"","ast-featured-img":"","footer-sml-layout":"","ast-disable-related-posts":"","theme-transparent-header-meta":"","adv-header-id-meta":"","stick-header-meta":"","header-above-stick-meta":"","header-main-stick-meta":"","header-below-stick-meta":"","astra-migrate-meta-layouts":"default","ast-page-background-enabled":"default","ast-page-background-meta":{"desktop":{"background-color":"var(--ast-global-color-4)","background-image":"","background-repeat":"repeat","background-position":"center center","background-size":"auto","background-attachment":"scroll","background-type":"","background-media":"","overlay-type":"","overlay-color":"","overlay-opacity":"","overlay-gradient":""},"tablet":{"background-color":"","background-image":"","background-repeat":"repeat","background-position":"center center","background-size":"auto","background-attachment":"scroll","background-type":"","background-media":"","overlay-type":"","overlay-color":"","overlay-opacity":"","overlay-gradient":""},"mobile":{"background-color":"","background-image":"","background-repeat":"repeat","background-position":"center center","background-size":"auto","background-attachment":"scroll","background-type":"","background-media":"","overlay-type":"","overlay-color":"","overlay-opacity":"","overlay-gradient":""}},"ast-content-background-meta":{"desktop":{"background-color":"var(--ast-global-color-5)","background-image":"","background-repeat":"repeat","background-position":"center center","background-size":"auto","background-attachment":"scroll","background-type":"","background-media":"","overlay-type":"","overlay-color":"","overlay-opacity":"","overlay-gradient":""},"tablet":{"background-color":"var(--ast-global-color-5)","background-image":"","background-repeat":"repeat","background-position":"center center","background-size":"auto","background-attachment":"scroll","background-type":"","background-media":"","overlay-type":"","overlay-color":"","overlay-opacity":"","overlay-gradient":""},"mobile":{"background-color":"var(--ast-global-color-5)","background-image":"","background-repeat":"repeat","background-position":"center center","background-size":"auto","background-attachment":"scroll","background-type":"","background-media":"","overlay-type":"","overlay-color":"","overlay-opacity":"","overlay-gradient":""}},"footnotes":""},"categories":[16],"tags":[],"class_list":["post-1013","post","type-post","status-publish","format-standard","has-post-thumbnail","hentry","category-archives-cms"],"_links":{"self":[{"href":"https:\/\/lavoiedessansvoix.fr\/lavoie\/wp-json\/wp\/v2\/posts\/1013","targetHints":{"allow":["GET"]}}],"collection":[{"href":"https:\/\/lavoiedessansvoix.fr\/lavoie\/wp-json\/wp\/v2\/posts"}],"about":[{"href":"https:\/\/lavoiedessansvoix.fr\/lavoie\/wp-json\/wp\/v2\/types\/post"}],"author":[{"embeddable":true,"href":"https:\/\/lavoiedessansvoix.fr\/lavoie\/wp-json\/wp\/v2\/users\/1"}],"replies":[{"embeddable":true,"href":"https:\/\/lavoiedessansvoix.fr\/lavoie\/wp-json\/wp\/v2\/comments?post=1013"}],"version-history":[{"count":1,"href":"https:\/\/lavoiedessansvoix.fr\/lavoie\/wp-json\/wp\/v2\/posts\/1013\/revisions"}],"predecessor-version":[{"id":4648,"href":"https:\/\/lavoiedessansvoix.fr\/lavoie\/wp-json\/wp\/v2\/posts\/1013\/revisions\/4648"}],"wp:featuredmedia":[{"embeddable":true,"href":"https:\/\/lavoiedessansvoix.fr\/lavoie\/wp-json\/wp\/v2\/media\/4647"}],"wp:attachment":[{"href":"https:\/\/lavoiedessansvoix.fr\/lavoie\/wp-json\/wp\/v2\/media?parent=1013"}],"wp:term":[{"taxonomy":"category","embeddable":true,"href":"https:\/\/lavoiedessansvoix.fr\/lavoie\/wp-json\/wp\/v2\/categories?post=1013"},{"taxonomy":"post_tag","embeddable":true,"href":"https:\/\/lavoiedessansvoix.fr\/lavoie\/wp-json\/wp\/v2\/tags?post=1013"}],"curies":[{"name":"wp","href":"https:\/\/api.w.org\/{rel}","templated":true}]}}