{"id":1012,"date":"2016-02-28T18:37:00","date_gmt":"2016-02-28T17:37:00","guid":{"rendered":"https:\/\/lavoiedessansvoix.fr\/lavoie\/2016\/02\/28\/archive-un-pas-en-avant\/"},"modified":"2026-04-26T21:59:31","modified_gmt":"2026-04-26T19:59:31","slug":"archive-un-pas-en-avant","status":"publish","type":"post","link":"https:\/\/lavoiedessansvoix.fr\/lavoie\/2016\/02\/28\/archive-un-pas-en-avant\/","title":{"rendered":"UN PAS EN AVANT"},"content":{"rendered":"<p>UN PAS EN AVANT   C\u2019est avec une grande satisfaction que nous avons enregistr\u00e9 ces derniers jours les prises de positions de Jean-Luc M\u00e9lenchon d\u2019une part, intervenant dans l\u2019\u00e9mission de Laurent Ruquier \u00ab On-n\u2019est pas couch\u00e9 \u00bb le 20 f\u00e9vrier, et d\u2019autre part celle commune des partis communiste Grec et Turc sur ou autour du dossier Syrien.   \u00ab Les comit\u00e9s centraux des deux partis condamnent la politique que, des pays occidentaux : les Etats-Unis, les pays de l&rsquo;Union europ\u00e9enne,  la Turquie, Isra\u00ebl et des monarchies du Golfe Persique, m\u00e8nent en Syrie depuis d\u00e9j\u00e0 cinq ans. \u00bb  \u00ab Ils estiment que c&rsquo;est pr\u00e9cis\u00e9ment l&rsquo;Otan qui a particip\u00e9 \u00e0 provoquer ce drame que subit le peuple syrien. L&rsquo;Otan ne veut pas c\u00e9der et tente de renforcer sa pr\u00e9sence militaire dans la r\u00e9gion. \u00bb  \u00ab Selon la d\u00e9claration des comit\u00e9s centraux des deux partis, l&rsquo;Otan s&rsquo;inqui\u00e8te de ses int\u00e9r\u00eats \u00e9conomiques et politiques et a l&rsquo;intention de contr\u00f4ler les sources \u00e9nerg\u00e9tiques, les voies de transports, ainsi que ses parts de march\u00e9s. \u00bb (sources RIA Novosti)  Jean-Luc M\u00e9lenchon ne dit pas autre chose, quand il affirme : \u00ab \u00a0\u00bb Vous savez bien que le fond de l&rsquo;affaire, c&rsquo;est le passage des ol\u00e9oducs et des gazoducs \u00e0 travers la Syrie, puisqu&rsquo;il s&rsquo;agit de faire passer des mati\u00e8res premi\u00e8res pour \u00e9viter que les Russes ne tiennent de trop pr\u00e8s \u00e0 la gorge toute l&rsquo;Europe pour leur fourniture. \u00bb  Il d\u00e9nonce la duplicit\u00e9 des diplomaties occidentale et leur complaisance si \u00e9difiante \u00e0 l\u2019\u00e9gard de l\u2019Arabie Saoudite : \u00ab Il y des indignations \u00e0 g\u00e9om\u00e9trie variable. On trouve horrible que Daech d\u00e9capite les gens et dans le m\u00eame temps l&rsquo;Arabie saoudite en d\u00e9capite 150 dans l&rsquo;ann\u00e9e \u00e9galement et on va leur embrasser les mains et les pieds. Toute cette com\u00e9die n&rsquo;a pas de sens. \u00bb  Et il marque sa sympathie pour l\u2019implication de la Russie accus\u00e9e de tuer des civils ou de bombarder \u00ab l\u2019opposition mod\u00e9r\u00e9e : \u00ab\u00a0D&rsquo;o\u00f9 sortez-vous tous ces chiffres? La presse de tous les jours, elle les tient d&rsquo;o\u00f9? La premi\u00e8re victime d&rsquo;une guerre, c&rsquo;est la v\u00e9rit\u00e9. Tout le monde se bat \u00e0 intoxiquer, \u00e0 raconter des salades. \u00bb \u2026   \u00ab Ce sont les Russes qui ont coup\u00e9 les communications qui sortaient le p\u00e9trole de Daech pour faire de la contrebande par la Turquie. Ce n&rsquo;est pas moi qui le dis. Ce sont des opposants turcs. Et c&rsquo;est cela qui a \u00e9t\u00e9 bombard\u00e9 \u00bb.  L\u2019une et l\u2019autre position, de Jean-Luc M\u00e9lenchon et des comit\u00e9s centraux des partis communiste, Grec et Turc, se caract\u00e9risent par une clarification encourageante des responsabilit\u00e9s et des v\u00e9ritables enjeux, tels que nous les avons situ\u00e9s et d\u00e9crits dans nos pages d\u00e8s l\u2019origine du conflit. L\u2019une et l\u2019autre s\u2019exon\u00e8rent des consid\u00e9rations \u00ab moralisantes \u00bb et des fables \u00ab de r\u00e9volution d\u00e9mocratique \u00bb ab\u00eatissantes pour appr\u00e9hender enfin le probl\u00e8me sous l\u2019angle des enjeux \u00e9conomiques et g\u00e9ostrat\u00e9giques, avec en toile de fond la lutte obstin\u00e9e des USA pour l\u2019\u00e9tablissement du leadership am\u00e9ricain plan\u00e9taire.  Cette clarification qui nous r\u00e9jouit accroit notre proximit\u00e9 avec Jean-Luc M\u00e9lenchon.  Patrick Seignon. \u00ab lavoiedessansvoix.fr \u00bb. Dimanche 28 f\u00e9vrier 2016.<\/p>\n","protected":false},"excerpt":{"rendered":"<p>UN PAS EN AVANT C\u2019est avec une grande satisfaction que nous avons enregistr\u00e9 ces derniers jours les prises de positions [&hellip;]<\/p>\n","protected":false},"author":1,"featured_media":4645,"comment_status":"open","ping_status":"open","sticky":false,"template":"","format":"standard","meta":{"sfsi_plus_gutenberg_text_before_share":"","sfsi_plus_gutenberg_show_text_before_share":"","sfsi_plus_gutenberg_icon_type":"","sfsi_plus_gutenberg_icon_alignemt":"","sfsi_plus_gutenburg_max_per_row":"","site-sidebar-layout":"default","site-content-layout":"","ast-site-content-layout":"default","site-content-style":"default","site-sidebar-style":"default","ast-global-header-display":"","ast-banner-title-visibility":"","ast-main-header-display":"","ast-hfb-above-header-display":"","ast-hfb-below-header-display":"","ast-hfb-mobile-header-display":"","site-post-title":"","ast-breadcrumbs-content":"","ast-featured-img":"","footer-sml-layout":"","ast-disable-related-posts":"","theme-transparent-header-meta":"","adv-header-id-meta":"","stick-header-meta":"","header-above-stick-meta":"","header-main-stick-meta":"","header-below-stick-meta":"","astra-migrate-meta-layouts":"default","ast-page-background-enabled":"default","ast-page-background-meta":{"desktop":{"background-color":"var(--ast-global-color-4)","background-image":"","background-repeat":"repeat","background-position":"center center","background-size":"auto","background-attachment":"scroll","background-type":"","background-media":"","overlay-type":"","overlay-color":"","overlay-opacity":"","overlay-gradient":""},"tablet":{"background-color":"","background-image":"","background-repeat":"repeat","background-position":"center center","background-size":"auto","background-attachment":"scroll","background-type":"","background-media":"","overlay-type":"","overlay-color":"","overlay-opacity":"","overlay-gradient":""},"mobile":{"background-color":"","background-image":"","background-repeat":"repeat","background-position":"center center","background-size":"auto","background-attachment":"scroll","background-type":"","background-media":"","overlay-type":"","overlay-color":"","overlay-opacity":"","overlay-gradient":""}},"ast-content-background-meta":{"desktop":{"background-color":"var(--ast-global-color-5)","background-image":"","background-repeat":"repeat","background-position":"center center","background-size":"auto","background-attachment":"scroll","background-type":"","background-media":"","overlay-type":"","overlay-color":"","overlay-opacity":"","overlay-gradient":""},"tablet":{"background-color":"var(--ast-global-color-5)","background-image":"","background-repeat":"repeat","background-position":"center center","background-size":"auto","background-attachment":"scroll","background-type":"","background-media":"","overlay-type":"","overlay-color":"","overlay-opacity":"","overlay-gradient":""},"mobile":{"background-color":"var(--ast-global-color-5)","background-image":"","background-repeat":"repeat","background-position":"center center","background-size":"auto","background-attachment":"scroll","background-type":"","background-media":"","overlay-type":"","overlay-color":"","overlay-opacity":"","overlay-gradient":""}},"footnotes":""},"categories":[16],"tags":[],"class_list":["post-1012","post","type-post","status-publish","format-standard","has-post-thumbnail","hentry","category-archives-cms"],"_links":{"self":[{"href":"https:\/\/lavoiedessansvoix.fr\/lavoie\/wp-json\/wp\/v2\/posts\/1012","targetHints":{"allow":["GET"]}}],"collection":[{"href":"https:\/\/lavoiedessansvoix.fr\/lavoie\/wp-json\/wp\/v2\/posts"}],"about":[{"href":"https:\/\/lavoiedessansvoix.fr\/lavoie\/wp-json\/wp\/v2\/types\/post"}],"author":[{"embeddable":true,"href":"https:\/\/lavoiedessansvoix.fr\/lavoie\/wp-json\/wp\/v2\/users\/1"}],"replies":[{"embeddable":true,"href":"https:\/\/lavoiedessansvoix.fr\/lavoie\/wp-json\/wp\/v2\/comments?post=1012"}],"version-history":[{"count":1,"href":"https:\/\/lavoiedessansvoix.fr\/lavoie\/wp-json\/wp\/v2\/posts\/1012\/revisions"}],"predecessor-version":[{"id":4646,"href":"https:\/\/lavoiedessansvoix.fr\/lavoie\/wp-json\/wp\/v2\/posts\/1012\/revisions\/4646"}],"wp:featuredmedia":[{"embeddable":true,"href":"https:\/\/lavoiedessansvoix.fr\/lavoie\/wp-json\/wp\/v2\/media\/4645"}],"wp:attachment":[{"href":"https:\/\/lavoiedessansvoix.fr\/lavoie\/wp-json\/wp\/v2\/media?parent=1012"}],"wp:term":[{"taxonomy":"category","embeddable":true,"href":"https:\/\/lavoiedessansvoix.fr\/lavoie\/wp-json\/wp\/v2\/categories?post=1012"},{"taxonomy":"post_tag","embeddable":true,"href":"https:\/\/lavoiedessansvoix.fr\/lavoie\/wp-json\/wp\/v2\/tags?post=1012"}],"curies":[{"name":"wp","href":"https:\/\/api.w.org\/{rel}","templated":true}]}}