{"id":1010,"date":"2016-03-01T16:50:00","date_gmt":"2016-03-01T15:50:00","guid":{"rendered":"https:\/\/lavoiedessansvoix.fr\/lavoie\/2016\/03\/01\/archive-loitravailnonmerci-3-breves-du-jour\/"},"modified":"2026-04-26T21:59:11","modified_gmt":"2026-04-26T19:59:11","slug":"archive-loitravailnonmerci-3-breves-du-jour","status":"publish","type":"post","link":"https:\/\/lavoiedessansvoix.fr\/lavoie\/2016\/03\/01\/archive-loitravailnonmerci-3-breves-du-jour\/","title":{"rendered":"\u00ab LOITRAVAILNONMERCI \u00bb : 3 BREVES DU JOUR"},"content":{"rendered":"<p>\u00ab LOITRAVAILNONMERCI \u00bb : 3 BR\u00c8VES DU JOUR   1 \u2013 TOUT VA TRES BIEN MADAME LA MINISTRE !  C\u2019\u00e9tait la nouvelle surprenante du matin, Madame Myriam El Khomeri a fait un petit malaise \u00e0 son domicile, elle a \u00e9t\u00e9 hospitalis\u00e9e pour des examens. On apprend ce soir qu\u2019elle sera de retour et \u00ab d\u2019attaque \u00bb demain. La fronde populaire qui grandit a eu beaucoup de chance que ce ne soit pas plus grave. Les m\u00eames qui pr\u00e9cipitent des millions de salari\u00e9s au ch\u00f4mage ou dans la pr\u00e9carit\u00e9 sans se pr\u00e9occuper des drames humains que cela engendre, les m\u00eame qui sont pour une large part responsables des suicides de milliers d\u2019agriculteurs, ne se seraient pas priv\u00e9 d\u2019accuser le mouvement contestataire d\u2019acharnement, nous eurent resservit de vieilles antiennes, Salengro, B\u00e9r\u00e9govoy.  Madame Myriam ElKhomri a donc retrouv\u00e9 la sant\u00e9. Nous en sommes fort aise et lui souhaitons longue vie et la mort pr\u00e9matur\u00e9 de son projet de loi.  2 &#8211; \u00ab MANOUEL LA MULLETA \u00bb  C\u2019\u00e9tait il y a quelques mois, le 28 AO\u00dcT 2015 exactement, nous avions affubl\u00e9 pour la premi\u00e8re fois, le premier ministre, du sobriquet de \u00ab Manouel la muleta \u00bb. C\u2019\u00e9tait \u00e0 propos de son esquive \u00e0 l\u2019encombrante sortie de son alter ego, Manuel Macron (Manouel bandeillas), se r\u00e9f\u00e9rant \u00e0 la doctrine sarkoziste du \u00ab travailler plus pour gagner plus. \u00bb Eh bien Manuel Valls semble vouloir honorer ce pseudonyme qui fait allusion \u00e0 ses origines catalanes. Face \u00e0 la contestation montante du projet de loitravail \u00bb pilot\u00e9 par Madame El-Kmomeri, il nous fait un effet de \u00ab muleta \u00bb et esquive la charge du taureau de la contestation en reportant de 15 jours la pr\u00e9sentation du projet devant le conseil des ministres.  3 &#8211; AVANCER? BOUGER ? OU RECULER ?   \u00ab Les interrogations sur le projet de r\u00e9forme du Code du travail sont \u00ab\u2009l\u00e9gitimes\u2009\u00bb, a jug\u00e9 Fran\u00e7ois Hollande \u00ab lors d\u2019un d\u00e9placement ce mardi matin sur le site de l\u2019entreprise Showroom Priv\u00e9 \u00e0 la Plaine Saint-Denis. Selon lui, \u00ab\u2009rien ne serait pire que l\u2019immobilisme, ou de tout mettre en cause\u2009\u00bb.(Sources \u00ab lesechos.fr \u00bb) Rien ne serait pire que l\u2019immobilisme ? Il \u00ab veut que la France bouge. Lui dit : \u00ab que la France avance \u00bb. Or, \u00e0 l\u2019\u00e9vidence il se trompe, tant  sur le choix des mots,  (Fran\u00e7ois hollande ma\u00eetriserait-il mal le fran\u00e7ais ?) que sur le sens de l\u2019Histoire. La r\u00e9forme EL Khomeri ne fait pas avancer la France elle la fait reculer, ce n\u2019est pas un progr\u00e8s c\u2019est une r\u00e9gression. Bon on le comprend bien Fran\u00e7ois Hollande Pr\u00e9sident de la r\u00e9publique et v\u00e9ritable initiateur du projet de loi El-Khomeri, ne pouvait d\u00e9cemment pas dire \u00ab je veux que la France recule \u00bb. Mais alors dans ce cas il pouvait s\u2019en tenir au verbe \u00ab bouger \u00bb \u00ab je veux que la France bouge laissant aux fran\u00e7ais le soins de juger par eux m\u00eame quel est le sens du mouvement qu\u2019il imprime \u00e0 la France.   Patrick Seignon. \u00ab lavoiedessansvoix.fr \u00bb. Mardi 1er mars 2016.<\/p>\n","protected":false},"excerpt":{"rendered":"<p>\u00ab LOITRAVAILNONMERCI \u00bb : 3 BR\u00c8VES DU JOUR 1 \u2013 TOUT VA TRES BIEN MADAME LA MINISTRE ! C\u2019\u00e9tait la [&hellip;]<\/p>\n","protected":false},"author":1,"featured_media":4641,"comment_status":"open","ping_status":"open","sticky":false,"template":"","format":"standard","meta":{"sfsi_plus_gutenberg_text_before_share":"","sfsi_plus_gutenberg_show_text_before_share":"","sfsi_plus_gutenberg_icon_type":"","sfsi_plus_gutenberg_icon_alignemt":"","sfsi_plus_gutenburg_max_per_row":"","site-sidebar-layout":"default","site-content-layout":"","ast-site-content-layout":"default","site-content-style":"default","site-sidebar-style":"default","ast-global-header-display":"","ast-banner-title-visibility":"","ast-main-header-display":"","ast-hfb-above-header-display":"","ast-hfb-below-header-display":"","ast-hfb-mobile-header-display":"","site-post-title":"","ast-breadcrumbs-content":"","ast-featured-img":"","footer-sml-layout":"","ast-disable-related-posts":"","theme-transparent-header-meta":"","adv-header-id-meta":"","stick-header-meta":"","header-above-stick-meta":"","header-main-stick-meta":"","header-below-stick-meta":"","astra-migrate-meta-layouts":"default","ast-page-background-enabled":"default","ast-page-background-meta":{"desktop":{"background-color":"var(--ast-global-color-4)","background-image":"","background-repeat":"repeat","background-position":"center center","background-size":"auto","background-attachment":"scroll","background-type":"","background-media":"","overlay-type":"","overlay-color":"","overlay-opacity":"","overlay-gradient":""},"tablet":{"background-color":"","background-image":"","background-repeat":"repeat","background-position":"center center","background-size":"auto","background-attachment":"scroll","background-type":"","background-media":"","overlay-type":"","overlay-color":"","overlay-opacity":"","overlay-gradient":""},"mobile":{"background-color":"","background-image":"","background-repeat":"repeat","background-position":"center center","background-size":"auto","background-attachment":"scroll","background-type":"","background-media":"","overlay-type":"","overlay-color":"","overlay-opacity":"","overlay-gradient":""}},"ast-content-background-meta":{"desktop":{"background-color":"var(--ast-global-color-5)","background-image":"","background-repeat":"repeat","background-position":"center center","background-size":"auto","background-attachment":"scroll","background-type":"","background-media":"","overlay-type":"","overlay-color":"","overlay-opacity":"","overlay-gradient":""},"tablet":{"background-color":"var(--ast-global-color-5)","background-image":"","background-repeat":"repeat","background-position":"center center","background-size":"auto","background-attachment":"scroll","background-type":"","background-media":"","overlay-type":"","overlay-color":"","overlay-opacity":"","overlay-gradient":""},"mobile":{"background-color":"var(--ast-global-color-5)","background-image":"","background-repeat":"repeat","background-position":"center center","background-size":"auto","background-attachment":"scroll","background-type":"","background-media":"","overlay-type":"","overlay-color":"","overlay-opacity":"","overlay-gradient":""}},"footnotes":""},"categories":[16],"tags":[],"class_list":["post-1010","post","type-post","status-publish","format-standard","has-post-thumbnail","hentry","category-archives-cms"],"_links":{"self":[{"href":"https:\/\/lavoiedessansvoix.fr\/lavoie\/wp-json\/wp\/v2\/posts\/1010","targetHints":{"allow":["GET"]}}],"collection":[{"href":"https:\/\/lavoiedessansvoix.fr\/lavoie\/wp-json\/wp\/v2\/posts"}],"about":[{"href":"https:\/\/lavoiedessansvoix.fr\/lavoie\/wp-json\/wp\/v2\/types\/post"}],"author":[{"embeddable":true,"href":"https:\/\/lavoiedessansvoix.fr\/lavoie\/wp-json\/wp\/v2\/users\/1"}],"replies":[{"embeddable":true,"href":"https:\/\/lavoiedessansvoix.fr\/lavoie\/wp-json\/wp\/v2\/comments?post=1010"}],"version-history":[{"count":1,"href":"https:\/\/lavoiedessansvoix.fr\/lavoie\/wp-json\/wp\/v2\/posts\/1010\/revisions"}],"predecessor-version":[{"id":4642,"href":"https:\/\/lavoiedessansvoix.fr\/lavoie\/wp-json\/wp\/v2\/posts\/1010\/revisions\/4642"}],"wp:featuredmedia":[{"embeddable":true,"href":"https:\/\/lavoiedessansvoix.fr\/lavoie\/wp-json\/wp\/v2\/media\/4641"}],"wp:attachment":[{"href":"https:\/\/lavoiedessansvoix.fr\/lavoie\/wp-json\/wp\/v2\/media?parent=1010"}],"wp:term":[{"taxonomy":"category","embeddable":true,"href":"https:\/\/lavoiedessansvoix.fr\/lavoie\/wp-json\/wp\/v2\/categories?post=1010"},{"taxonomy":"post_tag","embeddable":true,"href":"https:\/\/lavoiedessansvoix.fr\/lavoie\/wp-json\/wp\/v2\/tags?post=1010"}],"curies":[{"name":"wp","href":"https:\/\/api.w.org\/{rel}","templated":true}]}}