{"id":1004,"date":"2016-03-08T17:33:00","date_gmt":"2016-03-08T16:33:00","guid":{"rendered":"https:\/\/lavoiedessansvoix.fr\/lavoie\/2016\/03\/08\/archive-demain-on-signe-avec-les-pieds\/"},"modified":"2026-04-26T21:58:14","modified_gmt":"2026-04-26T19:58:14","slug":"archive-demain-on-signe-avec-les-pieds","status":"publish","type":"post","link":"https:\/\/lavoiedessansvoix.fr\/lavoie\/2016\/03\/08\/archive-demain-on-signe-avec-les-pieds\/","title":{"rendered":"DEMAIN ON SIGNE AVEC LES PIEDS"},"content":{"rendered":"<p>DEMAIN ON SIGNE AVEC LES PIEDS  Nous avions averti, \u00ab Mais il convient de ne se faire aucune illusion, m\u00eame deux millions de signatures n\u2019arr\u00eaterons pas \u00ab le char \u00bb du gouvernement. C\u2019est une mobilisation sociale qu\u2019il faut, c\u2019est une puissante gr\u00e8ve de semonce. Oui il faut r\u00e9unir 1 million de signatures ou plus, non comme une fin en soi, mais comme un moyen de faire m\u00fbrir la mobilisation sociale n\u00e9cessaire. \u00bb (\u00ab loitravail un million de signatures c\u2019est possible. \u00bb Jeudi 25 f\u00e9vrier 2016)  Les membres du gouvernement, un rien provocateurs ont parl\u00e9 et ont fait parler pour eux les mainates de service des m\u00e9dias t\u00e9l\u00e9vis\u00e9s, disant qu\u2019un million de signatures \u00ab virtuelles \u00bb, c\u2019\u00e9tait bien mais qu\u2019on allait attendre la mobilisation effective dont on aurait un premier aper\u00e7u le 9 mars.   Provocateurs ? Signatures virtuelles ? Cela sous-entend  immat\u00e9rielles, irr\u00e9elles, sans valeur ni cons\u00e9quences. Ils font expr\u00e8s de confondre les deux sens en usage du mot virtuel \u00bb, celui que l\u2019on applique \u00e0 pr\u00e9sent au support Web, support \u00e9lectronique, virtuel en ce sens qu\u2019il n\u2019est pas mat\u00e9rialis\u00e9 par un support papier, et celui qui s\u2019applique \u00e0 la chose qui \u00ab est \u00e0 l\u2019\u00e9tat de simple possibilit\u00e9 : qui a en soi les conditions de sa r\u00e9alisation \u00bb (petit Larousse) mais n\u2019est pas encore r\u00e9alis\u00e9. Or les signatures dont il est question, ne leur en d\u00e9plaise, bien que grav\u00e9es sur un support \u00e9lectronique que l\u2019on appelle virtuel n\u2019en sont pas moins r\u00e9elles, tout \u00e0 fait mat\u00e9rielles et v\u00e9rifiables. Tout aussi mat\u00e9rielles et v\u00e9rifiables que l\u2019avis d\u2019imposition ou les relev\u00e9s bancaires que l\u2019on nous adresse \u00e0 pr\u00e9sent par le m\u00eame support. Les m\u00eames qui veulent nous obliger \u00e0 nous convertir au web pour un grand nombre d\u2019op\u00e9rations courantes ou l\u00e9gales de la vie, font semblant en l\u2019esp\u00e8ce de douter de la fiabilit\u00e9 du support. La mauvaise foi n\u2019a pas de limite. Et comme c\u2019est de la mauvaise foi elle n\u2019a pas de raison non plus. Rien ne sert de vouloir convaincre des gens qui ont d\u00e9cid\u00e9 de ne pas l\u2019\u00eatre. Ne nous obstinons donc pas dans les voies de la raison et recourrons \u00e0 d\u2019autres outils de conviction.  Nous avons sign\u00e9 avec nos ordinateurs par centaines de milliers, il convient maintenant de signer avec nos pieds \u00e0 telle fin de faire taire les outrances du gouvernement et de le mettre en situation de voir, comme Saint Thomas, l\u2019ind\u00e9niable r\u00e9alit\u00e9, bien physique et pas du tout \u00ab virtuelle \u00bb.  C\u2019est pourquoi nous sommes ravis des appels \u00e0 manifester qui se sont multipli\u00e9s et avons le souci d\u2019entrer en r\u00e9sonance avec les appels de la jeunesse.   Nous manifesterons nous aussi, demain mercredi 9 mars et invitons tous les salari\u00e9s, retrait\u00e9s, ch\u00f4meurs, \u00e0 se joindre aux manifestations de la jeunesse.   Patrick Seignon. \u00ab lavoiedessansvoix.fr \u00bb. Jeudi 25 f\u00e9vrier 2016<\/p>\n","protected":false},"excerpt":{"rendered":"<p>DEMAIN ON SIGNE AVEC LES PIEDS Nous avions averti, \u00ab Mais il convient de ne se faire aucune illusion, m\u00eame [&hellip;]<\/p>\n","protected":false},"author":1,"featured_media":4629,"comment_status":"open","ping_status":"open","sticky":false,"template":"","format":"standard","meta":{"sfsi_plus_gutenberg_text_before_share":"","sfsi_plus_gutenberg_show_text_before_share":"","sfsi_plus_gutenberg_icon_type":"","sfsi_plus_gutenberg_icon_alignemt":"","sfsi_plus_gutenburg_max_per_row":"","site-sidebar-layout":"default","site-content-layout":"","ast-site-content-layout":"default","site-content-style":"default","site-sidebar-style":"default","ast-global-header-display":"","ast-banner-title-visibility":"","ast-main-header-display":"","ast-hfb-above-header-display":"","ast-hfb-below-header-display":"","ast-hfb-mobile-header-display":"","site-post-title":"","ast-breadcrumbs-content":"","ast-featured-img":"","footer-sml-layout":"","ast-disable-related-posts":"","theme-transparent-header-meta":"","adv-header-id-meta":"","stick-header-meta":"","header-above-stick-meta":"","header-main-stick-meta":"","header-below-stick-meta":"","astra-migrate-meta-layouts":"default","ast-page-background-enabled":"default","ast-page-background-meta":{"desktop":{"background-color":"var(--ast-global-color-4)","background-image":"","background-repeat":"repeat","background-position":"center center","background-size":"auto","background-attachment":"scroll","background-type":"","background-media":"","overlay-type":"","overlay-color":"","overlay-opacity":"","overlay-gradient":""},"tablet":{"background-color":"","background-image":"","background-repeat":"repeat","background-position":"center center","background-size":"auto","background-attachment":"scroll","background-type":"","background-media":"","overlay-type":"","overlay-color":"","overlay-opacity":"","overlay-gradient":""},"mobile":{"background-color":"","background-image":"","background-repeat":"repeat","background-position":"center center","background-size":"auto","background-attachment":"scroll","background-type":"","background-media":"","overlay-type":"","overlay-color":"","overlay-opacity":"","overlay-gradient":""}},"ast-content-background-meta":{"desktop":{"background-color":"var(--ast-global-color-5)","background-image":"","background-repeat":"repeat","background-position":"center center","background-size":"auto","background-attachment":"scroll","background-type":"","background-media":"","overlay-type":"","overlay-color":"","overlay-opacity":"","overlay-gradient":""},"tablet":{"background-color":"var(--ast-global-color-5)","background-image":"","background-repeat":"repeat","background-position":"center center","background-size":"auto","background-attachment":"scroll","background-type":"","background-media":"","overlay-type":"","overlay-color":"","overlay-opacity":"","overlay-gradient":""},"mobile":{"background-color":"var(--ast-global-color-5)","background-image":"","background-repeat":"repeat","background-position":"center center","background-size":"auto","background-attachment":"scroll","background-type":"","background-media":"","overlay-type":"","overlay-color":"","overlay-opacity":"","overlay-gradient":""}},"footnotes":""},"categories":[16],"tags":[],"class_list":["post-1004","post","type-post","status-publish","format-standard","has-post-thumbnail","hentry","category-archives-cms"],"_links":{"self":[{"href":"https:\/\/lavoiedessansvoix.fr\/lavoie\/wp-json\/wp\/v2\/posts\/1004","targetHints":{"allow":["GET"]}}],"collection":[{"href":"https:\/\/lavoiedessansvoix.fr\/lavoie\/wp-json\/wp\/v2\/posts"}],"about":[{"href":"https:\/\/lavoiedessansvoix.fr\/lavoie\/wp-json\/wp\/v2\/types\/post"}],"author":[{"embeddable":true,"href":"https:\/\/lavoiedessansvoix.fr\/lavoie\/wp-json\/wp\/v2\/users\/1"}],"replies":[{"embeddable":true,"href":"https:\/\/lavoiedessansvoix.fr\/lavoie\/wp-json\/wp\/v2\/comments?post=1004"}],"version-history":[{"count":1,"href":"https:\/\/lavoiedessansvoix.fr\/lavoie\/wp-json\/wp\/v2\/posts\/1004\/revisions"}],"predecessor-version":[{"id":4630,"href":"https:\/\/lavoiedessansvoix.fr\/lavoie\/wp-json\/wp\/v2\/posts\/1004\/revisions\/4630"}],"wp:featuredmedia":[{"embeddable":true,"href":"https:\/\/lavoiedessansvoix.fr\/lavoie\/wp-json\/wp\/v2\/media\/4629"}],"wp:attachment":[{"href":"https:\/\/lavoiedessansvoix.fr\/lavoie\/wp-json\/wp\/v2\/media?parent=1004"}],"wp:term":[{"taxonomy":"category","embeddable":true,"href":"https:\/\/lavoiedessansvoix.fr\/lavoie\/wp-json\/wp\/v2\/categories?post=1004"},{"taxonomy":"post_tag","embeddable":true,"href":"https:\/\/lavoiedessansvoix.fr\/lavoie\/wp-json\/wp\/v2\/tags?post=1004"}],"curies":[{"name":"wp","href":"https:\/\/api.w.org\/{rel}","templated":true}]}}