{"id":1002,"date":"2016-03-10T08:57:00","date_gmt":"2016-03-10T07:57:00","guid":{"rendered":"https:\/\/lavoiedessansvoix.fr\/lavoie\/2016\/03\/10\/archive-gare-berger-nous-ne-sommes-pas-des-moutons\/"},"modified":"2026-04-26T21:57:54","modified_gmt":"2026-04-26T19:57:54","slug":"archive-gare-berger-nous-ne-sommes-pas-des-moutons","status":"publish","type":"post","link":"https:\/\/lavoiedessansvoix.fr\/lavoie\/2016\/03\/10\/archive-gare-berger-nous-ne-sommes-pas-des-moutons\/","title":{"rendered":"GARE BERGER !   NOUS NE SOMMES PAS DES MOUTONS"},"content":{"rendered":"<p>GARE BERGER !   NOUS NE SOMMES PAS DES MOUTONS   Quand se manifeste le rejet massif d\u2019un projet de loi r\u00e9trograde, qui vise comme l\u2019a dit un lyc\u00e9en, \u00ab \u00e0 nous ramener \u00e0 l\u2019\u00e9poque de Germinal \u00bb, il y a encore des hommes et des femmes qui se revendiquent du mouvement syndical fran\u00e7ais, pour tenter de scinder le front de la contestation dans l\u2019intention d\u2019assurer la victoire du gouvernement et du MEDEF.  Tel est le r\u00f4le que s\u2019assigne la direction conf\u00e9d\u00e9rale de la CFDT sous l\u2019\u00e9gide de Monsieur Laurent Berger.  Pourtant \u00ab comme dit l\u2019autre, rien de nouveau sous le soleil \u00bb. Il y a belle lurette d\u00e9j\u00e0 que la CFDT joue ce r\u00f4le d\u00e9l\u00e9t\u00e8re dans le syndicalisme Fran\u00e7ais. Apr\u00e8s une petite incursion historique en 1968 et au d\u00e9but des ann\u00e9es 70 dans les plates-bandes de la r\u00e9volte sociale, qui lui acquit une image  de v\u00e9ritable syndicat ouvrier et une r\u00e9putation contestataire, la mettant en mesure de tromper plusieurs g\u00e9n\u00e9rations de syndicalistes. La CFDT qui s\u2019\u00e9tait recouverte alors du vernis de la lutte des classes, en revint rapidement \u00e0 ses fondamentaux \u00e0 la fin des ann\u00e9es soixante et dix et d\u00e9but des ann\u00e9es quatre-vingt.   Se comportant comme l\u2019interface du PS dans le mouvement syndical, sous la direction d\u2019Edmond Maire, elle accompagna avec z\u00e8le l\u2019op\u00e9ration mitt\u00e9randienne, (que nous avons d\u00e9crite dans \u00ab Social-Bonapartisme et classe ouvri\u00e8re \u00bb 1986), qui consista \u00e0 casser l\u2019unit\u00e9 syndicale avant les \u00e9lections l\u00e9gislatives de 1978, afin de faire d\u00e9croitre la mobilisation ouvri\u00e8re post soixante-huitarde dont Mitterrand ne voulait pas \u00eatre prisonnier en cas de victoire \u00e9lectorale en 81.   Puis elle maint\u00eent cette politique de division syndicale tout le temps des ann\u00e9es Mitterrand accompagnant docilement toutes les \u00ab crasses \u00bb anti-ouvri\u00e8res anti salari\u00e9s des gouvernements successifs de Fran\u00e7ois Mitterrand : la d\u00e9sindexation des salaires sur les prix 1983, sous le gouvernement de Pierre Mauroy, la casse de la sid\u00e9rurgie Lorraine, milieu des ann\u00e9es 8O, sous les gouvernements Mauroy puis Fabius, la cr\u00e9ation de la CSG , dont elle se fit m\u00eame la militante acharn\u00e9e, sous le gouvernement de Michel Rocard, qui \u00e9tait le pr\u00e9alable n\u00e9cessaire \u00e0 la fiscalisation du budget de la \u00ab s\u00e9curit\u00e9 Sociale \u00bb.   C\u2019est dans ce temps que s\u2019illustra Jacques Ch\u00e9r\u00e8que, ancien num\u00e9ro deux de la CFDT et p\u00e8re du petit Fran\u00e7ois dont nous ferons la connaissance ult\u00e9rieurement.  La r\u00e9f\u00e9rence \u00e0 la gauche et ses affinit\u00e9s \u00e9troites avec le Parti Socialiste ne furent pour la CFDT qu\u2019une opportunit\u00e9 pour r\u00e9aliser, sous couvert de \u00ab gauche \u00bb, comme caution morale, le tournant historique et la refondation culturelle qui la ramenait \u00e0 \u00ab ses fondamentaux \u00bb ainsi que nous l\u2019avons d\u00e9j\u00e0 \u00e9crit plus haut.  Ce chemin parcouru il n\u2019y avait plus d\u2019opposition \u00e0 ce qu\u2019elle adopte le m\u00eame cours collaborationniste avec d\u2019autres gouvernements quels qu\u2019ils soient.  Ainsi, quand en 1995 Jacques Chirac succ\u00e9da \u00e0 Mitterrand et appela Alain Jupp\u00e9 \u00e0 Matignon, la CFDT ne se d\u00e9partit pas de sa ligne de \u00ab collaboration de classe \u00bb et Nicole Notat \u00e0 son tour pu s\u2019illustrer en appuyant ouvertement \u00ab le plan Jupp\u00e9 \u00bb de r\u00e9forme de la s\u00e9curit\u00e9 Sociale \u00bb.  Toujours dans la m\u00eame lign\u00e9e, Fran\u00e7ois Ch\u00e9r\u00e8que, fils de Jacques, pas ing\u00e9nieur comme ses fr\u00e8res, mais rugbyman \u00e0 ses heures et membre du service d\u2019ordre de Nicole Notat, qui succ\u00e8da \u00e0 celle-ci en 2002 aura l\u2019heur de s\u2019illustrer \u00e0 plusieurs reprises, en particulier par son cassage du front syndical face \u00e0 la r\u00e9forme des retraites de Sarkozy.  Mais qu\u2019est-ce donc que ces fameux fondamentaux de la CFDT dont nous parlons et qui l\u2019am\u00e8nent \u00e0 observer cette conduite de trahisons r\u00e9currente ?   C\u2019est le syndicalisme chr\u00e9tien dont elle est issue (scission avec la CFTC de 1964). Et qu\u2019elle est la marque de celui-ci ? C\u2019est l\u2019opposition de la culture de \u00ab la fraternit\u00e9 chr\u00e9tienne \u00bb \u00e0 la culture de \u00ab la lutte des classes \u00bb qui fonde, elle,  le mouvement syndical issu des luttes des r\u00e9volutions et de la culture socialiste marxiste ou proudhonienne.  \u00ab La lutte des classes c\u2019est aujourd\u2019hui encore \u00bb, ai-je lu \u00e0 Tours sur la pancarte qu\u2019arborait un manifestant. Eh oui, la mani\u00e8re dont se disposent les forces politiques \u00e0 propos de la loi Khomri en est une illustration on ne peut plus \u00e9vidente. Alors que FO, CGT, SUD, UNEF, Gauche Socialiste, PCF, Front de Gauche, NPA, Lutte Ouvri\u00e8re, les salari\u00e9s, la jeunesse salari\u00e9s de demain, se dressent contre le projet, les organisations patronales et les partis de droite appuient ouvertement le gouvernement. O\u00f9 donc est la ligne de partage ? C\u2019est celle des int\u00e9r\u00eats bien compris des deux grands \u00ab groupes sociaux \u00bb. La g\u00e9n\u00e9ralisation de la pr\u00e9carit\u00e9 ouvri\u00e8re garantit l\u2019accroissement de la pression sur le niveau des salaires, et la r\u00e9cession de ceux-ci assure l\u2019accroissement de \u00ab la rentabilit\u00e9 des entreprises \u00bb comme dirait Fran\u00e7ois Hollande, c\u2019est-\u00e0-dire pour parler clair et net, l\u2019accroissement sur le dos des salari\u00e9s des b\u00e9n\u00e9fices des entreprises, des dividendes des actionnaires, en peu de mots \u00ab du profit capitaliste \u00bb. C\u2019est cette opposition irr\u00e9ductible entre les int\u00e9r\u00eats du capital et du travail qui fonde la lutte des classes. Et celle-ci m\u00eame ni\u00e9e par certain, revient comme le naturel au galop dans la r\u00e9alit\u00e9 des rapports sociaux.  Or le \u00ab cr\u00e9do \u00bb du syndicalisme chr\u00e9tien c\u2019est la n\u00e9gation de la lutte des classes au pr\u00e9texte que les hommes sont tous des fr\u00e8res et que le patron est en quelque sorte \u00ab le grand fr\u00e8re \u00bb de ses employ\u00e9s. On comprend ais\u00e9ment comment ce terreau culturel est propice \u00e0 toutes les trahisons des int\u00e9r\u00eats ouvriers et salari\u00e9s.  Nous n\u2019avons rien contre la fraternit\u00e9 humaine et contre la culture chr\u00e9tienne dont elle est un fondement. Notre culture \u00e0 nous, socialiste-marxiste \u00e0 laquelle nous nous r\u00e9f\u00e9rons est, nous en sommes convaincus,  un vecteur historique bien plus s\u00fbr et d\u00e9termin\u00e9 de la fraternit\u00e9 humaine v\u00e9ritable que \u00ab l\u2019eucharistie \u00bb ou la \u00ab Sainte trinit\u00e9 \u00bb. Car la fraternit\u00e9 humaine v\u00e9ritable ne peut exister sans la justice sociale pour laquelle nous luttons.  Nous n\u2019avons rien non plus contre la grande majorit\u00e9 des militants et adh\u00e9rents de la CFDT qui ne sont pas responsables des compromissions de la direction conf\u00e9d\u00e9rale. Nous savons comment cela fonctionne. On adh\u00e8re \u00e0 un syndicat comme \u00e0 un groupe humain, une famille, dans laquelle on a des liens multiples et des amiti\u00e9s. Et l\u2019on s\u2019obstine \u00e0 d\u00e9fendre le groupe parce que c\u2019est la famille, m\u00eame quand elle se conduit mal.  Avec \u00ab la loi travail \u00bb, port\u00e9e par Madame El-Khomri, voil\u00e0 venu le temps pour Laurent Berger, actuel secr\u00e9taire de la CFDT, de trahir ses fr\u00e8res salari\u00e9s et ses propres mandants, dans le strict respect de la tradition conf\u00e9d\u00e9rale de la CFDT.  Jacques Ch\u00e9r\u00e8que nomm\u00e9 pr\u00e9fet \u00ab de rien \u00bb, Nicole Notat devenue par la volont\u00e9 des pouvoirs publics pr\u00e9sidente de Vig\u00e9o, Fran\u00e7ois Ch\u00e9r\u00e8que nomm\u00e9 inspecteur g\u00e9n\u00e9ral des affaires sociales \u00e0 plus de 10 000 euros mensuel, Ils ont tous \u00e9t\u00e9 r\u00e9compens\u00e9s de leurs bons et loyaux services \u00e0 la cause des patrons et des gouvernements de \u00ab gauche ou de droite \u00bb, et pour leur trahison des int\u00e9r\u00eats des salari\u00e9s qu\u2019ils sont cens\u00e9s repr\u00e9senter. L\u2019actuel secr\u00e9taire de la CFDT, \u00e7a ne souffre pas le moindre doute,  sera ult\u00e9rieurement r\u00e9compens\u00e9 lui aussi, pour ses bons et loyaux services et la trahison de nos int\u00e9r\u00eats.   Mais que Berger y prenne garde, nous ne sommes pas des moutons. En novembre 1995, nous avons expuls\u00e9 Nicole Notat de la manifestation g\u00e9ante de la place de la R\u00e9publique, contre le plan Jupp\u00e9. En 2016, pourquoi la jeunesse insurg\u00e9e contre la loi khomri et le gouvernement, n\u2019en ferait-elle pas autant ou m\u00eame mieux ? Pourquoi n\u2019expulserait-elle pas d\u00e9finitivement, des rangs du syndicalisme, les traitres et autres chiens de bergers.  Patrick Seignon. \u00ab lavoiedessansvoix.fr \u00bb Jeudi 10 mars 2016.<\/p>\n","protected":false},"excerpt":{"rendered":"<p>GARE BERGER ! NOUS NE SOMMES PAS DES MOUTONS Quand se manifeste le rejet massif d\u2019un projet de loi r\u00e9trograde, [&hellip;]<\/p>\n","protected":false},"author":1,"featured_media":4625,"comment_status":"open","ping_status":"open","sticky":false,"template":"","format":"standard","meta":{"sfsi_plus_gutenberg_text_before_share":"","sfsi_plus_gutenberg_show_text_before_share":"","sfsi_plus_gutenberg_icon_type":"","sfsi_plus_gutenberg_icon_alignemt":"","sfsi_plus_gutenburg_max_per_row":"","site-sidebar-layout":"default","site-content-layout":"","ast-site-content-layout":"default","site-content-style":"default","site-sidebar-style":"default","ast-global-header-display":"","ast-banner-title-visibility":"","ast-main-header-display":"","ast-hfb-above-header-display":"","ast-hfb-below-header-display":"","ast-hfb-mobile-header-display":"","site-post-title":"","ast-breadcrumbs-content":"","ast-featured-img":"","footer-sml-layout":"","ast-disable-related-posts":"","theme-transparent-header-meta":"","adv-header-id-meta":"","stick-header-meta":"","header-above-stick-meta":"","header-main-stick-meta":"","header-below-stick-meta":"","astra-migrate-meta-layouts":"default","ast-page-background-enabled":"default","ast-page-background-meta":{"desktop":{"background-color":"var(--ast-global-color-4)","background-image":"","background-repeat":"repeat","background-position":"center center","background-size":"auto","background-attachment":"scroll","background-type":"","background-media":"","overlay-type":"","overlay-color":"","overlay-opacity":"","overlay-gradient":""},"tablet":{"background-color":"","background-image":"","background-repeat":"repeat","background-position":"center center","background-size":"auto","background-attachment":"scroll","background-type":"","background-media":"","overlay-type":"","overlay-color":"","overlay-opacity":"","overlay-gradient":""},"mobile":{"background-color":"","background-image":"","background-repeat":"repeat","background-position":"center center","background-size":"auto","background-attachment":"scroll","background-type":"","background-media":"","overlay-type":"","overlay-color":"","overlay-opacity":"","overlay-gradient":""}},"ast-content-background-meta":{"desktop":{"background-color":"var(--ast-global-color-5)","background-image":"","background-repeat":"repeat","background-position":"center center","background-size":"auto","background-attachment":"scroll","background-type":"","background-media":"","overlay-type":"","overlay-color":"","overlay-opacity":"","overlay-gradient":""},"tablet":{"background-color":"var(--ast-global-color-5)","background-image":"","background-repeat":"repeat","background-position":"center center","background-size":"auto","background-attachment":"scroll","background-type":"","background-media":"","overlay-type":"","overlay-color":"","overlay-opacity":"","overlay-gradient":""},"mobile":{"background-color":"var(--ast-global-color-5)","background-image":"","background-repeat":"repeat","background-position":"center center","background-size":"auto","background-attachment":"scroll","background-type":"","background-media":"","overlay-type":"","overlay-color":"","overlay-opacity":"","overlay-gradient":""}},"footnotes":""},"categories":[16],"tags":[],"class_list":["post-1002","post","type-post","status-publish","format-standard","has-post-thumbnail","hentry","category-archives-cms"],"_links":{"self":[{"href":"https:\/\/lavoiedessansvoix.fr\/lavoie\/wp-json\/wp\/v2\/posts\/1002","targetHints":{"allow":["GET"]}}],"collection":[{"href":"https:\/\/lavoiedessansvoix.fr\/lavoie\/wp-json\/wp\/v2\/posts"}],"about":[{"href":"https:\/\/lavoiedessansvoix.fr\/lavoie\/wp-json\/wp\/v2\/types\/post"}],"author":[{"embeddable":true,"href":"https:\/\/lavoiedessansvoix.fr\/lavoie\/wp-json\/wp\/v2\/users\/1"}],"replies":[{"embeddable":true,"href":"https:\/\/lavoiedessansvoix.fr\/lavoie\/wp-json\/wp\/v2\/comments?post=1002"}],"version-history":[{"count":1,"href":"https:\/\/lavoiedessansvoix.fr\/lavoie\/wp-json\/wp\/v2\/posts\/1002\/revisions"}],"predecessor-version":[{"id":4626,"href":"https:\/\/lavoiedessansvoix.fr\/lavoie\/wp-json\/wp\/v2\/posts\/1002\/revisions\/4626"}],"wp:featuredmedia":[{"embeddable":true,"href":"https:\/\/lavoiedessansvoix.fr\/lavoie\/wp-json\/wp\/v2\/media\/4625"}],"wp:attachment":[{"href":"https:\/\/lavoiedessansvoix.fr\/lavoie\/wp-json\/wp\/v2\/media?parent=1002"}],"wp:term":[{"taxonomy":"category","embeddable":true,"href":"https:\/\/lavoiedessansvoix.fr\/lavoie\/wp-json\/wp\/v2\/categories?post=1002"},{"taxonomy":"post_tag","embeddable":true,"href":"https:\/\/lavoiedessansvoix.fr\/lavoie\/wp-json\/wp\/v2\/tags?post=1002"}],"curies":[{"name":"wp","href":"https:\/\/api.w.org\/{rel}","templated":true}]}}