{"id":1001,"date":"2016-03-15T10:25:00","date_gmt":"2016-03-15T09:25:00","guid":{"rendered":"https:\/\/lavoiedessansvoix.fr\/lavoie\/2016\/03\/15\/archive-loi-travail-la-mauvaise-feinte-de-manuel-valls\/"},"modified":"2026-04-26T21:57:45","modified_gmt":"2026-04-26T19:57:45","slug":"archive-loi-travail-la-mauvaise-feinte-de-manuel-valls","status":"publish","type":"post","link":"https:\/\/lavoiedessansvoix.fr\/lavoie\/2016\/03\/15\/archive-loi-travail-la-mauvaise-feinte-de-manuel-valls\/","title":{"rendered":"LOI TRAVAIL :  LA MAUVAISE FEINTE DE MANUEL VALLS"},"content":{"rendered":"<p>LOI TRAVAIL :LA MAUVAISE FEINTE DE MANUEL VALLS   Voil\u00e0 donc Madame El-Khomri d\u00e9finitivement r\u00e9duite au r\u00f4le de \u00ab potiche \u00bb, ou de \u00ab faire valoir \u00bb comme l\u2019on veut. Valls est \u00e0 la man\u0153uvre, et il man\u0153uvre en effet. Recul ? R\u00e9\u00e9criture, D\u00e9tricotage ? Dialogue ?  \u00ab Nouveaux d\u00e9part \u00bb ? Ou feinte ? C\u2019est selon les sensibilit\u00e9s ou arri\u00e8res pens\u00e9es de chacune des parties concern\u00e9es.  Dans cette affaire, le Premier-ministre, poursuit deux objectifs : 1) Donner \u00e0 croire \u00e0 l\u2019opinion qu\u2019il a vraiment recul\u00e9, qu\u2019il a fait de v\u00e9ritables et importantes concessions.2)  scinder le front syndical. Avec comme finalit\u00e9 de faire douter et faiblir la contestation.   RECUL EN TROMPE L\u2019\u0152IL  Afin de faire bouger les lignes Valls nous sert donc quelques amendements au projet initial.  Le gouvernement \u00ab d\u00e9tricote sa loi \u00bb \u00e9crivent \u00ab Les Echos \u00bb, \u00ab La loi travail vient d\u2019\u00eatre r\u00e9\u00e9crite \u00bb claironne \u00ab Le Figaro \u00bb   Or rien de tout cela n\u2019est v\u00e9ritable. La loitravail reste \u00e9gale \u00e0 elle-m\u00eame, tout aussi nocive et inacceptable pour les salari\u00e9s. M\u00eame les passages r\u00e9\u00e9crits, n\u2019apportent aucune am\u00e9lioration au texte initial, car il s\u2019agit d\u2019une r\u00e9\u00e9criture en trompe l\u2019\u0153il.  \u00ab Mesure symbolique de ce projet de loi, le plafonnement des indemnit\u00e9s prud&rsquo;homales a \u00e9t\u00e9 abandonn\u00e9. En r\u00e9alit\u00e9, le bar\u00e8me des indemnit\u00e9s prud&rsquo;homales sera seulement \u00ab\u00a0indicatif\u00a0\u00bb, \u00bb En r\u00e9alit\u00e9 est-il bien \u00e9crit dans \u00abLe Figaro \u00bb. Car en v\u00e9rit\u00e9 la mesure n\u2019a pas \u00e9t\u00e9 abandonn\u00e9e du tout, elle a simplement chang\u00e9e de statuts. De \u00ab Bar\u00e8me par nature imp\u00e9ratif \u00bb elle est devenue \u00ab bar\u00e8me indicatif \u00bb. Mais croyez-vous s\u00e9rieusement que celui-ci sera pour autant moins effectif ? Que feront les conseillers prud\u2019homaux quand ils en viendront \u00e0 la question des indemnit\u00e9s sinon de s\u2019en remettre \u00ab au bar\u00e8me \u00bb indicatif ou pas ? En \u00ab r\u00e9alit\u00e9 \u00bb il s\u2019imposera tout autant comme l\u2019esprit de la loi.  \u00ab\u00a0Le projet de loi maintient la place centrale donn\u00e9e \u00e0 la n\u00e9gociation collective, en particulier en mati\u00e8re d&rsquo;organisation du travail, mais en renfor\u00e7ant le r\u00f4le des branches en tant qu&rsquo;organes de r\u00e9gulation\u00a0\u00bb. Mais la n\u00e9gociation au niveau de l\u2019entreprise autorise \u00e0 s\u2019abstraire de la loi. Qu\u2019est-ce une pr\u00e9tendue loi dont on peut s\u2019\u00e9manciper ? Un d\u00e9cor ? Une tromperie ? Tout, mais en tout cas pas une loi. \u00ab Pour les tr\u00e8s petites entreprises et les PME, la possibilit\u00e9 de n\u00e9gocier avec un salari\u00e9 mandat\u00e9 par un syndicat sera \u00e9largie. \u00bb (le Home figaro.fr) Quand on connait le monde de l\u2019entreprise, il ne fait aucun doute que cette disposition revient \u00e0 livrer les salari\u00e9s des petites entreprises au bon vouloir des patrons. Imaginez le brave type d\u00e9sign\u00e9 qui ira se coltiner seul \u00e0 la dictature \u00ab du boss \u00bb, n\u2019aurait-il pas int\u00e9r\u00eat \u00e0 \u00ab filer doux \u00bb ? Imaginez le m\u00eame qui sera mandat\u00e9 au demeurant par un syndicat de collabos tel que celui de monsieur Berger. Et cet individu seul, au pouvoir de son patron, encadr\u00e9 par des traitres ira n\u00e9gocier les conditions de travail et de salaire de ses semblables ?  \u00ab En mati\u00e8re de licenciements \u00e9conomiques, le gouvernement maintient l&rsquo;\u00e9valuation des motifs au niveau national mais pr\u00e9voit des garde-fous pour \u00e9viter les abus. \u00bb \u2026 \u00ab  Mais il doit y avoir des garanties : les grands groupes ne pourront pas provoquer artificiellement des difficult\u00e9s \u00e9conomiques sur leur site fran\u00e7ais pour justifier un licenciement sans \u00eatre sanctionn\u00e9s\u00a0\u00bb, \u00bb Dispositif creux et sans la moindre cons\u00e9quence. Qui l\u00e8vera le li\u00e8vre ?  Qui contr\u00f4lera en amont la strat\u00e9gie de l\u2019entreprise seul moyen de donner du sens \u00e0 cette disposition ?    DE LA SOUPE POUR MANUEL VALLS  Dans l\u2019intention de faire bouger les lignes Valls nous sert quelques amendements au projet initial.  Recul ? R\u00e9\u00e9criture ? D\u00e9tricotage ? Dialogue ?  \u00ab Nouveaux d\u00e9part \u00bb ?\u2026 Ou feinte ? C\u2019est selon les sensibilit\u00e9s ou desseins de chacune des parties, avons-nous dit. Une des parties int\u00e9ress\u00e9es ce sont d\u2019abord les journaux et grands m\u00e9dias en service command\u00e9. Et comme de bien entendu pour ceux-l\u00e0 il s\u2019agit \u00ab de recul, d\u2019abandon, de r\u00e9\u00e9criture, voire m\u00eame de d\u00e9tricotage.  Valls veut donner \u00e0 croire qu\u2019il a vraiment recul\u00e9, qu\u2019il a fait de v\u00e9ritables et importantes concessions. C\u2019est une condition qui lui est indispensable pour reprendre langue avec l\u2019opinion. Alors bien entendu, tous les grands m\u00e9dias, propri\u00e9t\u00e9s des patrons, lui servent la soupe, font semblant de le prendre au s\u00e9rieux, de croire a un r\u00e9el recul du gouvernement. Tous entonnent le m\u00eame refrain, Le gouvernement \u00ab d\u00e9tricote sa loi \u00bb \u00e9crivent \u00ab Les Echos \u00bb, \u00ab La loi travail vient d\u2019\u00eatre r\u00e9\u00e9crite \u00bb claironne \u00ab Le Figaro \u00bb et Pierre Gattaz, pr\u00e9sident du MEDEF, est m\u00e9content bien entendu.  ET DU FOIN POUR LAURENT BERGER  Afin de faire bouger les lignes Valls nous a servi quelques amendements au projet initial.  Recul ? R\u00e9\u00e9criture, D\u00e9tricotage ? Dialogue ?  \u00ab Nouveaux d\u00e9part \u00bb ? Ou feinte ? C\u2019est selon les sensibilit\u00e9s ou desseins de chacune des parties, avons-nous dit. Une autre des parties int\u00e9ress\u00e9es ce sont les syndicats dit \u00ab r\u00e9formistes \u00bb (en v\u00e9rit\u00e9 contre-r\u00e9formistes \u00bb). Et comme de bien entendu pour ceux-l\u00e0 il s\u2019agit aussi \u00ab de recul de r\u00e9\u00e9criture, et m\u00eame de \u00ab nouveau d\u00e9part \u00bb.   Eux aussi, en effet, ont int\u00e9r\u00eat \u00e0 servir la soupe au gouvernement pour s\u2019auto-justifier. Le gouvernement n\u2019a-t-il pas \u00ab recul\u00e9 \u00bb gr\u00e2ce \u00e0 eux ? Les autres \u00ab braillent \u00bb pour le retrait qu\u2019ils n\u2019obtiendront pas, mais la CFDT elle est \u00ab efficace \u00bb, elle a fait des pri\u00e8res et \u00ab Dieu le maitre \u00bb les a entendu et a \u00ab r\u00e9\u00e9crit \u00bb son projet selon les dol\u00e9ances de la CFDT.  C\u2019est une victoire de la CFDT a comment\u00e9 hier soir  David Pujadas. Mais qu\u2019elle victoire ? Qu\u2019elle victoire peuvent-ils jamais obtenir ceux qui ne livrent aucun combat ? La part de la CFDT dans cette affaire ne rel\u00e8ve pas des pratiques ni du vocabulaire de \u00ab la lutte \u00bb mais de ceux de la collusion et du \u00ab deal \u00bb ! La CFDT n\u2019est pas dans le rapport de forces, elle est dans un jeu de r\u00f4le. Berger a seulement fait l\u2019\u00e2ne pour avoir du foin et Valls lui en a servi juste ce qu\u2019il en faut pour qu\u2019il cesse de braire.  La CFDT, selon David Pulas, aurait obtenu des concessions sur les points qui font blocages ? Mais blocage de qui de quoi ? Si l\u2019on prend la contestation : les signataires de la p\u00e9tition, la CGT, La CFDT, Le CAL et L\u2019UNEL, etc. il n\u2019y a pas de points de blocage, il y a un projet dont ils ne veulent pas, dont ils exigent l\u2019annulation. Blocage donc pour les syndicats dits r\u00e9formistes ? Mais comment pourrait-il s\u2019agir de blocages pour des gens qui sont les serviteurs z\u00e9l\u00e9s du pouvoir politique et la cinqui\u00e8me colonne du MEDEF dans le mouvement syndical et qui ne demande qu\u2019\u00e0 se coucher ?Mais il y a nous, une autre partie int\u00e9ress\u00e9 par les man\u0153uvres de Valls, et nous ne sommes pas dupes.  Non, l\u2019op\u00e9ration mise en sc\u00e8ne, autour, envers et avec la complicit\u00e9  la CFDT n\u2019a rien d\u2019un recul devant la contestation qui monte, ni ne suppose la moindre reconnaissance par le gouvernement \u00ab que son projet de loi ne passe pas \u00bb, comme l\u2019\u00e9crit ce jour notre camarade Caroline de Haas. Certes, \u00ab c\u2019est gr\u00e2ce \u00e0 nous \u00bb que les choses ont boug\u00e9 et que Manuel Valls a d\u00fb s\u2019emparer lui-m\u00eame de la gestion du dossier. C\u2019est la cons\u00e9quence de notre engagement s\u2019il doit se livrer \u00e0 de telles man\u0153uvres dilatoires. Mais celles-ci pour l\u2019instant ne signalent aucun doute de la part du gouvernement, il ne s\u2019agit pas encore de \u00ab recul \u00bb, il s\u2019agit de \u00ab dribble \u00bb ou de \u00ab feinte \u00bb : de son rangement en \u00ab ordre de combat.  Nous l\u2019avons oblig\u00e9 \u00e0 bouger, alors oui nous sommes en mesure de le faire capituler. Mais, pour en venir \u00e0 bout, pour le contraindre \u00e0 retirer son projet, on ne fera pas l\u2019\u00e9conomie d\u2019une v\u00e9ritable bataille sociale, d\u2019un r\u00e9el \u00ab bras de fer \u00bb.  Patrick Seignon. \u00ab lavoiedessansvoix.fr \u00bb. Mardi 15 mars 2016.<\/p>\n","protected":false},"excerpt":{"rendered":"<p>LOI TRAVAIL :LA MAUVAISE FEINTE DE MANUEL VALLS Voil\u00e0 donc Madame El-Khomri d\u00e9finitivement r\u00e9duite au r\u00f4le de \u00ab potiche \u00bb, [&hellip;]<\/p>\n","protected":false},"author":1,"featured_media":4623,"comment_status":"open","ping_status":"open","sticky":false,"template":"","format":"standard","meta":{"sfsi_plus_gutenberg_text_before_share":"","sfsi_plus_gutenberg_show_text_before_share":"","sfsi_plus_gutenberg_icon_type":"","sfsi_plus_gutenberg_icon_alignemt":"","sfsi_plus_gutenburg_max_per_row":"","site-sidebar-layout":"default","site-content-layout":"","ast-site-content-layout":"default","site-content-style":"default","site-sidebar-style":"default","ast-global-header-display":"","ast-banner-title-visibility":"","ast-main-header-display":"","ast-hfb-above-header-display":"","ast-hfb-below-header-display":"","ast-hfb-mobile-header-display":"","site-post-title":"","ast-breadcrumbs-content":"","ast-featured-img":"","footer-sml-layout":"","ast-disable-related-posts":"","theme-transparent-header-meta":"","adv-header-id-meta":"","stick-header-meta":"","header-above-stick-meta":"","header-main-stick-meta":"","header-below-stick-meta":"","astra-migrate-meta-layouts":"default","ast-page-background-enabled":"default","ast-page-background-meta":{"desktop":{"background-color":"var(--ast-global-color-4)","background-image":"","background-repeat":"repeat","background-position":"center center","background-size":"auto","background-attachment":"scroll","background-type":"","background-media":"","overlay-type":"","overlay-color":"","overlay-opacity":"","overlay-gradient":""},"tablet":{"background-color":"","background-image":"","background-repeat":"repeat","background-position":"center center","background-size":"auto","background-attachment":"scroll","background-type":"","background-media":"","overlay-type":"","overlay-color":"","overlay-opacity":"","overlay-gradient":""},"mobile":{"background-color":"","background-image":"","background-repeat":"repeat","background-position":"center center","background-size":"auto","background-attachment":"scroll","background-type":"","background-media":"","overlay-type":"","overlay-color":"","overlay-opacity":"","overlay-gradient":""}},"ast-content-background-meta":{"desktop":{"background-color":"var(--ast-global-color-5)","background-image":"","background-repeat":"repeat","background-position":"center center","background-size":"auto","background-attachment":"scroll","background-type":"","background-media":"","overlay-type":"","overlay-color":"","overlay-opacity":"","overlay-gradient":""},"tablet":{"background-color":"var(--ast-global-color-5)","background-image":"","background-repeat":"repeat","background-position":"center center","background-size":"auto","background-attachment":"scroll","background-type":"","background-media":"","overlay-type":"","overlay-color":"","overlay-opacity":"","overlay-gradient":""},"mobile":{"background-color":"var(--ast-global-color-5)","background-image":"","background-repeat":"repeat","background-position":"center center","background-size":"auto","background-attachment":"scroll","background-type":"","background-media":"","overlay-type":"","overlay-color":"","overlay-opacity":"","overlay-gradient":""}},"footnotes":""},"categories":[16],"tags":[],"class_list":["post-1001","post","type-post","status-publish","format-standard","has-post-thumbnail","hentry","category-archives-cms"],"_links":{"self":[{"href":"https:\/\/lavoiedessansvoix.fr\/lavoie\/wp-json\/wp\/v2\/posts\/1001","targetHints":{"allow":["GET"]}}],"collection":[{"href":"https:\/\/lavoiedessansvoix.fr\/lavoie\/wp-json\/wp\/v2\/posts"}],"about":[{"href":"https:\/\/lavoiedessansvoix.fr\/lavoie\/wp-json\/wp\/v2\/types\/post"}],"author":[{"embeddable":true,"href":"https:\/\/lavoiedessansvoix.fr\/lavoie\/wp-json\/wp\/v2\/users\/1"}],"replies":[{"embeddable":true,"href":"https:\/\/lavoiedessansvoix.fr\/lavoie\/wp-json\/wp\/v2\/comments?post=1001"}],"version-history":[{"count":1,"href":"https:\/\/lavoiedessansvoix.fr\/lavoie\/wp-json\/wp\/v2\/posts\/1001\/revisions"}],"predecessor-version":[{"id":4624,"href":"https:\/\/lavoiedessansvoix.fr\/lavoie\/wp-json\/wp\/v2\/posts\/1001\/revisions\/4624"}],"wp:featuredmedia":[{"embeddable":true,"href":"https:\/\/lavoiedessansvoix.fr\/lavoie\/wp-json\/wp\/v2\/media\/4623"}],"wp:attachment":[{"href":"https:\/\/lavoiedessansvoix.fr\/lavoie\/wp-json\/wp\/v2\/media?parent=1001"}],"wp:term":[{"taxonomy":"category","embeddable":true,"href":"https:\/\/lavoiedessansvoix.fr\/lavoie\/wp-json\/wp\/v2\/categories?post=1001"},{"taxonomy":"post_tag","embeddable":true,"href":"https:\/\/lavoiedessansvoix.fr\/lavoie\/wp-json\/wp\/v2\/tags?post=1001"}],"curies":[{"name":"wp","href":"https:\/\/api.w.org\/{rel}","templated":true}]}}